{"id":23034,"date":"2025-04-13T20:41:14","date_gmt":"2025-04-13T20:41:14","guid":{"rendered":"https:\/\/www.europesays.com\/fr\/23034\/"},"modified":"2025-04-13T20:41:14","modified_gmt":"2025-04-13T20:41:14","slug":"manon-tanti-the-power-donne-le-nom-de-la-personne-quelle-aime-le-moins-dans-le-jeu","status":"publish","type":"post","link":"https:\/\/www.europesays.com\/fr\/23034\/","title":{"rendered":"Manon Tanti (The Power) donne le nom de la personne qu\u2019elle aime le moins dans le jeu"},"content":{"rendered":"<p class=\"articleContent-meta\">\n        Hier \u00e0 21:00 &#8211; par             Sorelle Spet<\/p>\n<p>                    Tweeter<\/p>\n<p>                    Partager sur Facebook<\/p>\n<p>                        <img decoding=\"async\" src=\"https:\/\/www.europesays.com\/fr\/wp-content\/uploads\/2025\/04\/1744576874_499_the-power-w9-les-premieres-images-devoilees.jpg\" alt=\"Player Video\" class=\"player-applyRatio poster exclude-seedtag\"\/><\/p>\n<p>Vendredi 11 avril, \u00e0 l\u2019occasion du foire aux questions lanc\u00e9e sur Instagram, Manon Tanti est revenue sur son aventure dans The Power, en prenant soin d\u2019\u00e9num\u00e9rer les bons et les mauvais souvenirs qu\u2019elle garde de ce tournage.<\/p>\n<p>En acceptant de participer \u00e0 <a href=\"https:\/\/www.programme.tv\/news\/tele-realite\/240112-the-power-decouvrez-le-casting-complet-de-la-saison-2\/\" rel=\"nofollow noopener\" target=\"_blank\">la deuxi\u00e8me saison de The Power<\/a>, Manon Tanti a boulevers\u00e9 ses habitudes puisqu\u2019elle s\u2019est retrouv\u00e9e sans son mari, Julien. Mais en se fiant aux <a href=\"https:\/\/www.programme.tv\/news\/tele-realite\/240730-the-power-le-premier-episode-de-la-saison-2-deja-disponible-sur-m6\/\" rel=\"nofollow noopener\" target=\"_blank\">premi\u00e8res diffusions de l\u2019\u00e9mission<\/a>, la m\u00e8re de famille a rapidement trouv\u00e9 de nouveaux rep\u00e8res, notamment en la personne de M\u00e9lanie Dedigama. D\u2019ailleurs, \u00e0 l\u2019occasion d\u2019une foire aux questions lanc\u00e9e sur son compte Instagram, l\u2019\u00e9pouse du \u00ab\u00a0roi des probl\u00e8mes\u00a0\u00bb est revenue sur <a href=\"https:\/\/www.programme.tv\/news\/tele-realite\/238733-ca-me-fait-beaucoup-de-mal-psychologiquement-melanie-dedigama-les-cinquante-en-vacances-avec-manon-tanti-elle-partage-son-desarroi\/\" rel=\"nofollow noopener\" target=\"_blank\">son amiti\u00e9 avec la jeune maman<\/a>. \u00ab\u00a0Ma meilleure rencontre est sans aucun doute M\u00e9lanie\u00a0! M\u00eame si je me suis attach\u00e9e \u00e0 d\u2019autres personnes, Mel a \u00e9t\u00e9 une vraie r\u00e9v\u00e9lation pour moi. On se connaissait d\u00e9j\u00e0 d\u2019avant puisqu\u2019on avait fait Les Cinquante ensemble et on s\u2019\u00e9tait crois\u00e9 en soir\u00e9e \u00e0 Duba\u00ef\u2026 Mais mon coup de foudre amical s\u2019est fait durant le tournage de The Power\u00a0\u00bb, a-t-elle d\u00e9clar\u00e9. Mais apr\u00e8s avoir couvert de louanges son amie, Manon Tanti s\u2019est attard\u00e9e sur un sujet bien plus d\u00e9licat\u00a0: les tensions qui ont mis fin \u00e0 son amiti\u00e9 avec Jessy Errero.<\/p>\n<p>                                    Manon Tanti (The Power) explique pourquoi elle ne fait plus confiance \u00e0 Jessy Errero<\/p>\n<p>S\u2019il y a bien une chose que les fans de t\u00e9l\u00e9-r\u00e9alit\u00e9 savent au sujet de Manon Tanti, c\u2019est que la candidate a la rancune tenace\u00a0! D\u2019ailleurs, l\u2019\u00e9pouse de Julien l\u2019a encore prouv\u00e9 dans les premiers \u00e9pisodes de The Power, en remettant ses diff\u00e9rends avec Jessy Errero sur le tapis. En effet, il semblerait que la m\u00e8re de famille n\u2019ait toujours pas dig\u00e9r\u00e9 <a href=\"https:\/\/www.programme.tv\/news\/tele-realite\/228101-je-naurais-plus-jamais-confiance-en-elle-manon-tanti-les-cinquante-cash-sur-sa-relation-avec-jessy-errero-apres-sa-trahison-dans-le-jeu\/\" rel=\"nofollow noopener\" target=\"_blank\">l\u2019attitude de la jeune Marseillaise<\/a> durant le tournage de la deuxi\u00e8me saison des Cinquante\u2026 Il y a deux ans de cela. Dans sa story du 11 avril, Manon est revenue sur le sujet, en d\u00e9clarant\u00a0: \u00ab\u00a0<b>Sans h\u00e9sitation, Jessy est la personne avec laquelle je me suis le moins entendue. Je lui ai d\u2019ailleurs dit d\u00e8s notre arriv\u00e9e.<\/b>\u00a0\u00bb Avant de s\u2019expliquer\u00a0: \u00ab\u00a0<b>Je n\u2019ai aucune confiance en elle depuis <\/b><b>Les Cinquante<\/b><b>. Nous avons deux mani\u00e8res de jouer qui sont compl\u00e8tement diff\u00e9rentes et c\u2019est pour cela que nous sommes dans des alliances diff\u00e9rentes.<\/b>\u00a0\u00bb Mais puisque l\u2019espoir fait vivre, les deux candidates se sont peut-\u00eatre r\u00e9concili\u00e9es au cours de cette nouvelle aventure\u00a0!<\/p>\n<p>                Manon Tanti (The Power) soulag\u00e9e d\u2019avoir particip\u00e9 \u00e0 l\u2019aventure sans son mari\u00a0? Elle s\u2019explique<\/p>\n<p>En revenant sur les coulisses de son aventure dans The Power, Manon a \u00e9videmment \u00e9voqu\u00e9 l\u2019absence de son mari. \u00ab\u00a0Au d\u00e9but, j\u2019appr\u00e9hendais un peu car je n\u2019ai pas l\u2019habitude de faire des tournages sans lui. En dix ans, je n\u2019ai jamais fait une \u00e9mission sans lui \u00e0 mes c\u00f4t\u00e9s\u00a0\u00bb, a-t-elle rappel\u00e9. Avant d\u2019avouer que cette situation in\u00e9dite a tout de m\u00eame eu des avantages\u00a0: \u00ab\u00a0<b>Finalement, c\u2019\u00e9tait beaucoup moins de pression pour moi d\u2019\u00eatre sans lui. Quand on est ensemble dans une aventure de strat\u00e9gie, je m\u2019inqui\u00e8te pour ma place, mais aussi pour la sienne.<\/b>\u00a0\u00bb Et \u00e7a, les t\u00e9l\u00e9spectateurs des Cinquante saison 2 s\u2019en souviennent\u2026 Mais ce n\u2019est pas le seul avantage qui s\u2019est pr\u00e9sent\u00e9 \u00e0 Manon\u00a0! \u00ab\u00a0Comme vous avez pu le voir dans Les Cinquante, on n\u2019est jamais d\u2019accord sur les strat\u00e9gies \u00e0 adopter et sur les personnes dont on doit se m\u00e9fier\u00a0\u00bb, a-t-elle ajout\u00e9. Dans The Power, Manon s\u2019est donc fait une joie de ne pouvoir compter que sur elle\u00a0!<\/p>\n<p>Article \u00e9crit avec la collaboration de 6Medias.<\/p>\n<p>Rejoignez-nous sur Google News !<\/p>\n<p class=\"articleContent-pushTagline\">Abonnez-vous \u00e0 <a href=\"https:\/\/news.google.com\/publications\/CAAiEJwr-IZFXDFoZD1ePbkC_VcqFAgKIhCcK_iGRVwxaGQ9Xj25Av1X\" rel=\"nofollow noopener\" target=\"_blank\">T\u00e9l\u00e9 2 semaines sur Google News<\/a> pour ne manquer aucune info !<\/p>\n","protected":false},"excerpt":{"rendered":"Hier \u00e0 21:00 &#8211; par Sorelle Spet Tweeter Partager sur Facebook Vendredi 11 avril, \u00e0 l\u2019occasion du foire&hellip;\n","protected":false},"author":2,"featured_media":23035,"comment_status":"","ping_status":"","sticky":false,"template":"","format":"standard","meta":{"footnotes":""},"categories":[1359],"tags":[58,59,1011,27,6855,973,6853,3604],"class_list":{"0":"post-23034","1":"post","2":"type-post","3":"status-publish","4":"format-standard","5":"has-post-thumbnail","7":"category-people","8":"tag-divertissement","9":"tag-entertainment","10":"tag-fr","11":"tag-france","12":"tag-manon-tanti","13":"tag-people","14":"tag-the-power","15":"tag-tu00e9lu00e9-ru00e9alitu00e9"},"share_on_mastodon":{"url":"https:\/\/pubeurope.com\/@fr\/114332597228372361","error":""},"_links":{"self":[{"href":"https:\/\/www.europesays.com\/fr\/wp-json\/wp\/v2\/posts\/23034","targetHints":{"allow":["GET"]}}],"collection":[{"href":"https:\/\/www.europesays.com\/fr\/wp-json\/wp\/v2\/posts"}],"about":[{"href":"https:\/\/www.europesays.com\/fr\/wp-json\/wp\/v2\/types\/post"}],"author":[{"embeddable":true,"href":"https:\/\/www.europesays.com\/fr\/wp-json\/wp\/v2\/users\/2"}],"replies":[{"embeddable":true,"href":"https:\/\/www.europesays.com\/fr\/wp-json\/wp\/v2\/comments?post=23034"}],"version-history":[{"count":0,"href":"https:\/\/www.europesays.com\/fr\/wp-json\/wp\/v2\/posts\/23034\/revisions"}],"wp:featuredmedia":[{"embeddable":true,"href":"https:\/\/www.europesays.com\/fr\/wp-json\/wp\/v2\/media\/23035"}],"wp:attachment":[{"href":"https:\/\/www.europesays.com\/fr\/wp-json\/wp\/v2\/media?parent=23034"}],"wp:term":[{"taxonomy":"category","embeddable":true,"href":"https:\/\/www.europesays.com\/fr\/wp-json\/wp\/v2\/categories?post=23034"},{"taxonomy":"post_tag","embeddable":true,"href":"https:\/\/www.europesays.com\/fr\/wp-json\/wp\/v2\/tags?post=23034"}],"curies":[{"name":"wp","href":"https:\/\/api.w.org\/{rel}","templated":true}]}}