{"id":230344,"date":"2025-07-06T11:43:12","date_gmt":"2025-07-06T11:43:12","guid":{"rendered":"https:\/\/www.europesays.com\/fr\/230344\/"},"modified":"2025-07-06T11:43:12","modified_gmt":"2025-07-06T11:43:12","slug":"emmanuel-macron-va-decorer-les-volleyeurs-champions-olympiques-lundi","status":"publish","type":"post","link":"https:\/\/www.europesays.com\/fr\/230344\/","title":{"rendered":"Emmanuel Macron va d\u00e9corer les volleyeurs champions olympiques lundi"},"content":{"rendered":"\n<p class=\"c-chapo \">\n  Le 7 juillet est \u00e9galement la premi\u00e8re journ\u00e9e internationale du volley.\n<\/p>\n<p>    <img loading=\"lazy\" decoding=\"async\" class=\"signature__image lazyload\" width=\"100\" height=\"100\" data- alt=\"\" src=\"https:\/\/www.europesays.com\/fr\/wp-content\/uploads\/2025\/06\/paul-barcelonne-650083eea3efb599160769.png\"\/><\/p>\n<p>    Publi\u00e9 le 06\/07\/2025 09:23<\/p>\n<p>        Temps de lecture : 1min<\/p>\n<p>    <img decoding=\"async\"  alt=\"Earvin Ngapeth c\u00e9l\u00e8bre sa victoire avec l'\u00e9quipe de France de volley qui conserve son titre olympique, le 10 ao\u00fbt 2024. (ALEXANDRE MARCHI \/ MAXPPP)\" width=\"432\" height=\"243\" src=\"https:\/\/www.europesays.com\/fr\/wp-content\/uploads\/2025\/07\/volley-686a23e562a81836938778.jpg\" fetchpriority=\"high\"\/><\/p>\n<p>      Earvin Ngapeth c\u00e9l\u00e8bre sa victoire avec l&rsquo;\u00e9quipe de France de volley qui conserve son titre olympique, le 10 ao\u00fbt 2024. (ALEXANDRE MARCHI \/ MAXPPP)<\/p>\n<p>Le pr\u00e9sident de la R\u00e9publique s&rsquo;appr\u00eate \u00e0 d\u00e9corer, lundi 7 juillet, les volleyeurs fran\u00e7ais, de nouveau <a href=\"https:\/\/www.franceinfo.fr\/les-jeux-olympiques\/volleyball\/jo-2024-les-volleyeurs-tricolores-conservent-leur-titre-et-permettent-a-la-france-d-egaler-le-record-de-15-medailles-d-or-etabli-en-1996_6718068.html\" rel=\"nofollow noopener\" target=\"_blank\">champions olympiques \u00e0 Paris en 2024<\/a>, a appris franceinfo aupr\u00e8s de l&rsquo;\u00c9lys\u00e9e. Les joueurs Th\u00e9o Faure et Earvin Ngapeth vont recevoir la L\u00e9gion d&rsquo;Honneur, tous les deux au grade de chevalier. Les autres joueurs de l&rsquo;\u00e9quipe seront \u00e9lev\u00e9s au grade d&rsquo;officiers de l&rsquo;Ordre National du M\u00e9rite. Tous les joueurs avaient \u00e9t\u00e9 nomm\u00e9s dans la promotion sp\u00e9ciale Jeux olympiques et Jeux Paralympiques, publi\u00e9e au journal officiel le 24 septembre dernier. Lundi sera aussi la premi\u00e8re journ\u00e9e internationale du volley.<\/p>\n<p>Voici la liste exacte des joueurs d\u00e9cor\u00e9s : Benjamin Toniutti, Kevin Tillie, Jean Patry, Nicolas Le Goff, Jenia Grebennikov, Barthelemy Chinenyeze, Antoine Brizard et donc Earvin Ngapeth et Th\u00e9o Faure. Tr\u00e9vor Cl\u00e9venot, autre champion Olympique, sera pr\u00e9sent mais a d\u00e9j\u00e0 \u00e9t\u00e9 d\u00e9cor\u00e9. Les volleyeurs de l&rsquo;\u00e9quipe de France avaient d\u00e9j\u00e0 \u00e9t\u00e9 champions olympiques \u00e0 Tokyo en 2021. Ils ont conserv\u00e9 leur titre en 2024. Dix des douze joueurs de l&rsquo;\u00e9quipe sont donc doubles champions olympiques.<\/p>\n","protected":false},"excerpt":{"rendered":"Le 7 juillet est \u00e9galement la premi\u00e8re journ\u00e9e internationale du volley. Publi\u00e9 le 06\/07\/2025 09:23 Temps de lecture&hellip;\n","protected":false},"author":2,"featured_media":230345,"comment_status":"","ping_status":"","sticky":false,"template":"","format":"standard","meta":{"footnotes":""},"categories":[1417],"tags":[1011,27,60,1470,1469],"class_list":{"0":"post-230344","1":"post","2":"type-post","3":"status-publish","4":"format-standard","5":"has-post-thumbnail","7":"category-volley","8":"tag-fr","9":"tag-france","10":"tag-sports","11":"tag-volley","12":"tag-volleyball"},"share_on_mastodon":{"url":"https:\/\/pubeurope.com\/@fr\/114806115829417293","error":""},"_links":{"self":[{"href":"https:\/\/www.europesays.com\/fr\/wp-json\/wp\/v2\/posts\/230344","targetHints":{"allow":["GET"]}}],"collection":[{"href":"https:\/\/www.europesays.com\/fr\/wp-json\/wp\/v2\/posts"}],"about":[{"href":"https:\/\/www.europesays.com\/fr\/wp-json\/wp\/v2\/types\/post"}],"author":[{"embeddable":true,"href":"https:\/\/www.europesays.com\/fr\/wp-json\/wp\/v2\/users\/2"}],"replies":[{"embeddable":true,"href":"https:\/\/www.europesays.com\/fr\/wp-json\/wp\/v2\/comments?post=230344"}],"version-history":[{"count":0,"href":"https:\/\/www.europesays.com\/fr\/wp-json\/wp\/v2\/posts\/230344\/revisions"}],"wp:featuredmedia":[{"embeddable":true,"href":"https:\/\/www.europesays.com\/fr\/wp-json\/wp\/v2\/media\/230345"}],"wp:attachment":[{"href":"https:\/\/www.europesays.com\/fr\/wp-json\/wp\/v2\/media?parent=230344"}],"wp:term":[{"taxonomy":"category","embeddable":true,"href":"https:\/\/www.europesays.com\/fr\/wp-json\/wp\/v2\/categories?post=230344"},{"taxonomy":"post_tag","embeddable":true,"href":"https:\/\/www.europesays.com\/fr\/wp-json\/wp\/v2\/tags?post=230344"}],"curies":[{"name":"wp","href":"https:\/\/api.w.org\/{rel}","templated":true}]}}