{"id":230353,"date":"2025-07-06T11:49:12","date_gmt":"2025-07-06T11:49:12","guid":{"rendered":"https:\/\/www.europesays.com\/fr\/230353\/"},"modified":"2025-07-06T11:49:12","modified_gmt":"2025-07-06T11:49:12","slug":"en-direct-tour-de-france-2025-bruno-armirail-et-trois-coureurs-accelerent-dentree-sous-la-pluie-suivez-la-2e-etape","status":"publish","type":"post","link":"https:\/\/www.europesays.com\/fr\/230353\/","title":{"rendered":"En direct Tour de France 2025. Bruno Armirail et trois coureurs acc\u00e9l\u00e8rent d&rsquo;entr\u00e9e sous la pluie&#8230; suivez la 2e \u00e9tape"},"content":{"rendered":"<p>La premi\u00e8re \u00e9tape du Tour de France samedi dans le nord a attir\u00e9 \u00ab plus d&rsquo;un million de spectateurs \u00bb sur le bord des routes et les audiences t\u00e9l\u00e9 ont \u00e9t\u00e9 les meilleures depuis 25 ans, a indiqu\u00e9 le directeur adjoint du cyclisme \u00e0 ASO, Pierre-Yves Thouault. \u00ab On est sur des chiffres tr\u00e8s importants et \u00e9videmment on s&rsquo;en f\u00e9licite \u00bb, a soulign\u00e9 l&rsquo;adjoint de Christian Prudhomme dimanche au d\u00e9part de la deuxi\u00e8me \u00e9tape \u00e0 Lauwin-Planque.<\/p>\n<p>Avec plus d&rsquo;un million de spectateurs lors de la premi\u00e8re \u00e9tape, une boucle autour de Lille, \u00ab on est quasiment au niveau du Yorkshire \u00bb, a insist\u00e9 M. Thouault qui s&rsquo;appuie sur les chiffres collect\u00e9s par la pr\u00e9fecture du Nord.Le grand d\u00e9part en 2014 dans le Yorkshire, comt\u00e9 du nord de l&rsquo;Angleterre, reste la r\u00e9f\u00e9rence en termes de succ\u00e8s populaire.<\/p>\n","protected":false},"excerpt":{"rendered":"La premi\u00e8re \u00e9tape du Tour de France samedi dans le nord a attir\u00e9 \u00ab plus d&rsquo;un million de&hellip;\n","protected":false},"author":2,"featured_media":230354,"comment_status":"","ping_status":"","sticky":false,"template":"","format":"standard","meta":{"footnotes":""},"categories":[1411],"tags":[1154,207,107,1701,1011,27,12369,517,1947,60,210],"class_list":{"0":"post-230353","1":"post","2":"type-post","3":"status-publish","4":"format-standard","5":"has-post-thumbnail","7":"category-cyclisme","8":"tag-cycling","9":"tag-cyclisme","10":"tag-fil-info","11":"tag-fil-info-sport","12":"tag-fr","13":"tag-france","14":"tag-la-course","15":"tag-sport","16":"tag-sport-national","17":"tag-sports","18":"tag-tour-de-france"},"share_on_mastodon":{"url":"https:\/\/pubeurope.com\/@fr\/114806139355214281","error":""},"_links":{"self":[{"href":"https:\/\/www.europesays.com\/fr\/wp-json\/wp\/v2\/posts\/230353","targetHints":{"allow":["GET"]}}],"collection":[{"href":"https:\/\/www.europesays.com\/fr\/wp-json\/wp\/v2\/posts"}],"about":[{"href":"https:\/\/www.europesays.com\/fr\/wp-json\/wp\/v2\/types\/post"}],"author":[{"embeddable":true,"href":"https:\/\/www.europesays.com\/fr\/wp-json\/wp\/v2\/users\/2"}],"replies":[{"embeddable":true,"href":"https:\/\/www.europesays.com\/fr\/wp-json\/wp\/v2\/comments?post=230353"}],"version-history":[{"count":0,"href":"https:\/\/www.europesays.com\/fr\/wp-json\/wp\/v2\/posts\/230353\/revisions"}],"wp:featuredmedia":[{"embeddable":true,"href":"https:\/\/www.europesays.com\/fr\/wp-json\/wp\/v2\/media\/230354"}],"wp:attachment":[{"href":"https:\/\/www.europesays.com\/fr\/wp-json\/wp\/v2\/media?parent=230353"}],"wp:term":[{"taxonomy":"category","embeddable":true,"href":"https:\/\/www.europesays.com\/fr\/wp-json\/wp\/v2\/categories?post=230353"},{"taxonomy":"post_tag","embeddable":true,"href":"https:\/\/www.europesays.com\/fr\/wp-json\/wp\/v2\/tags?post=230353"}],"curies":[{"name":"wp","href":"https:\/\/api.w.org\/{rel}","templated":true}]}}