{"id":230359,"date":"2025-07-06T11:52:09","date_gmt":"2025-07-06T11:52:09","guid":{"rendered":"https:\/\/www.europesays.com\/fr\/230359\/"},"modified":"2025-07-06T11:52:09","modified_gmt":"2025-07-06T11:52:09","slug":"coup-de-maitre-au-musee-des-impressionnistes-le-jour-ou-impression-soleil-levant-de-monet-a-disparu","status":"publish","type":"post","link":"https:\/\/www.europesays.com\/fr\/230359\/","title":{"rendered":"Coup de ma\u00eetre au mus\u00e9e des impressionnistes : le jour o\u00f9 \u00ab\u00a0Impression, soleil levant\u00a0\u00bb, de Monet, a disparu"},"content":{"rendered":"<p class=\"paragraph text_align_left lp-f-body-02\">Le soleil d\u2019automne est d\u00e9j\u00e0 lev\u00e9 sur Paris quand les portes du Mus\u00e9e Marmottan s\u2019ouvrent, le 27 octobre 1985. Les quelques amateurs d\u2019art impressionniste qui patientaient sur le trottoir ont \u00e0 peine le temps de prendre leur billet que cinq hommes p\u00e9n\u00e8trent \u00e0 leur tour dans l\u2019h\u00f4tel particulier du chic 16e arrondissement, \u00e0 proximit\u00e9 du jardin du Ranelagh.<\/p>\n<p class=\"paragraph text_align_left lp-f-body-02\">Ils d\u00e9gainent des armes et mettent en joue les gardiens, avant de les ligoter. Les visiteurs sont somm\u00e9s de s\u2019allonger sur le sol, surveill\u00e9s par deux malfaiteurs. Les trois autres se pr\u00e9cipitent au sous-sol, o\u00f9 se tient l\u2019exposition \u00ab Monet et ses <a href=\"https:\/\/www.leparisien.fr\/culture-loisirs\/les-tableaux-des-amis-de-monet-sont-au-musee-marmottan-05-10-2017-7309002.php\" target=\"_self\" rel=\"noopener\">amis <\/a>\u00bb, d\u00e9crochent neuf toiles de ma\u00eetres, les d\u00e9pouillent de leur cadre et les embarquent sans m\u00e9nagement dans le coffre d\u2019une voiture grise qui les attend dans la rue, moteur allum\u00e9.<\/p>\n","protected":false},"excerpt":{"rendered":"Le soleil d\u2019automne est d\u00e9j\u00e0 lev\u00e9 sur Paris quand les portes du Mus\u00e9e Marmottan s\u2019ouvrent, le 27 octobre&hellip;\n","protected":false},"author":2,"featured_media":230360,"comment_status":"","ping_status":"","sticky":false,"template":"","format":"standard","meta":{"footnotes":""},"categories":[1358],"tags":[1348,1384,1385,1386,58,59,118,1011,27,12156],"class_list":{"0":"post-230359","1":"post","2":"type-post","3":"status-publish","4":"format-standard","5":"has-post-thumbnail","7":"category-arts-et-design","8":"tag-arts","9":"tag-arts-and-design","10":"tag-arts-et-design","11":"tag-design","12":"tag-divertissement","13":"tag-entertainment","14":"tag-faits-divers","15":"tag-fr","16":"tag-france","17":"tag-le-parisien-week-end"},"share_on_mastodon":{"url":"https:\/\/pubeurope.com\/@fr\/114806151176347816","error":""},"_links":{"self":[{"href":"https:\/\/www.europesays.com\/fr\/wp-json\/wp\/v2\/posts\/230359","targetHints":{"allow":["GET"]}}],"collection":[{"href":"https:\/\/www.europesays.com\/fr\/wp-json\/wp\/v2\/posts"}],"about":[{"href":"https:\/\/www.europesays.com\/fr\/wp-json\/wp\/v2\/types\/post"}],"author":[{"embeddable":true,"href":"https:\/\/www.europesays.com\/fr\/wp-json\/wp\/v2\/users\/2"}],"replies":[{"embeddable":true,"href":"https:\/\/www.europesays.com\/fr\/wp-json\/wp\/v2\/comments?post=230359"}],"version-history":[{"count":0,"href":"https:\/\/www.europesays.com\/fr\/wp-json\/wp\/v2\/posts\/230359\/revisions"}],"wp:featuredmedia":[{"embeddable":true,"href":"https:\/\/www.europesays.com\/fr\/wp-json\/wp\/v2\/media\/230360"}],"wp:attachment":[{"href":"https:\/\/www.europesays.com\/fr\/wp-json\/wp\/v2\/media?parent=230359"}],"wp:term":[{"taxonomy":"category","embeddable":true,"href":"https:\/\/www.europesays.com\/fr\/wp-json\/wp\/v2\/categories?post=230359"},{"taxonomy":"post_tag","embeddable":true,"href":"https:\/\/www.europesays.com\/fr\/wp-json\/wp\/v2\/tags?post=230359"}],"curies":[{"name":"wp","href":"https:\/\/api.w.org\/{rel}","templated":true}]}}