{"id":230361,"date":"2025-07-06T11:53:29","date_gmt":"2025-07-06T11:53:29","guid":{"rendered":"https:\/\/www.europesays.com\/fr\/230361\/"},"modified":"2025-07-06T11:53:29","modified_gmt":"2025-07-06T11:53:29","slug":"liege-en-tram-le-livre-qui-fait-decouvrir-la-cite-ardente-autrement-le-long-du-nouveau-trace-des-rails-aujourdhui-et-autrefois","status":"publish","type":"post","link":"https:\/\/www.europesays.com\/fr\/230361\/","title":{"rendered":"\u00ab\u00a0Li\u00e8ge en tram\u00a0\u00bb, le livre qui fait d\u00e9couvrir la Cit\u00e9 ardente autrement, le long du nouveau trac\u00e9 des rails, aujourd&rsquo;hui et autrefois"},"content":{"rendered":"<p class=\"ap-StoryElement ap-StoryElement--mb ap-StoryText\">\u00ab\u00a0Li\u00e8ge en tram\u00a0\u00bb, c&rsquo;est une invitation \u00e0 voyager dans le temps mais, surtout, \u00ab\u00a0\u00e0 profiter du pr\u00e9sent\u00a0\u00bb. Imagin\u00e9 d\u00e8s 2017, ann\u00e9e durant laquelle le tram devait normalement faire son apparition en Cit\u00e9 ardente, ce recueil de vieilles photographies, de documents d&rsquo;archives mais aussi de paysages r\u00e9invent\u00e9s \u00ab\u00a0apr\u00e8s les chantiers\u00a0\u00bb plonge le lecteur dans l&rsquo;\u00e9volution du r\u00e9seau et dans la m\u00e9moire collective des habitants d&rsquo;une ville \u00ab\u00a0fa\u00e7onn\u00e9e par le rail\u00a0\u00bb.<\/p>\n<p><a href=\"https:\/\/www.dhnet.be\/regions\/liege\/2025\/05\/25\/23-nouvelles-litteraires-pour-les-23-stations-du-tram-des-auteurs-liegeois-se-rassemblent-pour-creer-une-fiction-ardente-5RFD362HPRBKVINOWEIEVPIE4Y\/\" target=\"_blank\" rel=\"noopener noreferrer\" class=\"ap-StoryInterstitialLink ap-StoryElement ap-StoryElement--mb\">23 nouvelles litt\u00e9raires pour 23 stations du tram : des auteurs li\u00e9geois se rassemblent pour cr\u00e9er des fictions ardentes.<\/a><\/p>\n<p class=\"ap-StoryElement ap-StoryElement--mb ap-StoryText\">\u00c0 l&rsquo;origine, \u00ab\u00a0on parlait de construire un nouveau tram \u00e0 Li\u00e8ge et j&rsquo;ai commenc\u00e9 \u00e0 faire des photos, sans vraiment savoir ce que j&rsquo;allais en faire, confie Alain M., photographe. Finalement, \u00e0 l&rsquo;instar des diff\u00e9rents ouvrages des \u00e9ditions Kozo, nous avons d\u00e9cid\u00e9 de revenir sur les d\u00e9buts des transports collectifs li\u00e9geois, du chemin de fer am\u00e9ricain tir\u00e9 par des chevaux, au tram \u00e9lectrique du XIXe si\u00e8cle\u00a0\u00bb. \u00ab\u00a0Mais le plus important, c&rsquo;est d&rsquo;offrir un autre regard sur la ville et sur ses nouvelles possibilit\u00e9s\u00a0\u00bb, ajoute-t-il.<\/p>\n","protected":false},"excerpt":{"rendered":"\u00ab\u00a0Li\u00e8ge en tram\u00a0\u00bb, c&rsquo;est une invitation \u00e0 voyager dans le temps mais, surtout, \u00ab\u00a0\u00e0 profiter du pr\u00e9sent\u00a0\u00bb. Imagin\u00e9&hellip;\n","protected":false},"author":2,"featured_media":230362,"comment_status":"","ping_status":"","sticky":false,"template":"","format":"standard","meta":{"footnotes":""},"categories":[1357],"tags":[1379,58,59,1011,27,30348,1380,30349],"class_list":{"0":"post-230361","1":"post","2":"type-post","3":"status-publish","4":"format-standard","5":"has-post-thumbnail","7":"category-livres","8":"tag-books","9":"tag-divertissement","10":"tag-entertainment","11":"tag-fr","12":"tag-france","13":"tag-liege","14":"tag-livres","15":"tag-province-de-liege"},"share_on_mastodon":{"url":"https:\/\/pubeurope.com\/@fr\/114806155165252839","error":""},"_links":{"self":[{"href":"https:\/\/www.europesays.com\/fr\/wp-json\/wp\/v2\/posts\/230361","targetHints":{"allow":["GET"]}}],"collection":[{"href":"https:\/\/www.europesays.com\/fr\/wp-json\/wp\/v2\/posts"}],"about":[{"href":"https:\/\/www.europesays.com\/fr\/wp-json\/wp\/v2\/types\/post"}],"author":[{"embeddable":true,"href":"https:\/\/www.europesays.com\/fr\/wp-json\/wp\/v2\/users\/2"}],"replies":[{"embeddable":true,"href":"https:\/\/www.europesays.com\/fr\/wp-json\/wp\/v2\/comments?post=230361"}],"version-history":[{"count":0,"href":"https:\/\/www.europesays.com\/fr\/wp-json\/wp\/v2\/posts\/230361\/revisions"}],"wp:featuredmedia":[{"embeddable":true,"href":"https:\/\/www.europesays.com\/fr\/wp-json\/wp\/v2\/media\/230362"}],"wp:attachment":[{"href":"https:\/\/www.europesays.com\/fr\/wp-json\/wp\/v2\/media?parent=230361"}],"wp:term":[{"taxonomy":"category","embeddable":true,"href":"https:\/\/www.europesays.com\/fr\/wp-json\/wp\/v2\/categories?post=230361"},{"taxonomy":"post_tag","embeddable":true,"href":"https:\/\/www.europesays.com\/fr\/wp-json\/wp\/v2\/tags?post=230361"}],"curies":[{"name":"wp","href":"https:\/\/api.w.org\/{rel}","templated":true}]}}