{"id":230363,"date":"2025-07-06T11:54:11","date_gmt":"2025-07-06T11:54:11","guid":{"rendered":"https:\/\/www.europesays.com\/fr\/230363\/"},"modified":"2025-07-06T11:54:11","modified_gmt":"2025-07-06T11:54:11","slug":"le-recordman-emilien-elimine-du-jeu-de-tf1-apres-647-participations","status":"publish","type":"post","link":"https:\/\/www.europesays.com\/fr\/230363\/","title":{"rendered":"le recordman \u00c9milien \u00e9limin\u00e9 du jeu de TF1 apr\u00e8s 647 participations"},"content":{"rendered":"<p>    \u00c9milien dans \u00abLes 12 coups de midi\u00bb le 6 juillet 2025 sur TF1.<br \/>\n                Capture d&rsquo;\u00e9cran \/ TF1<\/p>\n<p>L\u2019\u00e9tudiant de 22 ans a tir\u00e9 sa r\u00e9v\u00e9rence, ce dimanche 6 juillet, dans le jeu anim\u00e9 par Jean-Luc Reichmann. Il repart avec une cagnotte de plus de 2,5 millions d\u2019euros.<\/p>\n<p class=\"fig-paragraph\">Clap de fin pour\u00a0<a href=\"http:\/\/tvmag.lefigaro.fr\/programme-tv\/actu-tele\/il-est-au-bout-du-rouleau-malgre-la-fatigue-emilien-decroche-sa-21e-etoile-dans-les-12-coups-de-midi-20250505\" target=\"_blank\" data-fig-type=\"Article\" rel=\"noopener\" data-gtm-custom-categorie=\"navigation\" data-gtm-custom-action=\"crossclick\" data-gtm-custom-label=\"Contextuel\" data-gtm-event=\"customEventSPE\" data-fig-domain=\"TVMAG\"><strong>\u00c9milien<\/strong><\/a> . Le champion recordman des \u00ab12 coups de midi\u00bb s\u2019est inclin\u00e9 ce dimanche 6 juillet, au terme de 647 participations, face au candidat Romain, un architecte qui devient le nouveau Ma\u00eetre midi. Cet \u00e9tudiant de 22 ans apparaissait dans le jeu de\u00a0<a href=\"http:\/\/tvmag.lefigaro.fr\/programme-tv\/actu-tele\/je-commence-a-vous-detester-jean-luc-reichmann-cible-des-piques-de-patrick-cohen-et-babeth-lemoine-20250423\" target=\"_blank\" data-fig-type=\"Article\" rel=\"noopener\" data-gtm-custom-categorie=\"navigation\" data-gtm-custom-action=\"crossclick\" data-gtm-custom-label=\"Contextuel\" data-gtm-event=\"customEventSPE\" data-fig-domain=\"TVMAG\">Jean-Luc Reichmann<\/a>\u00a0depuis le 25 septembre 2023. Gr\u00e2ce \u00e0 ses 193 Coups de ma\u00eetres et ses 23 \u00c9toiles myst\u00e9rieuses, il remporte une cagnotte de 2.566.931 euros (gains et cadeaux compris).<\/p>\n<p class=\"fig-paragraph\">C\u2019est apr\u00e8s la page publicitaire, pendant le Coup fatal qu\u2019\u00c9milien a tr\u00e9buch\u00e9, en r\u00e9pondant mal \u00e0 plusieurs questions dont \u00abcombien y a-t-il de docteurs dans la r\u00e8gle du Cluedo classique\u00a0?, ou une autre consacr\u00e9e \u00e0 l\u2019expression \u00abmaigre comme un coucou\u00bb. \u00abJe n\u2019ai pas l\u00e2ch\u00e9 la rampe, ce sont des choses que je ne connaissais pas \u00e0 chaque fois, donc pas de regret particulier\u00bb, a-t-il r\u00e9agi. \u00abJamais je ne m\u2019attendais \u00e0 rester aussi longtemps, c\u2019est juste exceptionnel\u00bb, a-t-il confi\u00e9 quelques minutes apr\u00e8s la d\u00e9faite avant de remercier la production et souhaiter bonne chance \u00e0 Romain, son successeur. Le ch\u00e8que lui sera remis demain, dans l\u2019\u00e9mission du lundi 7 juillet.<\/p>\n<p class=\"fig-body-link\">\n            \u00c0 lire aussi<br \/>\n        <a class=\"fig-body-link__link\" href=\"http:\/\/tvmag.lefigaro.fr\/programme-tv\/actu-tele\/que-va-faire-emilien-des-douze-coups-de-midi-de-ses-2-5-millions-d-euros-de-gains-il-repond-enfin-20250630\" target=\"_blank\" data-fig-type=\"Article\" rel=\"noopener\" data-gtm-custom-categorie=\"navigation\" data-gtm-custom-action=\"crossclick\" data-gtm-custom-label=\"Contextuel\" data-gtm-event=\"customEventSPE\" data-fig-domain=\"TVMAG\">Que va faire \u00c9milien des \u00abDouze coups de midi\u00bb de ses 2,5 millions d\u2019euros de gains\u00a0? Il r\u00e9pond enfin<br \/>\n    <\/a>\n<\/p>\n<p>                                    <a class=\"fig-a11y-skip a11y-hidden\" href=\"#fig-a11y-skip-main-inarticle\"><br \/>\n        Passer la publicit\u00e9<br \/>\n    <\/a><\/p>\n<p class=\"fig-paragraph\">\u00c9milien d\u00e9croche ainsi le record du plus gros gain jamais atteint dans une \u00e9mission fran\u00e7aise. Le 18 mai, avec 598 victoires, il battait un autre record, mondial cette fois. Celui du plus grand nombre de participations \u00e0 un jeu t\u00e9l\u00e9vis\u00e9. \u00abJe serai toujours l\u00e0 pour vous, a d\u00e9clar\u00e9 l\u2019animateur \u00e0 la fin de l\u2019\u00e9mission. Vous faites partie de la famille des \u201c12 coups de midi\u201d\u00bb, a-t-il encore ajout\u00e9.<\/p>\n<p class=\"fig-paragraph\">Il n\u2019a en revanche pas battu le record du monde total (femmes et hommes confondus). Il devait d\u00e9passer les 785 victoires, score d\u00e9tenu par L\u00e9ana, candidate au jeu \u00abChacun son tour\u00bb de Bruno Guillon. Un record qui aurait d\u00fb l\u2019emmener \u00e0 rester dans \u00abLes 12 coups de midi\u00bb jusqu\u2019\u00e0 fin novembre\u00a0! \u00ab Il est au bout du rouleau, il n\u2019en peut plus, il a la fatigue avec lui mais il a des \u00e9clairs de g\u00e9nie\u00a0\u00bb, avait relat\u00e9 Jean-Luc Reichmann dans le jeu d\u00e9but mai.<\/p>\n<p class=\"fig-paragraph\">Reste \u00e0 savoir ce qu\u2019\u00c9milien fera de son pactole. La semaine derni\u00e8re, Jean-Luc Reichmann lui avait pos\u00e9 la question et l\u2019int\u00e9ress\u00e9 assurait qu\u2019il r\u00e9fl\u00e9chissait encore. \u00abJe vais prendre d\u2019essayer de faire les choses bien, faire plaisir autour de moi\u00bb, indiquait-il.<\/p>\n","protected":false},"excerpt":{"rendered":"\u00c9milien dans \u00abLes 12 coups de midi\u00bb le 6 juillet 2025 sur TF1. Capture d&rsquo;\u00e9cran \/ TF1 L\u2019\u00e9tudiant&hellip;\n","protected":false},"author":2,"featured_media":230364,"comment_status":"","ping_status":"","sticky":false,"template":"","format":"standard","meta":{"footnotes":""},"categories":[1356],"tags":[58,59,1011,27,465,252,1364],"class_list":{"0":"post-230363","1":"post","2":"type-post","3":"status-publish","4":"format-standard","5":"has-post-thumbnail","7":"category-television","8":"tag-divertissement","9":"tag-entertainment","10":"tag-fr","11":"tag-france","12":"tag-jean-luc-reichmann","13":"tag-television","14":"tag-tv"},"share_on_mastodon":{"url":"https:\/\/pubeurope.com\/@fr\/114806159370890126","error":""},"_links":{"self":[{"href":"https:\/\/www.europesays.com\/fr\/wp-json\/wp\/v2\/posts\/230363","targetHints":{"allow":["GET"]}}],"collection":[{"href":"https:\/\/www.europesays.com\/fr\/wp-json\/wp\/v2\/posts"}],"about":[{"href":"https:\/\/www.europesays.com\/fr\/wp-json\/wp\/v2\/types\/post"}],"author":[{"embeddable":true,"href":"https:\/\/www.europesays.com\/fr\/wp-json\/wp\/v2\/users\/2"}],"replies":[{"embeddable":true,"href":"https:\/\/www.europesays.com\/fr\/wp-json\/wp\/v2\/comments?post=230363"}],"version-history":[{"count":0,"href":"https:\/\/www.europesays.com\/fr\/wp-json\/wp\/v2\/posts\/230363\/revisions"}],"wp:featuredmedia":[{"embeddable":true,"href":"https:\/\/www.europesays.com\/fr\/wp-json\/wp\/v2\/media\/230364"}],"wp:attachment":[{"href":"https:\/\/www.europesays.com\/fr\/wp-json\/wp\/v2\/media?parent=230363"}],"wp:term":[{"taxonomy":"category","embeddable":true,"href":"https:\/\/www.europesays.com\/fr\/wp-json\/wp\/v2\/categories?post=230363"},{"taxonomy":"post_tag","embeddable":true,"href":"https:\/\/www.europesays.com\/fr\/wp-json\/wp\/v2\/tags?post=230363"}],"curies":[{"name":"wp","href":"https:\/\/api.w.org\/{rel}","templated":true}]}}