{"id":230370,"date":"2025-07-06T11:59:12","date_gmt":"2025-07-06T11:59:12","guid":{"rendered":"https:\/\/www.europesays.com\/fr\/230370\/"},"modified":"2025-07-06T11:59:12","modified_gmt":"2025-07-06T11:59:12","slug":"emilien-a-ete-elimine-des-12-coups-de-midi-sur-tf1-il-est-le-plus-grand-champion-des-jeux-televises","status":"publish","type":"post","link":"https:\/\/www.europesays.com\/fr\/230370\/","title":{"rendered":"\u00c9milien a \u00e9t\u00e9 \u00e9limin\u00e9 des \u00ab\u00a012\u00a0coups de midi\u00a0\u00bb sur TF1, il est le plus grand champion des jeux t\u00e9l\u00e9vis\u00e9s"},"content":{"rendered":"<p>        <img decoding=\"async\" loading=\"lazy\" src=\"https:\/\/www.europesays.com\/fr\/wp-content\/uploads\/2025\/07\/72e06b4_upload-1-ch3jgiyakx11-gvkz9oyx0aadmwf.jfif.jpeg\"  width=\"728\" height=\"410\" alt=\"Emilien a \u00e9t\u00e9 \u00e9limin\u00e9 des 12\u00a0Coups de midi ce dimanche 6\u00a0juillet.\"\/>  <\/p>\n<p>TF1<\/p>\n<p>Emilien a \u00e9t\u00e9 \u00e9limin\u00e9 des 12\u00a0Coups de midi ce dimanche 6\u00a0juillet.<\/p>\n<p class=\"asset asset-text\">T\u00c9L\u00c9VISION &#8211; La date avait fuit\u00e9 depuis quelques jours. C\u2019est bien ce dimanche 6\u00a0juillet, peu apr\u00e8s 12h30\u00a0qu\u2019<a href=\"https:\/\/www.huffingtonpost.fr\/divertissement\/article\/dans-les-12-coups-de-midi-sur-tf1-emilien-devient-un-des-plus-grands-champions-a-seulement-21-ans_231829.html\" target=\"_blank\" rel=\"noopener\">\u00c9milien<\/a> a perdu. <a href=\"https:\/\/www.huffingtonpost.fr\/divertissement\/article\/dans-les-12-coups-de-midi-emilien-bat-un-record-qui-fait-de-lui-le-plus-grand-champion-des-jeux-tele_234897.html\" target=\"_blank\" rel=\"noopener\">Plus grand gagnant<\/a> de l\u2019histoire des jeux t\u00e9l\u00e9vis\u00e9s en France, le jeune homme de 22\u00a0ans a c\u00e9d\u00e9 apr\u00e8s 21\u00a0mois dans Les 12\u00a0coups de midi, l\u2019\u00e9mission anim\u00e9e chaque jour par Jean-Luc Reichmann sur <a href=\"https:\/\/www.huffingtonpost.fr\/divertissement\/article\/jarry-fait-son-retour-sur-tf1-pour-animer-un-nouveau-jeu-televise-en-prime-time_252268.html\" target=\"_blank\" rel=\"noopener\">TF1<\/a>.<\/p>\n<p class=\"asset asset-text\">\u00ab\u00a0Combien obtient-on en additionnant les deux chiffres du d\u00e9partement de la Gironde\u00a0?\u00a0\u00bb, aura \u00e9t\u00e9 la derni\u00e8re question pos\u00e9e \u00e0 \u00c9milien. Et s\u2019il avait bien la r\u00e9ponse, il n\u2019avait pas assez de temps pour la donner et a donc perdu face \u00e0 un certain Romain.<\/p>\n<p class=\"asset asset-text\">\u00ab\u00a0Il fallait bien que \u00e7a s\u2019arr\u00eate un jour\u00a0\u00bb, a rapidement r\u00e9agi le jeune homme apr\u00e8s sa 647e participation qui lui ont permis de remporter 2\u00a0566\u00a0931\u00a0euros de gain et de cadeaux, selon le d\u00e9compte affich\u00e9 par TF1\u00a0au cours de l\u2019\u00e9mission.<\/p>\n<p> La lecture de ce contenu est susceptible d\u2019entra\u00eener un d\u00e9p\u00f4t de cookies de la part de l\u2019op\u00e9rateur tiers qui l\u2019h\u00e9berge. Compte-tenu des choix que vous avez exprim\u00e9s en mati\u00e8re de d\u00e9p\u00f4t de cookies, nous avons bloqu\u00e9 l\u2019affichage de ce contenu. Si vous souhaitez y acc\u00e9der, vous devez accepter la cat\u00e9gorie de cookies \u201cContenus tiers\u201d en cliquant sur le bouton ci-dessous. <\/p>\n<p> Lire la Vid\u00e9o        <\/p>\n<p class=\"asset asset-text\">\u00ab\u00a0Tu es devenu une r\u00e9f\u00e9rence aupr\u00e8s des jeunes. \u00c7a leur envoie un joli message d\u2019espoir, d\u2019encouragement et un v\u00e9ritable signal\u00a0\u00bb, a r\u00e9agi Jean-Luc Reichmann sur les r\u00e9seaux sociaux peu de temps apr\u00e8s.<\/p>\n<p> La lecture de ce contenu est susceptible d\u2019entra\u00eener un d\u00e9p\u00f4t de cookies de la part de l\u2019op\u00e9rateur tiers qui l\u2019h\u00e9berge. Compte-tenu des choix que vous avez exprim\u00e9s en mati\u00e8re de d\u00e9p\u00f4t de cookies, nous avons bloqu\u00e9 l\u2019affichage de ce contenu. Si vous souhaitez y acc\u00e9der, vous devez accepter la cat\u00e9gorie de cookies \u201cContenus tiers\u201d en cliquant sur le bouton ci-dessous. <\/p>\n<p> Lire la Vid\u00e9o        <\/p>\n<p class=\"asset asset-text\">Dans un communiqu\u00e9 publi\u00e9 en milieu de journ\u00e9e, TF1\u00a0annonce qu\u2019\u00c9milien recevra son ch\u00e8que ce lundi \u00e0 11h50\u00a0sur TF1.<\/p>\n","protected":false},"excerpt":{"rendered":"TF1 Emilien a \u00e9t\u00e9 \u00e9limin\u00e9 des 12\u00a0Coups de midi ce dimanche 6\u00a0juillet. T\u00c9L\u00c9VISION &#8211; La date avait fuit\u00e9&hellip;\n","protected":false},"author":2,"featured_media":230371,"comment_status":"","ping_status":"","sticky":false,"template":"","format":"standard","meta":{"footnotes":""},"categories":[8],"tags":[58,59,1011,27,465,252,199],"class_list":{"0":"post-230370","1":"post","2":"type-post","3":"status-publish","4":"format-standard","5":"has-post-thumbnail","7":"category-divertissement","8":"tag-divertissement","9":"tag-entertainment","10":"tag-fr","11":"tag-france","12":"tag-jean-luc-reichmann","13":"tag-television","14":"tag-tf1"},"share_on_mastodon":{"url":"https:\/\/pubeurope.com\/@fr\/114806178704136881","error":""},"_links":{"self":[{"href":"https:\/\/www.europesays.com\/fr\/wp-json\/wp\/v2\/posts\/230370","targetHints":{"allow":["GET"]}}],"collection":[{"href":"https:\/\/www.europesays.com\/fr\/wp-json\/wp\/v2\/posts"}],"about":[{"href":"https:\/\/www.europesays.com\/fr\/wp-json\/wp\/v2\/types\/post"}],"author":[{"embeddable":true,"href":"https:\/\/www.europesays.com\/fr\/wp-json\/wp\/v2\/users\/2"}],"replies":[{"embeddable":true,"href":"https:\/\/www.europesays.com\/fr\/wp-json\/wp\/v2\/comments?post=230370"}],"version-history":[{"count":0,"href":"https:\/\/www.europesays.com\/fr\/wp-json\/wp\/v2\/posts\/230370\/revisions"}],"wp:featuredmedia":[{"embeddable":true,"href":"https:\/\/www.europesays.com\/fr\/wp-json\/wp\/v2\/media\/230371"}],"wp:attachment":[{"href":"https:\/\/www.europesays.com\/fr\/wp-json\/wp\/v2\/media?parent=230370"}],"wp:term":[{"taxonomy":"category","embeddable":true,"href":"https:\/\/www.europesays.com\/fr\/wp-json\/wp\/v2\/categories?post=230370"},{"taxonomy":"post_tag","embeddable":true,"href":"https:\/\/www.europesays.com\/fr\/wp-json\/wp\/v2\/tags?post=230370"}],"curies":[{"name":"wp","href":"https:\/\/api.w.org\/{rel}","templated":true}]}}