{"id":230376,"date":"2025-07-06T12:02:09","date_gmt":"2025-07-06T12:02:09","guid":{"rendered":"https:\/\/www.europesays.com\/fr\/230376\/"},"modified":"2025-07-06T12:02:09","modified_gmt":"2025-07-06T12:02:09","slug":"deux-officiers-iraniens-se-sont-tues-lors-dun-deminage-apres-la-guerre-avec-israel","status":"publish","type":"post","link":"https:\/\/www.europesays.com\/fr\/230376\/","title":{"rendered":"Deux officiers iraniens se sont tu\u00e9s lors d&rsquo;un d\u00e9minage apr\u00e8s la guerre avec Isra\u00ebl"},"content":{"rendered":"<p class=\"fig-paragraph\">Deux militaires iraniens ont \u00e9t\u00e9 tu\u00e9s dimanche dans l&rsquo;ouest du pays alors qu&rsquo;ils tentaient de d\u00e9samorcer des explosifs dans une zone touch\u00e9e par les bombardements isra\u00e9liens durant la guerre entre l&rsquo;Iran et Isra\u00ebl, a rapport\u00e9 un m\u00e9dia local.<\/p>\n<p class=\"fig-paragraph\">Isra\u00ebl a d\u00e9clench\u00e9 le 13 juin une guerre contre l&rsquo;Iran dans le but affich\u00e9 d&#8217;emp\u00eacher ce pays de se doter de la bombe atomique, une intention que ce dernier d\u00e9ment nourrir.<\/p>\n<p class=\"fig-body-link\">\n<p>        Lire le dossier<br \/>\n        <a class=\"fig-body-link__link\" href=\"http:\/\/www.lefigaro.fr\/international\/dossier\/frappes-d-israel-sur-l-iran-notre-dossier-pour-tout-comprendre\" data-fig-type=\"Topic\" data-gtm-custom-categorie=\"navigation\" data-gtm-custom-action=\"crossclick\" data-gtm-custom-label=\"Contextuel\" data-gtm-event=\"customEventSPE\" data-fig-domain=\"LEFIGARO\" target=\"_blank\" rel=\"noopener\">Guerre Isra\u00ebl-Iran\u00a0: notre dossier pour tout comprendre<br \/>\n    <\/a>\n<\/p>\n<p>                                    <a class=\"fig-a11y-skip a11y-hidden\" href=\"#fig-a11y-skip-main-inarticle\"><br \/>\n        Passer la publicit\u00e9<br \/>\n    <\/a><\/p>\n<p class=\"fig-paragraph\">\u00abDeux membres des Gardiens ont \u00e9t\u00e9 tu\u00e9s dimanche \u00e0 Khorramabad (ouest) alors qu&rsquo;ils nettoyaient la zone des explosifs laiss\u00e9s par l&rsquo;agression du r\u00e9gime sioniste\u00bb, a annonc\u00e9 l&rsquo;agence Tasnim, citant un communiqu\u00e9 des Gardiens de la R\u00e9volution, l&rsquo;arm\u00e9e id\u00e9ologique de la R\u00e9publique islamique.<\/p>\n<p class=\"fig-paragraph\">Les frappes isra\u00e9liennes ont notamment tu\u00e9 d&rsquo;importants commandants des forces arm\u00e9es, dont des Gardiens, ainsi qu&rsquo;une dizaine de scientifiques du programme nucl\u00e9aire iranien.<\/p>\n<p class=\"fig-paragraph\">Selon un bilan fourni par le pouvoir judiciaire iranien, au moins 936 personnes ont \u00e9t\u00e9 tu\u00e9es en Iran durant la guerre.<\/p>\n<p class=\"fig-paragraph\">Les tirs iraniens de repr\u00e9sailles vers Isra\u00ebl ont fait 28 morts, selon les autorit\u00e9s isra\u00e9liennes.<\/p>\n<p class=\"fig-paragraph\">Un cessez-le-feu entre les deux pays ennemis est entr\u00e9 en vigueur le 24 juin.<\/p>\n<p>                                    <a class=\"fig-a11y-skip a11y-hidden\" href=\"#fig-a11y-skip-main-inarticle_mtf\"><br \/>\n        Passer la publicit\u00e9<br \/>\n    <\/a><\/p>\n<p class=\"fig-paragraph\">Samedi soir, le guide supr\u00eame iranien, l&rsquo;ayatollah Ali Khamenei, a particip\u00e9 \u00e0 T\u00e9h\u00e9ran \u00e0 une c\u00e9r\u00e9monie religieuse, selon des images diffus\u00e9es par les m\u00e9dias d&rsquo;Etat, les premi\u00e8res montrant en public le dirigeant depuis la tr\u00eave.<\/p>\n<p class=\"fig-paragraph\">L&rsquo;Iran a annonc\u00e9 jeudi la r\u00e9ouverture de son espace a\u00e9rien, y compris au-dessus de T\u00e9h\u00e9ran, qui avait \u00e9t\u00e9 ferm\u00e9 au premier jour de la guerre contre Isra\u00ebl.<\/p>\n","protected":false},"excerpt":{"rendered":"Deux militaires iraniens ont \u00e9t\u00e9 tu\u00e9s dimanche dans l&rsquo;ouest du pays alors qu&rsquo;ils tentaient de d\u00e9samorcer des explosifs&hellip;\n","protected":false},"author":2,"featured_media":230377,"comment_status":"","ping_status":"","sticky":false,"template":"","format":"standard","meta":{"footnotes":""},"categories":[5],"tags":[11,1011,27,14,3019,12,28],"class_list":{"0":"post-230376","1":"post","2":"type-post","3":"status-publish","4":"format-standard","5":"has-post-thumbnail","7":"category-international","8":"tag-actualites","9":"tag-fr","10":"tag-france","11":"tag-international","12":"tag-iran","13":"tag-news","14":"tag-world"},"share_on_mastodon":{"url":"https:\/\/pubeurope.com\/@fr\/114806190499851282","error":""},"_links":{"self":[{"href":"https:\/\/www.europesays.com\/fr\/wp-json\/wp\/v2\/posts\/230376","targetHints":{"allow":["GET"]}}],"collection":[{"href":"https:\/\/www.europesays.com\/fr\/wp-json\/wp\/v2\/posts"}],"about":[{"href":"https:\/\/www.europesays.com\/fr\/wp-json\/wp\/v2\/types\/post"}],"author":[{"embeddable":true,"href":"https:\/\/www.europesays.com\/fr\/wp-json\/wp\/v2\/users\/2"}],"replies":[{"embeddable":true,"href":"https:\/\/www.europesays.com\/fr\/wp-json\/wp\/v2\/comments?post=230376"}],"version-history":[{"count":0,"href":"https:\/\/www.europesays.com\/fr\/wp-json\/wp\/v2\/posts\/230376\/revisions"}],"wp:featuredmedia":[{"embeddable":true,"href":"https:\/\/www.europesays.com\/fr\/wp-json\/wp\/v2\/media\/230377"}],"wp:attachment":[{"href":"https:\/\/www.europesays.com\/fr\/wp-json\/wp\/v2\/media?parent=230376"}],"wp:term":[{"taxonomy":"category","embeddable":true,"href":"https:\/\/www.europesays.com\/fr\/wp-json\/wp\/v2\/categories?post=230376"},{"taxonomy":"post_tag","embeddable":true,"href":"https:\/\/www.europesays.com\/fr\/wp-json\/wp\/v2\/tags?post=230376"}],"curies":[{"name":"wp","href":"https:\/\/api.w.org\/{rel}","templated":true}]}}