{"id":230379,"date":"2025-07-06T12:04:10","date_gmt":"2025-07-06T12:04:10","guid":{"rendered":"https:\/\/www.europesays.com\/fr\/230379\/"},"modified":"2025-07-06T12:04:10","modified_gmt":"2025-07-06T12:04:10","slug":"emilien-elimine-des-12-coups-de-midi-avec-25-millions-deuros-et-646-victoires-une-page-se-tourne","status":"publish","type":"post","link":"https:\/\/www.europesays.com\/fr\/230379\/","title":{"rendered":"\u00c9milien, \u00e9limin\u00e9 des \u00ab\u00a012 coups de midi\u00a0\u00bb avec 2,5\u00a0millions d\u2019euros et 646 victoires\u00a0: \u00ab\u00a0Une page se tourne\u00a0\u00bb"},"content":{"rendered":"<p class=\"paragraph text_align_left lp-f-body-02\">La chute du roi <a href=\"https:\/\/www.leparisien.fr\/culture-loisirs\/tv\/les-12-coups-de-midi-emilien-passe-la-barre-du-million-deuros-de-gains-et-entre-dans-lhistoire-du-jeu-16-05-2024-QVI6M3AOVNG6VLY2N566DSV2FE.php\" target=\"_blank\" rel=\"noreferrer nofollow noopener\">\u00c9milien<\/a> \u00e9tait attendue, elle a enfin eu lieu. Ce dimanche 6 juillet, apr\u00e8s 22 mois de pr\u00e9sence quotidienne sur TF 1 et 646 victoires empil\u00e9es, le jeune homme a quitt\u00e9 \u00ab Les 12 coups de midi \u00bb o\u00f9 il avait d\u00e9barqu\u00e9 un beau jour de septembre 2023.<\/p>\n<p class=\"paragraph text_align_left lp-f-body-02\"><a href=\"https:\/\/www.leparisien.fr\/culture-loisirs\/tv\/les-12-coups-de-midi-emilien-le-plus-grand-gagnant-de-lhistoire-des-jeux-teles-en-france-raconte-comment-il-a-gagne-23-millions-deuros-26-05-2025-UWWCC5XUDBETBJ4SEWTPKPWYMI.php\" target=\"_blank\" rel=\"noreferrer nofollow noopener\">Le plus grand champion de l\u2019histoire des jeux t\u00e9l\u00e9 fran\u00e7ais<\/a> a tr\u00e9buch\u00e9 lors du \u00ab coup fatal \u00bb, une manche chronom\u00e9tr\u00e9e de l\u2019\u00e9mission pr\u00e9sent\u00e9e par Jean-Luc Reichmann. \u00ab J\u2019ai r\u00e9pondu \u00e0 moins de r\u00e9ponses en une minute que mon adversaire du jour \u00bb, r\u00e9sume simplement le Vend\u00e9en, joint par t\u00e9l\u00e9phone apr\u00e8s cette \u00e9limination intervenue lors d\u2019un tournage en mai.<\/p>\n<p class=\"paragraph text_align_left lp-f-body-02\">Et ne comptez pas sur lui pour s\u2019\u00e9pancher sur son ressenti : \u00ab Il n\u2019y a pas de r\u00e9action \u00e0 avoir. On sait depuis le d\u00e9but qu\u2019on finira par perdre. C\u2019est la suite logique \u00bb, commente-t-il du bout des l\u00e8vres. Relanc\u00e9, celui qui est parfois aussi g\u00e9n\u00e9reux en interview qu\u2019une porte de studio t\u00e9l\u00e9 finit par l\u00e2cher qu\u2019il n\u2019y a pas eu de \u00ab d\u00e9ception \u00bb au moment de son d\u00e9part. \u00ab Je suis vraiment tr\u00e8s content d\u2019avoir pu jouer pendant aussi longtemps. C\u2019est une page qui se tourne \u00bb.<\/p>\n<p>1,7 million en cash et le reste en cadeaux<\/p>\n<p class=\"paragraph text_align_left lp-f-body-02\">Pour se consoler, \u00c9milien peut compter sur sa nouvelle fortune. Il repart avec \u00ab plus de 2,5 millions d\u2019euros \u00bb, dont environ 1,7 million en cash, et le reste en cadeaux divers et vari\u00e9s. Dans sa caverne d\u2019Ali Baba, des voyages, des mixeurs, des aspirateurs, mais aussi pas moins de 23 voitures ! \u00ab \u00c7a va partir \u00e0 la vente \u00bb, pr\u00e9vient le nouveau Cr\u00e9sus du petit \u00e9cran au sujet de cette impressionnante flotte automobile. Et pas question non plus de dilapider son pactole dans les machines \u00e0 sous d\u2019un casino de Las Vegas. \u00ab Je ferai les choses pos\u00e9ment \u00bb, pr\u00e9vient-il, sans vouloir pr\u00e9ciser s\u2019il va se faire aider ou non pour g\u00e9rer son nouvel empire.<\/p>\n<p class=\"paragraph text_align_left lp-f-body-02\">D\u00e9sormais, le vingtenaire entend surtout \u00ab souffler \u00bb. \u00ab Je vais essayer de profiter des voyages que j\u2019ai eu la chance de gagner \u00bb, glisse-t-il, trois p\u00e9riples restant encore dans sa besace. Quant \u00e0 ses \u00e9tudes d\u2019Histoire \u00e0 Toulouse abandonn\u00e9es pour participer aux tournages franciliens de l\u2019\u00e9mission, il ne les reprendra pas toute suite. \u00ab Ce ne sera pas en septembre, plut\u00f4t l\u2019ann\u00e9e suivante \u00bb, anticipe celui qui se destine peut-\u00eatre \u00e0 devenir professeur, mais sans certitude.<\/p>\n<p class=\"paragraph text_align_left lp-f-body-02\">Avant de se quitter, \u00c9milien assure qu\u2019il reviendra voir \u00ab de temps en temps \u00bb la \u00ab sympathique \u00bb \u00e9quipe des \u00ab 12 coups de midi \u00bb avec qui il a pass\u00e9 une bonne partie des deux derni\u00e8res ann\u00e9es. Il continuera aussi de regarder le programme lorsqu\u2019il ira chez ses grands-parents, de grands fans du programme gr\u00e2ce \u00e0 qui il a candidat\u00e9 \u00e0 la quotidienne pr\u00e9sent\u00e9e par Jean-Luc Reichmann. Postulera-t-il \u00e0 d\u2019autres jeux t\u00e9l\u00e9 dans un avenir proche ? \u00ab Ce n\u2019est pas l\u2019objectif mais je ne ferme aucune porte \u00bb. La carri\u00e8re politique, elle en tout cas, semble d\u00e9j\u00e0 faite pour lui.<\/p>\n","protected":false},"excerpt":{"rendered":"La chute du roi \u00c9milien \u00e9tait attendue, elle a enfin eu lieu. Ce dimanche 6 juillet, apr\u00e8s 22&hellip;\n","protected":false},"author":2,"featured_media":230380,"comment_status":"","ping_status":"","sticky":false,"template":"","format":"standard","meta":{"footnotes":""},"categories":[2],"tags":[11,872,1011,27,12,2205],"class_list":{"0":"post-230379","1":"post","2":"type-post","3":"status-publish","4":"format-standard","5":"has-post-thumbnail","7":"category-actualites","8":"tag-actualites","9":"tag-culture-et-loisirs","10":"tag-fr","11":"tag-france","12":"tag-news","13":"tag-television-medias"},"share_on_mastodon":{"url":"https:\/\/pubeurope.com\/@fr\/114806198271673461","error":""},"_links":{"self":[{"href":"https:\/\/www.europesays.com\/fr\/wp-json\/wp\/v2\/posts\/230379","targetHints":{"allow":["GET"]}}],"collection":[{"href":"https:\/\/www.europesays.com\/fr\/wp-json\/wp\/v2\/posts"}],"about":[{"href":"https:\/\/www.europesays.com\/fr\/wp-json\/wp\/v2\/types\/post"}],"author":[{"embeddable":true,"href":"https:\/\/www.europesays.com\/fr\/wp-json\/wp\/v2\/users\/2"}],"replies":[{"embeddable":true,"href":"https:\/\/www.europesays.com\/fr\/wp-json\/wp\/v2\/comments?post=230379"}],"version-history":[{"count":0,"href":"https:\/\/www.europesays.com\/fr\/wp-json\/wp\/v2\/posts\/230379\/revisions"}],"wp:featuredmedia":[{"embeddable":true,"href":"https:\/\/www.europesays.com\/fr\/wp-json\/wp\/v2\/media\/230380"}],"wp:attachment":[{"href":"https:\/\/www.europesays.com\/fr\/wp-json\/wp\/v2\/media?parent=230379"}],"wp:term":[{"taxonomy":"category","embeddable":true,"href":"https:\/\/www.europesays.com\/fr\/wp-json\/wp\/v2\/categories?post=230379"},{"taxonomy":"post_tag","embeddable":true,"href":"https:\/\/www.europesays.com\/fr\/wp-json\/wp\/v2\/tags?post=230379"}],"curies":[{"name":"wp","href":"https:\/\/api.w.org\/{rel}","templated":true}]}}