{"id":230385,"date":"2025-07-06T12:08:36","date_gmt":"2025-07-06T12:08:36","guid":{"rendered":"https:\/\/www.europesays.com\/fr\/230385\/"},"modified":"2025-07-06T12:08:36","modified_gmt":"2025-07-06T12:08:36","slug":"nancy-lycee-henri-loritz-bac-2025-mention-tres-bien-constance-ningre-17-ans-bac-general","status":"publish","type":"post","link":"https:\/\/www.europesays.com\/fr\/230385\/","title":{"rendered":"Nancy, lyc\u00e9e Henri-Loritz | Bac 2025 Mention Tr\u00e8s Bien. Constance Ningre, 17 ans, bac g\u00e9n\u00e9ral"},"content":{"rendered":"<p>Constance Ningre, 17 ans, demeurant \u00e0 Pulnoy, a d\u00e9croch\u00e9 son bac g\u00e9n\u00e9ral SVT et physique-chimie avec mention tr\u00e8s bien. Passionn\u00e9e par la photographie, la loi et la lecture, elle a obtenu la note de 20 au grand oral. Constance a pleur\u00e9 de joie en apprenant sa r\u00e9ussite. Elle se destine \u00e0 des \u00e9tudes de droit pour devenir procureure. Cet \u00e9t\u00e9, elle pr\u00e9voit un voyage suivi d&rsquo;un travail en ao\u00fbt.<\/p>\n<p>\u270e R\u00e9dig\u00e9 avec l&rsquo;aide d&rsquo;outils IA et v\u00e9rifi\u00e9 par un journaliste \ud83d\udec8 En savoir plus avec la charte IA d&rsquo;Ebra.<\/p>\n","protected":false},"excerpt":{"rendered":"Constance Ningre, 17 ans, demeurant \u00e0 Pulnoy, a d\u00e9croch\u00e9 son bac g\u00e9n\u00e9ral SVT et physique-chimie avec mention tr\u00e8s&hellip;\n","protected":false},"author":2,"featured_media":230386,"comment_status":"","ping_status":"","sticky":false,"template":"","format":"standard","meta":{"footnotes":""},"categories":[9635],"tags":[1111,11,36609,1704,1057,1777,674,10961,1011,27,775,1702,1703,12,25],"class_list":{"0":"post-230385","1":"post","2":"type-post","3":"status-publish","4":"format-standard","5":"has-post-thumbnail","7":"category-nancy","8":"tag-actu","9":"tag-actualites","10":"tag-baccalaureat-mention-tres-bien","11":"tag-edition-nancy-et-agglomeration","12":"tag-education","13":"tag-eu","14":"tag-europe","15":"tag-examen-diplome","16":"tag-fr","17":"tag-france","18":"tag-grand-est","19":"tag-nancy","20":"tag-nancy-ville-54b","21":"tag-news","22":"tag-republique-francaise"},"share_on_mastodon":{"url":"https:\/\/pubeurope.com\/@fr\/114806214073524210","error":""},"_links":{"self":[{"href":"https:\/\/www.europesays.com\/fr\/wp-json\/wp\/v2\/posts\/230385","targetHints":{"allow":["GET"]}}],"collection":[{"href":"https:\/\/www.europesays.com\/fr\/wp-json\/wp\/v2\/posts"}],"about":[{"href":"https:\/\/www.europesays.com\/fr\/wp-json\/wp\/v2\/types\/post"}],"author":[{"embeddable":true,"href":"https:\/\/www.europesays.com\/fr\/wp-json\/wp\/v2\/users\/2"}],"replies":[{"embeddable":true,"href":"https:\/\/www.europesays.com\/fr\/wp-json\/wp\/v2\/comments?post=230385"}],"version-history":[{"count":0,"href":"https:\/\/www.europesays.com\/fr\/wp-json\/wp\/v2\/posts\/230385\/revisions"}],"wp:featuredmedia":[{"embeddable":true,"href":"https:\/\/www.europesays.com\/fr\/wp-json\/wp\/v2\/media\/230386"}],"wp:attachment":[{"href":"https:\/\/www.europesays.com\/fr\/wp-json\/wp\/v2\/media?parent=230385"}],"wp:term":[{"taxonomy":"category","embeddable":true,"href":"https:\/\/www.europesays.com\/fr\/wp-json\/wp\/v2\/categories?post=230385"},{"taxonomy":"post_tag","embeddable":true,"href":"https:\/\/www.europesays.com\/fr\/wp-json\/wp\/v2\/tags?post=230385"}],"curies":[{"name":"wp","href":"https:\/\/api.w.org\/{rel}","templated":true}]}}