{"id":230393,"date":"2025-07-06T12:12:19","date_gmt":"2025-07-06T12:12:19","guid":{"rendered":"https:\/\/www.europesays.com\/fr\/230393\/"},"modified":"2025-07-06T12:12:19","modified_gmt":"2025-07-06T12:12:19","slug":"girondins-la-buteuse-ilona-koko-sengage-avec-montpellier","status":"publish","type":"post","link":"https:\/\/www.europesays.com\/fr\/230393\/","title":{"rendered":"Girondins : la buteuse Ilona Koko s&rsquo;engage avec Montpellier"},"content":{"rendered":"<p><img decoding=\"async\" src=\"https:\/\/www.europesays.com\/fr\/wp-content\/uploads\/2025\/06\/671_fbadce814885927d65626f0fbf68c20f.jpg\" alt=\"Girondins : la buteuse Ilona Koko s'engage avec Montpellier\" class=\"img-responsive mt-3\"\/><\/p>\n<p class=\"text-center mb-3\" style=\"font-size: 14px\">\u00a9 Iconsport<\/p>\n<p style=\"text-align: justify;\">C&rsquo;est la fuite des talents en Gironde malgr\u00e9 une saison sportivement parfaite et une mont\u00e9e en Division 3, les \u00e9l\u00e9ments marquants de l\u2019\u00e9quipe la saison derni\u00e8re sont sur le d\u00e9part. C&rsquo;est une jeune joueuse form\u00e9e aux Girondins de Bordeaux qui s&rsquo;envole vers un club professionnel.<\/p>\n<p style=\"text-align: justify;\">Ainsi, la signature d&rsquo;Ilona Koko (19 ans) avec le Montpellier H\u00e9rault est officielle.<\/p>\n<p style=\"text-align: justify;\">La meilleure buteuse de Nouvelle-Aquitaine (plus de 30 buts la saison derni\u00e8re toutes comp\u00e9titions confondues) quitte Bordeaux pour le Sud de la France. Cette nouvelle s&rsquo;ajoute au d\u00e9part de Stella Grondin vers le PSG, celui de Chiara Baylet vers Montpellier, et de No\u00ebllie Koutassila au Paris FC.<\/p>\n<p style=\"text-align: justify;\">Alors que le plan de continuation du club pr\u00e9sent\u00e9 par G\u00e9rard Lopez affichait la volont\u00e9 de s&rsquo;appuyer sur la formation et le d\u00e9veloppement du football f\u00e9minin, le FCGB montre qu&rsquo;il n&rsquo;est pas en capacit\u00e9 de retenir ses meilleurs joueuses.<\/p>\n<p>La publication de son agent sportif sur instagram :<\/p>\n<p style=\"text-align: justify;\"><img decoding=\"async\" src=\"https:\/\/www.europesays.com\/fr\/wp-content\/uploads\/2025\/07\/Capture d\u2019e\u0301cran 2025-07-06 a\u0300 10.33.40.png\" alt=\"Capture d\u2019e\u0301cran 2025-07-06 a\u0300 10.33.40.png (1.27 MB)\" style=\"width:700px;max-width:100%;\"\/><\/p>\n<p style=\"text-align: justify;\">\u00a0<\/p>\n<p style=\"text-align: justify;\">\u00c0 lire &gt;&gt; <strong><a href=\"https:\/\/www.webgirondins.com\/actualite-girondins-mercato-travis-mutyaba-girondins-vers-le-cs-sfaxien-en-tunisie-129624\" target=\"_blank\" rel=\"noopener\">Mercato : Travis Mutyaba (Girondins) vers le CS Sfaxien en Tunisie<\/a><\/strong><\/p>\n<p>\u00a0<\/p>\n<p>Notre podcast court :<\/p>\n","protected":false},"excerpt":{"rendered":"\u00a9 Iconsport C&rsquo;est la fuite des talents en Gironde malgr\u00e9 une saison sportivement parfaite et une mont\u00e9e en&hellip;\n","protected":false},"author":2,"featured_media":183902,"comment_status":"","ping_status":"","sticky":false,"template":"","format":"standard","meta":{"footnotes":""},"categories":[9599],"tags":[1111,11,150,3396,1997,36882,3952,3985,12708,1994,1777,674,1011,27,1987,36883,36884,2208,12,4565,2680,471,25,18140,27287],"class_list":{"0":"post-230393","1":"post","2":"type-post","3":"status-publish","4":"format-standard","5":"has-post-thumbnail","7":"category-montpellier","8":"tag-actu","9":"tag-actualites","10":"tag-apres","11":"tag-avec","12":"tag-bordeaux","13":"tag-buteuse","14":"tag-coup","15":"tag-depart","16":"tag-engage","17":"tag-entraineur","18":"tag-eu","19":"tag-europe","20":"tag-fr","21":"tag-france","22":"tag-girondins","23":"tag-ilona","24":"tag-koko","25":"tag-montpellier","26":"tag-news","27":"tag-nouveau","28":"tag-occitanie","29":"tag-pour","30":"tag-republique-francaise","31":"tag-romain","32":"tag-vitry"},"share_on_mastodon":{"url":"https:\/\/pubeurope.com\/@fr\/114806229824448164","error":""},"_links":{"self":[{"href":"https:\/\/www.europesays.com\/fr\/wp-json\/wp\/v2\/posts\/230393","targetHints":{"allow":["GET"]}}],"collection":[{"href":"https:\/\/www.europesays.com\/fr\/wp-json\/wp\/v2\/posts"}],"about":[{"href":"https:\/\/www.europesays.com\/fr\/wp-json\/wp\/v2\/types\/post"}],"author":[{"embeddable":true,"href":"https:\/\/www.europesays.com\/fr\/wp-json\/wp\/v2\/users\/2"}],"replies":[{"embeddable":true,"href":"https:\/\/www.europesays.com\/fr\/wp-json\/wp\/v2\/comments?post=230393"}],"version-history":[{"count":0,"href":"https:\/\/www.europesays.com\/fr\/wp-json\/wp\/v2\/posts\/230393\/revisions"}],"wp:featuredmedia":[{"embeddable":true,"href":"https:\/\/www.europesays.com\/fr\/wp-json\/wp\/v2\/media\/183902"}],"wp:attachment":[{"href":"https:\/\/www.europesays.com\/fr\/wp-json\/wp\/v2\/media?parent=230393"}],"wp:term":[{"taxonomy":"category","embeddable":true,"href":"https:\/\/www.europesays.com\/fr\/wp-json\/wp\/v2\/categories?post=230393"},{"taxonomy":"post_tag","embeddable":true,"href":"https:\/\/www.europesays.com\/fr\/wp-json\/wp\/v2\/tags?post=230393"}],"curies":[{"name":"wp","href":"https:\/\/api.w.org\/{rel}","templated":true}]}}