{"id":230394,"date":"2025-07-06T12:14:28","date_gmt":"2025-07-06T12:14:28","guid":{"rendered":"https:\/\/www.europesays.com\/fr\/230394\/"},"modified":"2025-07-06T12:14:28","modified_gmt":"2025-07-06T12:14:28","slug":"comment-circuler-et-stationner-lors-de-la-4e-etape","status":"publish","type":"post","link":"https:\/\/www.europesays.com\/fr\/230394\/","title":{"rendered":"comment circuler et stationner lors de la 4e \u00e9tape ?"},"content":{"rendered":"\n<p align=\"left\">Restrictions de circulation et de stationnement, interruption de certaines lignes de transports en commun. On fait le point sur les perturbations \u00e0 pr\u00e9voir \u00e0 l&rsquo;occasion du passage du Tour de France, le 8 juillet, lors de la 4e \u00e9tape entre Amiens et Rouen.<\/p>\n<p><strong>Le stationnement d&rsquo;ores et d\u00e9j\u00e0 interdit \u00e0 certains endroits<\/strong><\/p>\n<p align=\"left\">Le stationnement est interdit jusqu&rsquo;au 8 juillet, 23h, dans plusieurs secteurs de Rouen. Le boulevard de Verdun ; la place du Boulingrin ; la zone d&rsquo;arriv\u00e9e du boulevard de l&rsquo;Yser ; la rampe Sainte-Marie, la rampe Beauvoisine ; et la rampe Saint-Hilaire sont concern\u00e9s. <strong>L&rsquo;interdiction a \u00e9t\u00e9 \u00e9tendue depuis le jeudi 3 juillet et jusqu&rsquo;au mardi 8 juillet 19h sur les quinze derniers kilom\u00e8tres du parcours se d\u00e9roulant dans la ville, depuis la N31<\/strong>. Sont concern\u00e9s : la route de Lyons-la-For\u00eat, rue de la Petite-Chartreuse, route de Darn\u00e9tal D43a, avenue de la Grand\u2019Mare, rue des Canadiens, rue Albert-Dupuis, les rues de Lausanne, de Gen\u00e8ve, de Montreux et des Hallettes, la rue Charles-M\u00fcller, la D928, la rue des Sapins, avenue Georges-M\u00e9tayer, passage Lamartine, rue Francis-Yard, route de Neufch\u00e2tel, boulevard de la Marne, les rues Jeanne-d\u2019Arc, Jean-Lecanuet et Louis-Ricard.<\/p>\n<p align=\"left\">Dans les autres communes situ\u00e9es sur le parcours, des restrictions seront \u00e9galement appliqu\u00e9es : <strong>au Mesnil-Esnard, le stationnement sera interdit \u00e0 partir du lundi 7 juillet<\/strong>, 12h, rue de Belbeuf, rue Thiers, chemin des Ondes, au d\u00e9but des rues de Belbeuf et R\u00e9publique &#8211; carrefour route de Paris-, puis \u00e0 partir de 19h sur la route de Paris. <strong>A Bihorel, l&rsquo;interdiction entrera \u00e0 vigueur du lundi 7 juillet 12h jusqu&rsquo;au mardi 8 juillet <\/strong>sur les portions suivantes, emprunt\u00e9es par les coureurs : rue Francis-Yard, rue des Canadiens, rue de la R\u00e9publique, rue de la Lib\u00e9ration, rue Carnot, rue du Docteur-Caron, rue Philibert-Caux et route de Neufch\u00e2tel.<\/p>\n<p><strong>La circulation restreinte le jour J<\/strong><\/p>\n<p align=\"left\">Si la 4e \u00e9tape de la grande boucle n&rsquo;arrivera que dans l&rsquo;apr\u00e8s-midi du mardi 8 juillet, les automobilistes devront anticiper leurs d\u00e9placements\u00a0: <strong>la circulation sera globalement interdite ce jour-l\u00e0 de 12h \u00e0 18h sur les voies emprunt\u00e9es par la course <\/strong>(d\u00e8s 11h30 dans le sens inverse). A Rouen, certains axes seront ferm\u00e9s en amont et rouvriront plusieurs heures apr\u00e8s le passage des coureurs : la rampe Beauvoisine, la rampe Saint-Hilaire, le boulevard de l&rsquo;Yser, le boulevard de Verdun, la place du Boulingrin et la rue Sainte-Marie resteront inaccessibles du 7 juillet \u00e0 18h au 8 juillet \u00e0 23h ; le 8 juillet de 4h \u00e0 20h pour la rue Jean-Lecanuet (entre la rue Jeanne-d&rsquo;Arc et la place du G\u00e9n\u00e9ral-de-Gaulle), la rue Louis-Ricard et la place du G\u00e9n\u00e9ral-de-Gaulle. Des parkings seront \u00e9galement ferm\u00e9s pour des raisons de s\u00e9curit\u00e9 :<\/p>\n<p align=\"left\">Du dimanche 6 juillet\u00a0\u00e0 18h au\u00a0mardi 8 juillet\u00a0\u00e0 23h\u00a0:<\/p>\n<p align=\"left\">Le mardi 8 juillet\u00a0de 4h jusqu\u2019\u00e0 la fin de la course\u00a0:<\/p>\n<p><strong>Des lignes de transports en commun gratuites&#8230; mais perturb\u00e9es<\/strong><\/p>\n<p align=\"left\">Du c\u00f4t\u00e9 des transports en commun, le passage de la course et ses pr\u00e9paratifs occasionneront <strong>des perturbations d\u00e8s le lundi 7 juillet, de 18h30 jusqu\u2019\u00e0 la fin de service, et toute la journ\u00e9e du mardi 8 juillet sur les lignes suivantes\u00a0: M\u00e9tro, T2, T3, T4, F1, F2, F5, F7, F8, 10, 11, 13, 14, 15, 20, 22, 36, et Filo&rsquo;r 3.<\/strong> En parall\u00e8le, les fr\u00e9quences de passage sur certaines lignes seront renforc\u00e9es le mardi 8 juillet. Sur la ligne de M\u00e9tro, un passage toutes les 5 minutes est pr\u00e9vu le matin entre Saint-Sever et Gare Rue Verte et un toutes les 10 minutes entre Georges-Braque \/ Technop\u00f4le et Saint-Sever. L&rsquo;apr\u00e8s-midi, un passage toutes les 3 minutes entre Saint-Sever et Gare Rue Verte et un toutes les 6 minutes entre Georges-Braque \/ Technop\u00f4le et Saint-Sever. Sur les lignes T1-T2-T3-T4, il est pr\u00e9vu un passage toutes les 12 minutes le matin et toutes les 8 minutes l\u2019apr\u00e8s-midi. La ligne F2 passera quant \u00e0 elle toutes les 12 minutes le matin et toutes les 10 minutes l\u2019apr\u00e8s-midi. <strong>La gratuit\u00e9 s&rsquo;appliquera tout au long de la journ\u00e9e sur l&rsquo;ensemble des lignes<\/strong>.<\/p>\n<p> <strong>L&rsquo;Eure \u00e9galement concern\u00e9e<\/strong><\/p>\n<p align=\"left\"><strong>Avant d&rsquo;atteindre l&rsquo;agglom\u00e9ration de Rouen, le peloton traversera dix-sept communes euroises<\/strong>\u00a0: B\u00e9zu-la-For\u00eat, Bosquentin, Morgny, La Neuve-Grange, Puchay, Nogeon-en-Vexin, Saussay-la-Campagne, Frenelles-en-Vexin, Les Andelys, Cuverville, Heuqueville, Houville-en-Vexin, Amfreville-les-Champs, Flipou, Douville-sur-Andelle, Pont-Saint-Pierre et Romilly-sur-Andelle. Des localit\u00e9s qui font l&rsquo;objet d&rsquo;un arr\u00eat\u00e9 pris par le pr\u00e9fet. \u00ab\u00a0Le stationnement des v\u00e9hicules et leur attelage sera strictement interdit sur l\u2019ensemble du parcours du Tour de France, du lundi 7 juillet 2025 \u00e0 18h jusqu\u2019au mardi 8 juillet 2025, 30 minutes apr\u00e8s le passage du v\u00e9hicule de la gendarmerie portant le panneau \u00ab\u00a0fin de course\u00a0\u00bb. indique-t-on. <strong>La circulation sera quant \u00e0 elle interrompue dans les deux sens de circulation le mardi 8 juillet d\u00e8s 8h et jusqu\u2019\u00e0 15 minutes apr\u00e8s le passage du v\u00e9hicule de fin de course.<\/strong> Des axes susceptibles de mener les usagers jusqu&rsquo;\u00e0 l&rsquo;itin\u00e9raire de course seront \u00e9galement ferm\u00e9s :<\/p>\n<ul>\n<li>\n<p align=\"left\">Fermeture de la D6014 dans le sens est-ouest \u00e0 12h, au niveau du giratoire D6014\/D181 aux Thilliers-en-Vexin<\/p>\n<\/li>\n<li>\n<p align=\"left\">Fermeture de la D6014 dans le sens ouest-est \u00e0 12h et de la D321 en direction de Romilly-sur-Andelle \u00e0 09h, au niveau du giratoire D6014\/D321 \u00e0 Fleury-sur-Andelle<\/p>\n<\/li>\n<li>\n<p align=\"left\">Fermeture de la D6015 en direction des Authieux-sur-Port-Saint-Ouen \u00e0 12h, au niveau du giratoire D6015\/D321 \u00e0 Igoville<\/p>\n<\/li>\n<li>\n<p align=\"left\">Fermeture de la D321 en direction de Fleury-sur-Andelle et de la D126 (C\u00f4te Jacques Anquetil) \u00e0 09h, \u00e0 l&rsquo;intersection D321\/D126 \u00e0 Romilly-sur-Andelle\u00a0<\/p>\n<\/li>\n<li>\n<p align=\"left\">Demi-tour obligatoire d\u00e8s 9h aux Andelys, au giratoire D135\/D313<\/p>\n<\/li>\n<\/ul>\n<p>Le site <a href=\"https:\/\/www.inforoute27.fr\/\" rel=\"noopener\" target=\"_blank\">InfoRoutes 27<\/a> permet de consulter une carte interactive listant les diff\u00e9retnes restrictions.<\/p>\n","protected":false},"excerpt":{"rendered":"Restrictions de circulation et de stationnement, interruption de certaines lignes de transports en commun. On fait le point&hellip;\n","protected":false},"author":2,"featured_media":230395,"comment_status":"","ping_status":"","sticky":false,"template":"","format":"standard","meta":{"footnotes":""},"categories":[9587],"tags":[36887,1111,11,30595,36035,36893,36889,36891,36900,36894,1777,9770,674,1011,27,36895,22461,36149,36892,36896,12,5161,25,36173,9590,36899,36898,36888,36890,36886,36885,36897],"class_list":{"0":"post-230394","1":"post","2":"type-post","3":"status-publish","4":"format-standard","5":"has-post-thumbnail","7":"category-rouen","8":"tag-4e-etape-tour-de-france","9":"tag-actu","10":"tag-actualites","11":"tag-belbeuf","12":"tag-bihorel","13":"tag-bonsecours","14":"tag-circulation-rouen-tour-de-france","15":"tag-circulation-tour-de-france","16":"tag-ciruclation-8-juillet","17":"tag-darnetal","18":"tag-eu","19":"tag-eure","20":"tag-europe","21":"tag-fr","22":"tag-france","23":"tag-infos-eure","24":"tag-infos-rouen","25":"tag-la-neuville-chant-doisel","26":"tag-le-mesnil-esnard","27":"tag-les-andelys","28":"tag-news","29":"tag-normandie","30":"tag-republique-francaise","31":"tag-reseau-astuce","32":"tag-rouen","33":"tag-stationnement-8-juillet","34":"tag-stationnement-rouen","35":"tag-stationnement-rouen-tour-de-france","36":"tag-stationnement-tour-de-france","37":"tag-tour-de-france-eure","38":"tag-tour-de-france-rouen","39":"tag-tour-de-france-rouen-stationnement"},"share_on_mastodon":{"url":"","error":"Validation failed: Text character limit of 500 exceeded"},"_links":{"self":[{"href":"https:\/\/www.europesays.com\/fr\/wp-json\/wp\/v2\/posts\/230394","targetHints":{"allow":["GET"]}}],"collection":[{"href":"https:\/\/www.europesays.com\/fr\/wp-json\/wp\/v2\/posts"}],"about":[{"href":"https:\/\/www.europesays.com\/fr\/wp-json\/wp\/v2\/types\/post"}],"author":[{"embeddable":true,"href":"https:\/\/www.europesays.com\/fr\/wp-json\/wp\/v2\/users\/2"}],"replies":[{"embeddable":true,"href":"https:\/\/www.europesays.com\/fr\/wp-json\/wp\/v2\/comments?post=230394"}],"version-history":[{"count":0,"href":"https:\/\/www.europesays.com\/fr\/wp-json\/wp\/v2\/posts\/230394\/revisions"}],"wp:featuredmedia":[{"embeddable":true,"href":"https:\/\/www.europesays.com\/fr\/wp-json\/wp\/v2\/media\/230395"}],"wp:attachment":[{"href":"https:\/\/www.europesays.com\/fr\/wp-json\/wp\/v2\/media?parent=230394"}],"wp:term":[{"taxonomy":"category","embeddable":true,"href":"https:\/\/www.europesays.com\/fr\/wp-json\/wp\/v2\/categories?post=230394"},{"taxonomy":"post_tag","embeddable":true,"href":"https:\/\/www.europesays.com\/fr\/wp-json\/wp\/v2\/tags?post=230394"}],"curies":[{"name":"wp","href":"https:\/\/api.w.org\/{rel}","templated":true}]}}