{"id":230408,"date":"2025-07-06T12:24:58","date_gmt":"2025-07-06T12:24:58","guid":{"rendered":"https:\/\/www.europesays.com\/fr\/230408\/"},"modified":"2025-07-06T12:24:58","modified_gmt":"2025-07-06T12:24:58","slug":"pianos-brouette-met-pianos-et-artistes-dans-les-arbres-a-nantes","status":"publish","type":"post","link":"https:\/\/www.europesays.com\/fr\/230408\/","title":{"rendered":"Pianos brouette met pianos et artistes dans les arbres \u00e0 Nantes"},"content":{"rendered":"<p>Le week-end sera perch\u00e9 au parc de la Roseraie, \u00e0 Nantes, avec, au sens propre, des artistes dans les arbres, un piano suspendu\u2026 Magique et po\u00e9tique\u00a0! Le public qui les regardera depuis le sol, install\u00e9 sur des couvertures ou dans des transats, sera aussi invit\u00e9 \u00e0 grimper dans les arbres, encadr\u00e9s par des professionnels.<\/p>\n<p>Deuxi\u00e8me \u00e9dition<\/p>\n<p>L\u2019\u00e9v\u00e9nement est sign\u00e9 de l\u2019association Piano Brouette. <a href=\"https:\/\/nantes.maville.com\/actu\/actudet_-au-parc-de-la-roseraie-du-piano-perche-dans-les-arbres-_52716-6379924_actu.Htm\" rel=\"nofollow noopener\" target=\"_blank\">C\u2019est sa deuxi\u00e8me \u00e9dition<\/a> et tout est gratuit avec une\u00a0participation libre pour \u00ab\u00a0arroser\u00a0\u00bb les artistes\u00a0!<\/p>\n<p><strong>Samedi 5\u00a0juillet,<\/strong> de 13\u00a0h \u00e0 22\u00a0h,\u00a0et <strong>dimanche 6\u00a0juillet,<\/strong> de 10\u00a0h \u00e0 16\u00a0h, au parc de la Roseraie, \u00e0 Nantes (tram 1\u00a0Beaujoire). Le parc est ouvert de\u00a08\u00a0h\u00a030 \u00e0 22\u00a0h\u00a030.<\/p>\n<p>\u00a0<\/p>\n","protected":false},"excerpt":{"rendered":"Le week-end sera perch\u00e9 au parc de la Roseraie, \u00e0 Nantes, avec, au sens propre, des artistes dans&hellip;\n","protected":false},"author":2,"featured_media":230409,"comment_status":"","ping_status":"","sticky":false,"template":"","format":"standard","meta":{"footnotes":""},"categories":[2818],"tags":[1111,11,3570,2937,31361,1777,674,1011,27,3736,766,12,2636,36903,25],"class_list":{"0":"post-230408","1":"post","2":"type-post","3":"status-publish","4":"format-standard","5":"has-post-thumbnail","7":"category-nantes","8":"tag-actu","9":"tag-actualites","10":"tag-arbres","11":"tag-artistes","12":"tag-brouette","13":"tag-eu","14":"tag-europe","15":"tag-fr","16":"tag-france","17":"tag-met","18":"tag-nantes","19":"tag-news","20":"tag-pays-de-la-loire","21":"tag-pianos","22":"tag-republique-francaise"},"share_on_mastodon":{"url":"https:\/\/pubeurope.com\/@fr\/114806280892425930","error":""},"_links":{"self":[{"href":"https:\/\/www.europesays.com\/fr\/wp-json\/wp\/v2\/posts\/230408","targetHints":{"allow":["GET"]}}],"collection":[{"href":"https:\/\/www.europesays.com\/fr\/wp-json\/wp\/v2\/posts"}],"about":[{"href":"https:\/\/www.europesays.com\/fr\/wp-json\/wp\/v2\/types\/post"}],"author":[{"embeddable":true,"href":"https:\/\/www.europesays.com\/fr\/wp-json\/wp\/v2\/users\/2"}],"replies":[{"embeddable":true,"href":"https:\/\/www.europesays.com\/fr\/wp-json\/wp\/v2\/comments?post=230408"}],"version-history":[{"count":0,"href":"https:\/\/www.europesays.com\/fr\/wp-json\/wp\/v2\/posts\/230408\/revisions"}],"wp:featuredmedia":[{"embeddable":true,"href":"https:\/\/www.europesays.com\/fr\/wp-json\/wp\/v2\/media\/230409"}],"wp:attachment":[{"href":"https:\/\/www.europesays.com\/fr\/wp-json\/wp\/v2\/media?parent=230408"}],"wp:term":[{"taxonomy":"category","embeddable":true,"href":"https:\/\/www.europesays.com\/fr\/wp-json\/wp\/v2\/categories?post=230408"},{"taxonomy":"post_tag","embeddable":true,"href":"https:\/\/www.europesays.com\/fr\/wp-json\/wp\/v2\/tags?post=230408"}],"curies":[{"name":"wp","href":"https:\/\/api.w.org\/{rel}","templated":true}]}}