{"id":230414,"date":"2025-07-06T12:28:13","date_gmt":"2025-07-06T12:28:13","guid":{"rendered":"https:\/\/www.europesays.com\/fr\/230414\/"},"modified":"2025-07-06T12:28:13","modified_gmt":"2025-07-06T12:28:13","slug":"girondins-hummel-officialise-comme-nouvel-equipementier-de-bordeaux-fini-adidas","status":"publish","type":"post","link":"https:\/\/www.europesays.com\/fr\/230414\/","title":{"rendered":"Girondins : Hummel officialis\u00e9 comme nouvel \u00e9quipementier de Bordeaux, fini Adidas"},"content":{"rendered":"<p><img decoding=\"async\" src=\"https:\/\/www.europesays.com\/fr\/wp-content\/uploads\/2025\/07\/671_a229ada2b049b07cdb7ba17742b1bd9a.jpg\" alt=\"Girondins : Hummel officialis\u00e9 comme nouvel \u00e9quipementier de Bordeaux, fini Adidas\" class=\"img-responsive mt-3\"\/><\/p>\n<p class=\"text-center mb-3\" style=\"font-size: 14px\">\u00a9 Iconsport<\/p>\n<p style=\"text-align: justify;\">C&rsquo;\u00e9tait attendu, Hummel est le nouvel \u00e9quipementier des Girondins de Bordeaux. Il va \u00e9quiper le club sur une longue dur\u00e9e, plus de 3 ans, selon nos informations.<\/p>\n<p style=\"text-align: justify;\">Les maillots de la saison \u00e0 venir ne sont pas pr\u00e9sent\u00e9s, mais un maillot d&rsquo;entra\u00eenement bleu, sans logo du club, est affich\u00e9 dans la vid\u00e9o du club, et affich\u00e9 par Rio Mavuba (voir vid\u00e9o en bas de page). Peut-il faut-il y voir un signe du nouveau design.<\/p>\n<p>\u00ab\u00a0Cette collaboration marque l\u2019ouverture d\u2019un nouveau chapitre dans l\u2019histoire du Club, plac\u00e9 sous le signe du renouveau et de l\u2019ambition\u00a0\u00bb \u00e9crit le club.<\/p>\n<p><strong>\u00ab\u00a0S\u2019associer aux Girondins de Bordeaux, c\u2019est bien plus qu\u2019un partenariat : c\u2019est une fiert\u00e9\u00a0\u00bb<\/strong><\/p>\n<p style=\"text-align: justify;\">\u00a0<\/p>\n<p style=\"text-align: justify;\">Les mots de Maxime Lefeuvre (Country manager Hummel France) sur le site du club : \u00ab\u00a0S\u2019associer aux Girondins de Bordeaux, c\u2019est bien plus qu\u2019un partenariat : c\u2019est une fiert\u00e9. C\u2019est rejoindre une institution, un club qui a marqu\u00e9 des g\u00e9n\u00e9rations de supporters et qui porte une vision ax\u00e9e sur sa reconqu\u00eate, et son retour \u00e0 sa place au sein du football fran\u00e7ais.<\/p>\n<p style=\"text-align: justify;\">La confiance accord\u00e9e par le club t\u00e9moigne de notre volont\u00e9 commune de b\u00e2tir un projet solide, inscrit dans la dur\u00e9e, et de contribuer \u00e0 cette nouvelle page de son histoire.<\/p>\n<p style=\"text-align: justify;\">Ce partenariat s\u2019inscrit comme une \u00e9tape importante dans le d\u00e9veloppement de Hummel en France. Il vient renforcer notre pr\u00e9sence dans le football et illustre pleinement notre engagement dans le sport collectif, aux c\u00f4t\u00e9s de clubs porteurs de sens, de passion et d\u2019identit\u00e9.<\/p>\n<p style=\"text-align: justify;\">Aux c\u00f4t\u00e9s du groupe Full Ace, ce partenariat \u00e9l\u00e8ve l\u2019image de la marque Hummel comme l\u2019\u00e9quipementier de TOUTES les \u00e9quipes, en conjuguant performance, passion et vision.\u00a0\u00bb<\/p>\n<p style=\"text-align: justify;\">Les maillots de matchs seront pr\u00e9sents dans les \u00ab\u00a0prochaines semaines\u00a0\u00bb explique le club.<\/p>\n<p style=\"text-align: justify;\">Enfin, la distribution se fera sur le territoire avec le partenaire historique Full Ace dans les points de vente au stade, en centre-ville et sur l\u2019eshop.<\/p>\n<p>La vid\u00e9o :<\/p>\n<blockquote class=\"twitter-tweet\">\n<p dir=\"ltr\" lang=\"fr\">????????????????????????????????, :blue_heart:<\/p>\n<p>Une nouvelle r\u00e9volution se pr\u00e9pare.<br \/>\u00c0 toutes celles et ceux qui portent ce club dans leur c\u0153ur,<br \/>Ensemble, \u00e9crivons une nouvelle page de notre histoire.<br \/><a href=\"https:\/\/twitter.com\/hummelFrance?ref_src=twsrc%5Etfw\" target=\"_blank\" rel=\"noopener\">@hummelFrance<\/a>, accompagn\u00e9 par Full Ace nous rejoint dans cet acte fondateur et devient l&rsquo;\u00e9quipementier\u2026 <a href=\"https:\/\/t.co\/H1SRWQrZAk\">pic.twitter.com\/H1SRWQrZAk<\/a><\/p>\n<p>\u2014 FC Girondins de Bordeaux (@girondins) <a href=\"https:\/\/twitter.com\/girondins\/status\/1941785617022558678?ref_src=twsrc%5Etfw\" target=\"_blank\" rel=\"noopener\">July 6, 2025<\/a>\n<\/p><\/blockquote>\n<p>\u00a0<\/p>\n<p>\u00c0 lire &gt;&gt; <strong><a href=\"https:\/\/www.webgirondins.com\/actualite-girondins-girondins-de-bordeaux-urgence-mercato-a-j-1-un-gardien-et-des-milieux-attendus-129633\" target=\"_blank\" rel=\"noopener\">Urgence mercato \u00e0 J-1, un gardien et des milieux attendus<\/a><\/strong><\/p>\n<p>Notre podcast court :<\/p>\n<p>N.P<\/p>\n<p>    <script async src=\"https:\/\/platform.twitter.com\/widgets.js\" charset=\"utf-8\"><\/script><\/p>\n","protected":false},"excerpt":{"rendered":"\u00a9 Iconsport C&rsquo;\u00e9tait attendu, Hummel est le nouvel \u00e9quipementier des Girondins de Bordeaux. Il va \u00e9quiper le club&hellip;\n","protected":false},"author":2,"featured_media":230415,"comment_status":"","ping_status":"","sticky":false,"template":"","format":"standard","meta":{"footnotes":""},"categories":[2817],"tags":[1111,11,25770,1997,1993,36904,1777,674,36905,1011,27,1987,33343,29268,12,10542,2219,28960,25],"class_list":{"0":"post-230414","1":"post","2":"type-post","3":"status-publish","4":"format-standard","5":"has-post-thumbnail","7":"category-bordeaux","8":"tag-actu","9":"tag-actualites","10":"tag-adidas","11":"tag-bordeaux","12":"tag-comme","13":"tag-equipementier","14":"tag-eu","15":"tag-europe","16":"tag-fini","17":"tag-fr","18":"tag-france","19":"tag-girondins","20":"tag-hummel","21":"tag-mettant","22":"tag-news","23":"tag-nouvel","24":"tag-nouvelle-aquitaine","25":"tag-officialise","26":"tag-republique-francaise"},"share_on_mastodon":{"url":"https:\/\/pubeurope.com\/@fr\/114806292903169480","error":""},"_links":{"self":[{"href":"https:\/\/www.europesays.com\/fr\/wp-json\/wp\/v2\/posts\/230414","targetHints":{"allow":["GET"]}}],"collection":[{"href":"https:\/\/www.europesays.com\/fr\/wp-json\/wp\/v2\/posts"}],"about":[{"href":"https:\/\/www.europesays.com\/fr\/wp-json\/wp\/v2\/types\/post"}],"author":[{"embeddable":true,"href":"https:\/\/www.europesays.com\/fr\/wp-json\/wp\/v2\/users\/2"}],"replies":[{"embeddable":true,"href":"https:\/\/www.europesays.com\/fr\/wp-json\/wp\/v2\/comments?post=230414"}],"version-history":[{"count":0,"href":"https:\/\/www.europesays.com\/fr\/wp-json\/wp\/v2\/posts\/230414\/revisions"}],"wp:featuredmedia":[{"embeddable":true,"href":"https:\/\/www.europesays.com\/fr\/wp-json\/wp\/v2\/media\/230415"}],"wp:attachment":[{"href":"https:\/\/www.europesays.com\/fr\/wp-json\/wp\/v2\/media?parent=230414"}],"wp:term":[{"taxonomy":"category","embeddable":true,"href":"https:\/\/www.europesays.com\/fr\/wp-json\/wp\/v2\/categories?post=230414"},{"taxonomy":"post_tag","embeddable":true,"href":"https:\/\/www.europesays.com\/fr\/wp-json\/wp\/v2\/tags?post=230414"}],"curies":[{"name":"wp","href":"https:\/\/api.w.org\/{rel}","templated":true}]}}