{"id":230418,"date":"2025-07-06T12:30:09","date_gmt":"2025-07-06T12:30:09","guid":{"rendered":"https:\/\/www.europesays.com\/fr\/230418\/"},"modified":"2025-07-06T12:30:09","modified_gmt":"2025-07-06T12:30:09","slug":"la-saison-estivale-est-lancee","status":"publish","type":"post","link":"https:\/\/www.europesays.com\/fr\/230418\/","title":{"rendered":"la saison estivale est lanc\u00e9e"},"content":{"rendered":"<p>            Par<br \/>\n        <strong><br \/>\n            <a href=\"https:\/\/actu.fr\/auteur\/lea-afonso\" title=\"Consulter tous les articles de L\u00e9a Afonso\" rel=\"nofollow noopener\" target=\"_blank\">L\u00e9a Afonso<\/a><br \/>\n        <\/strong><\/p>\n<p>        Publi\u00e9 le<\/p>\n<p>            6 juil. 2025 \u00e0 14h20        <\/p>\n<p>Qui dit p\u00e9riode estivale dit r\u00e9ouverture des lieux touristiques\u2009! Et le <strong>ch\u00e2teau de Lar\u00e9ole<\/strong> situ\u00e9 au nord-ouest de <a href=\"https:\/\/actu.fr\/toulouse\/\" rel=\"nofollow noopener\" target=\"_blank\">Toulouse<\/a> ne manque pas \u00e0 l\u2019appel. <strong>Depuis le 1er juillet 2025<\/strong> et jusqu\u2019\u00e0 fin ao\u00fbt 2025, ce lieu patrimonial accueillera \u00e0 nouveau le public. On vous fait d\u00e9couvrir.<\/p>\n<p>Des visites pour d\u00e9couvrir le ch\u00e2teau<\/p>\n<p class=\" wall-content\">Rendez-vous le 1er\u00a0juillet au pied du ch\u00e2teau. Une nouvelle saison touristique est lanc\u00e9e \u00e0 Lar\u00e9ole, commune \u00e0 40\u00a0minutes au nord-ouest de Toulouse, l\u00e0 o\u00f9 se trouve un majestueux ch\u00e2teau.<strong> Construit en 1579<\/strong> par l\u2019architecte toulousain Dominique Bachelier, qui a rendu son b\u00e2ti unique en m\u00ealant <strong>briques toulousaines et pierres blanches<\/strong> sur les murs ext\u00e9rieurs.<\/p>\n<p class=\" wall-content\">D<strong>e 8h30 \u00e0 17h en semaine et de 9h30 \u00e0 18h le week-end<\/strong>, le <strong>parc<\/strong> et la <strong>cour<\/strong> du ch\u00e2teau seront ouverts <strong>gratuitement<\/strong> au public, tandis que les plus passionn\u00e9s pourront visiter les int\u00e9rieurs.\u00a0Haute-Garonne Tourisme proposera des visites guid\u00e9es gratuites les mardis et jeudis sur r\u00e9servation.<\/p>\n<p>Ch\u00e2teau et attractivit\u00e9 du d\u00e9partement<\/p>\n<p class=\" wall-content\">Ce petit joyau de la Renaissance est la propri\u00e9t\u00e9 du Conseil d\u00e9partemental depuis 1984. Il a de ce fait \u00e9t\u00e9 restaur\u00e9 par la collectivit\u00e9 pendant plus de 20\u00a0ans pour assurer sa p\u00e9rennit\u00e9.<\/p>\n<p class=\" wall-content\">\u00ab<strong>\u2009Class\u00e9<\/strong> d\u2019une part \u00e0 l\u2019inventaire des <strong>Monuments Historiques, <\/strong>il b\u00e9n\u00e9ficie, d\u2019autre part depuis 2019, d\u2019une <strong>\u00e9toile dans le Guide Vert Michelin Pyr\u00e9n\u00e9es Toulouse Gers<\/strong>\u2009\u00bb, explique le d\u00e9partement de la Haute-Garonne. Des atouts qui lui permettent de participer pleinement \u00e0 l\u2019attractivit\u00e9 touristique du d\u00e9partement.<\/p>\n<p class=\" wall-content\">Dans cette optique d\u2019attractivit\u00e9, depuis 2006 des expositions d\u2019art contemporain, des spectacles et des visites guid\u00e9es y ont lieu. \u00ab\u2009En 2026, la 28\u1d49 \u00e9dition du festival 31 Notes d\u2019\u00e9t\u00e9 prendra \u00e0 nouveau ses quartiers dans les jardins du ch\u00e2teau\u2009\u00bb confirme le d\u00e9partement.<\/p>\n<p>Infos pratiques\u2009:<br \/>\nAdresse\u2009: Ch\u00e2teau de Lar\u00e9ole, 31480 Lar\u00e9ole<br \/>\nR\u00e9servation<a href=\"https:\/\/www.hautegaronnetourisme.com\/visites-lareole\/?utm_source=brevo&amp;utm_campaign=CP%20-%20Rouverture%20au%20public%20du%20chteau%20de%20Larole%20-%20Du%20dimanche%201er%20juillet%20au%20dimanche%2031%20aot&amp;utm_medium=email\" rel=\"nofollow noopener\" target=\"_blank\"> sur ce site<\/a><\/p>\n<p class=\" wall-content\">Suivez toute l\u2019actualit\u00e9 de vos villes et m\u00e9dias favoris en vous inscrivant \u00e0 <a href=\"https:\/\/moncompte.actu.fr\" title=\"D\u00e9couvez Mon Actu\" rel=\"nofollow noopener\" data-trk=\"{&quot;cta&quot;:{&quot;action&quot;:&quot;https:\\\/\\\/moncompte.actu.fr&quot;,&quot;category&quot;:&quot;mon compte&quot;,&quot;from&quot;:&quot;article footer&quot;,&quot;name&quot;:&quot;Mon actu&quot;,&quot;type&quot;:&quot;cta&quot;}}\" target=\"_blank\">Mon Actu<\/a>.<\/p>\n","protected":false},"excerpt":{"rendered":"Par L\u00e9a Afonso Publi\u00e9 le 6 juil. 2025 \u00e0 14h20 Qui dit p\u00e9riode estivale dit r\u00e9ouverture des lieux&hellip;\n","protected":false},"author":2,"featured_media":230419,"comment_status":"","ping_status":"","sticky":false,"template":"","format":"standard","meta":{"footnotes":""},"categories":[2816],"tags":[1111,11,1777,674,1011,27,1652,12,2680,25,2312,602],"class_list":{"0":"post-230418","1":"post","2":"type-post","3":"status-publish","4":"format-standard","5":"has-post-thumbnail","7":"category-toulouse","8":"tag-actu","9":"tag-actualites","10":"tag-eu","11":"tag-europe","12":"tag-fr","13":"tag-france","14":"tag-loisirs-culture","15":"tag-news","16":"tag-occitanie","17":"tag-republique-francaise","18":"tag-toulouse","19":"tag-tourisme"},"share_on_mastodon":{"url":"https:\/\/pubeurope.com\/@fr\/114806300542788856","error":""},"_links":{"self":[{"href":"https:\/\/www.europesays.com\/fr\/wp-json\/wp\/v2\/posts\/230418","targetHints":{"allow":["GET"]}}],"collection":[{"href":"https:\/\/www.europesays.com\/fr\/wp-json\/wp\/v2\/posts"}],"about":[{"href":"https:\/\/www.europesays.com\/fr\/wp-json\/wp\/v2\/types\/post"}],"author":[{"embeddable":true,"href":"https:\/\/www.europesays.com\/fr\/wp-json\/wp\/v2\/users\/2"}],"replies":[{"embeddable":true,"href":"https:\/\/www.europesays.com\/fr\/wp-json\/wp\/v2\/comments?post=230418"}],"version-history":[{"count":0,"href":"https:\/\/www.europesays.com\/fr\/wp-json\/wp\/v2\/posts\/230418\/revisions"}],"wp:featuredmedia":[{"embeddable":true,"href":"https:\/\/www.europesays.com\/fr\/wp-json\/wp\/v2\/media\/230419"}],"wp:attachment":[{"href":"https:\/\/www.europesays.com\/fr\/wp-json\/wp\/v2\/media?parent=230418"}],"wp:term":[{"taxonomy":"category","embeddable":true,"href":"https:\/\/www.europesays.com\/fr\/wp-json\/wp\/v2\/categories?post=230418"},{"taxonomy":"post_tag","embeddable":true,"href":"https:\/\/www.europesays.com\/fr\/wp-json\/wp\/v2\/tags?post=230418"}],"curies":[{"name":"wp","href":"https:\/\/api.w.org\/{rel}","templated":true}]}}