{"id":230420,"date":"2025-07-06T12:32:30","date_gmt":"2025-07-06T12:32:30","guid":{"rendered":"https:\/\/www.europesays.com\/fr\/230420\/"},"modified":"2025-07-06T12:32:30","modified_gmt":"2025-07-06T12:32:30","slug":"des-passionnes-de-velo-venus-de-plus-ou-moins-loin-pour-vivre-le-depart-du-tour-de-france-a-lille","status":"publish","type":"post","link":"https:\/\/www.europesays.com\/fr\/230420\/","title":{"rendered":"Des passionn\u00e9s de v\u00e9lo venus de plus ou moins loin pour vivre le d\u00e9part du Tour de France \u00e0 Lille"},"content":{"rendered":"<p>            Par<br \/>\n        <strong><br \/>\n            <a href=\"https:\/\/actu.fr\/auteur\/redaction-lille\" title=\"Consulter tous les articles de R\u00e9daction Lille\" rel=\"nofollow noopener\" target=\"_blank\">R\u00e9daction Lille<\/a><br \/>\n        <\/strong><\/p>\n<p>        Publi\u00e9 le<\/p>\n<p>            5 juil. 2025 \u00e0 15h37        <\/p>\n<p><b>Samedi 5\u00a0juillet 2025<\/b>, c\u2019est le <b>grand d\u00e9part <\/b>du <a href=\"https:\/\/actu.fr\/tag\/tour-de-france-2025\" rel=\"nofollow noopener\" target=\"_blank\">Tour de France<\/a> \u00e0 <b>Lille<\/b> (Nord). Dans l\u2019attente du<b> passage des coureurs<\/b>, nous avons rencontr\u00e9 des<b> passionn\u00e9s de v\u00e9lo<\/b> dans la ville d\u00e9part et ailleurs dans la m\u00e9tropole. Certains sont venus de tr\u00e8s loin pour vivre l\u2019ouverture de la comp\u00e9tition\u2009!<\/p>\n<p class=\" wall-content\">Revivez cette premi\u00e8re \u00e9tape avec nous, <a href=\"https:\/\/actu.fr\/hauts-de-france\/lille_59350\/tour-de-france-2025-le-jour-du-grand-depart-depuis-lille-est-arrive_62872381.html\" rel=\"nofollow noopener\" target=\"_blank\">en images et en t\u00e9moignages<\/a>.<\/p>\n<p>Des \u00ab\u2009acharn\u00e9s du Tour\u2009\u00bb \u00e0 Lille-Sud<br \/>\n    <img   decoding=\"async\" loading=\"lazy\" class=\"size-large\" src=\"https:\/\/www.europesays.com\/fr\/wp-content\/uploads\/2025\/07\/8a4820f1e86869e4820f1e86862582v-1-960x640.jpeg\" alt=\"Une belle bande est pr\u00e9sente depuis ce samedi matin 8h20 \u00e0 Lille-Sud. Notez que Doriane, 19 ans, tout \u00e0 droite de la photo, est habill\u00e9e gr\u00e2ce aux goodies de la caravane de l'ann\u00e9e derni\u00e8re. \" j=\"\" f=\"\" mes=\"\" ans=\"\" et=\"\" couverte=\"\" de=\"\" cadeaux=\"\" au=\"\" village=\"\" du=\"\" tour.=\"\" width=\"960\" height=\"640\"\/><br \/>\n    Une belle bande est pr\u00e9sente depuis ce samedi matin 8\u2009h\u200920 \u00e0 Lille-Sud. Notez que Doriane, 19\u00a0ans, tout \u00e0 droite de la photo, est habill\u00e9e gr\u00e2ce aux goodies de la caravane de l\u2019ann\u00e9e derni\u00e8re. \u00ab\u2009J\u2019ai f\u00eat\u00e9 mes 18\u00a0ans et j\u2019ai \u00e9t\u00e9 couverte de cadeaux au village du Tour.\u2009\u00bb \u00a9HM\/Lille actu<\/p>\n<p class=\" wall-content\">\u00c0 Lille-Sud, on a crois\u00e9 des \u00ab\u2009acharn\u00e9s du Tour de France\u2009\u00bb.\u00a0Originaires de Ca\u00ebstre (Nord), ils suivent plein de courses, notamment dans les Flandres. Estelle, \u00e0 gauche, est de Toulouse. Elle est devenue amie avec Vianney (\u00e0 c\u00f4t\u00e9 d\u2019elle) pendant le Paris Roubaix 2022. Arriv\u00e9s tr\u00e8s t\u00f4t ce matin, ils ont choisi ce spot-l\u00e0 \u00ab\u2009pour \u00eatre proches du m\u00e9tro et partir vite pour ensuite aller \u00e0 5\u00a0km de l\u2019arriv\u00e9e\u2009\u00bb, un rond-point \u00e0 Lomme. Tout a \u00e9t\u00e9 \u00e9tudi\u00e9 en amont pour suivre au mieux les \u00e9tapes locales. D\u00e9cid\u00e9ment, ils ont le v\u00e9lo dans la peau\u2009!<\/p>\n<p>Harry et Madeleine, de Londres, voulaient vivre le d\u00e9part \u00e0 Lille<br \/>\n    <img   decoding=\"async\" loading=\"lazy\" class=\"size-large\" src=\"https:\/\/www.europesays.com\/fr\/wp-content\/uploads\/2025\/07\/604cd2cbe8686544cd2cbe868284cdv-1-960x640.jpeg\" alt=\"Harry et Madeleine sont venus de Londres pour vivre l'\u00e9v\u00e9nement \u00e0 Lille. C'est leur 2e fois sur le Tour de France. En 2024, ils \u00e9taient dans le Jura.\" width=\"960\" height=\"640\"\/><br \/>\n    Harry et Madeleine sont venus de Londres pour vivre l\u2019\u00e9v\u00e9nement \u00e0 Lille. C\u2019est leur 2e fois sur le Tour de France. En 2024, ils \u00e9taient dans le Jura. \u00a9RM\/Lille actuVid\u00e9os : en ce moment sur Actu<\/p>\n<p class=\" wall-content\">Harry et Madeleine, install\u00e9s au niveau de la porte de Paris, viennent de Londres. C\u2019est leur 2e Tour de France. Ils sont fans de cyclisme et vont rester une nuit pour vivre l\u2019\u00e9v\u00e9nement \u00e0 Lille. Pour leur premi\u00e8re fois en 2024, ils \u00e9taient dans le Jura.<\/p>\n<p class=\" wall-content\">\u00ab\u2009L\u2019ambiance est vraiment super, ici. On attend les goodies et les coureurs maintenant\u2009!\u2009\u00bb, confiaient-ils, juste avant le passage de la caravane.<\/p>\n<p>Louis venu profiter de l\u2019ambiance avec des amis<br \/>\n    <img   decoding=\"async\" loading=\"lazy\" class=\"size-large\" src=\"https:\/\/www.europesays.com\/fr\/wp-content\/uploads\/2025\/07\/9c24ed2fe86868034ed2fe8685434ev-960x640.jpeg\" alt=\"Louis, qui vit \u00e0 Lille, est venu pour vivre le grand d\u00e9part. C'est un passionn\u00e9 de v\u00e9lo (et amateur de Lille actu !).\" width=\"960\" height=\"640\"\/><br \/>\n    Louis, qui vit \u00e0 Lille, est venu pour vivre le grand d\u00e9part. C\u2019est un passionn\u00e9 de v\u00e9lo (et amateur de Lille actu\u2009!). \u00a9RM\/Lille actu<\/p>\n<p class=\" wall-content\">Louis habite \u00e0 Lille. Il est venu avec sa copine et des amis qui viennent de Reims pour vivre le d\u00e9part \u00e0 Lille. Ils vont venus profiter de l\u2019ambiance, surtout.<\/p>\n<blockquote class=\"ac-article-quote wall-content\">\n<p>\u00ab\u2009J\u2019ai toujours aim\u00e9 le cyclisme. J\u2019avais l\u2019habitude de regarder le Tour avec mon p\u00e8re\u2009!\u2009\u00bb<\/p>\n<p>Louis, venu avec des amis pour la premi\u00e8re \u00e9tape du Tour.<\/p><\/blockquote>\n<p>Une famille colombienne \u00e0 Seclin<br \/>\n    <img   decoding=\"async\" loading=\"lazy\" class=\"size-large\" src=\"https:\/\/www.europesays.com\/fr\/wp-content\/uploads\/2025\/07\/9f1183d519686932183d5196877218v-960x640.jpeg\" alt=\"Amandine Vachez\" width=\"960\" height=\"640\"\/><br \/>\n    La Colombie est pr\u00e9sente \u00e0 Seclin (Nord) pour ce Tour de France\u2009! \u00a9Amandine Vachez<\/p>\n<p class=\" wall-content\">Un peu plus loin dans la m\u00e9tropole lilloise, juste avant le passage de la caravane dans le Pas-de-Calais, nous avons crois\u00e9 une famille venue de l\u2019autre bout du monde\u2009: la Colombie. Rafael, au milieu, est un passionn\u00e9 de v\u00e9lo, et f\u00e9ru amateur du Tour de France. Il est venu trois semaines en France, sp\u00e9cialement pour vivre l\u2019exp\u00e9rience, avec son \u00e9pouse et la grand-m\u00e8re, Gloria et Lucila. Tous trois sont accompagn\u00e9s de Guillaume et Tatiana, qui vivent eux \u00e0 Seclin (ils sont \u00e0 gauche). Tatiana, en France depuis 8\u00a0ans, nous a fait la traduction. Vous vous doutez bien que Rafael supporte un athl\u00e8te\u2026 colombien\u2009!<\/p>\n<p class=\" wall-content\"><b>Amandine Vachez, avec Hervine Mahaud et Rapha\u00ebl Mahlmann<\/b><\/p>\n<p class=\" wall-content\">Suivez toute l\u2019actualit\u00e9 de vos villes et m\u00e9dias favoris en vous inscrivant \u00e0 <a href=\"https:\/\/moncompte.actu.fr\" title=\"D\u00e9couvez Mon Actu\" rel=\"nofollow noopener\" data-trk=\"{&quot;cta&quot;:{&quot;action&quot;:&quot;https:\\\/\\\/moncompte.actu.fr&quot;,&quot;category&quot;:&quot;mon compte&quot;,&quot;from&quot;:&quot;article footer&quot;,&quot;name&quot;:&quot;Mon actu&quot;,&quot;type&quot;:&quot;cta&quot;}}\" target=\"_blank\">Mon Actu<\/a>.<\/p>\n<ul class=\"ac-article-tag wall-content\">\n<li><a href=\"https:\/\/actu.fr\/tag\/tour-de-france\" data-trk=\"{&quot;cta&quot;:{&quot;action&quot;:&quot;Tour de France&quot;,&quot;category&quot;:&quot;tag&quot;,&quot;from&quot;:&quot;article footer&quot;,&quot;name&quot;:&quot;Tour de France&quot;,&quot;type&quot;:&quot;cta&quot;}}\" rel=\"nofollow noopener\" target=\"_blank\">#Tour de France<\/a><\/li>\n<li><a href=\"https:\/\/actu.fr\/tag\/tour-de-france-2025\" data-trk=\"{&quot;cta&quot;:{&quot;action&quot;:&quot;Tour de France 2025&quot;,&quot;category&quot;:&quot;tag&quot;,&quot;from&quot;:&quot;article footer&quot;,&quot;name&quot;:&quot;Tour de France 2025&quot;,&quot;type&quot;:&quot;cta&quot;}}\" rel=\"nofollow noopener\" target=\"_blank\">#Tour de France 2025<\/a><\/li>\n<\/ul>\n","protected":false},"excerpt":{"rendered":"Par R\u00e9daction Lille Publi\u00e9 le 5 juil. 2025 \u00e0 15h37 Samedi 5\u00a0juillet 2025, c\u2019est le grand d\u00e9part du&hellip;\n","protected":false},"author":2,"featured_media":230421,"comment_status":"","ping_status":"","sticky":false,"template":"","format":"standard","meta":{"footnotes":""},"categories":[2815],"tags":[1111,11,1777,674,1011,27,811,1307,12,25,104,210,2116],"class_list":{"0":"post-230420","1":"post","2":"type-post","3":"status-publish","4":"format-standard","5":"has-post-thumbnail","7":"category-lille","8":"tag-actu","9":"tag-actualites","10":"tag-eu","11":"tag-europe","12":"tag-fr","13":"tag-france","14":"tag-hauts-de-france","15":"tag-lille","16":"tag-news","17":"tag-republique-francaise","18":"tag-societe","19":"tag-tour-de-france","20":"tag-tour-de-france-2025"},"share_on_mastodon":{"url":"https:\/\/pubeurope.com\/@fr\/114806308676803489","error":""},"_links":{"self":[{"href":"https:\/\/www.europesays.com\/fr\/wp-json\/wp\/v2\/posts\/230420","targetHints":{"allow":["GET"]}}],"collection":[{"href":"https:\/\/www.europesays.com\/fr\/wp-json\/wp\/v2\/posts"}],"about":[{"href":"https:\/\/www.europesays.com\/fr\/wp-json\/wp\/v2\/types\/post"}],"author":[{"embeddable":true,"href":"https:\/\/www.europesays.com\/fr\/wp-json\/wp\/v2\/users\/2"}],"replies":[{"embeddable":true,"href":"https:\/\/www.europesays.com\/fr\/wp-json\/wp\/v2\/comments?post=230420"}],"version-history":[{"count":0,"href":"https:\/\/www.europesays.com\/fr\/wp-json\/wp\/v2\/posts\/230420\/revisions"}],"wp:featuredmedia":[{"embeddable":true,"href":"https:\/\/www.europesays.com\/fr\/wp-json\/wp\/v2\/media\/230421"}],"wp:attachment":[{"href":"https:\/\/www.europesays.com\/fr\/wp-json\/wp\/v2\/media?parent=230420"}],"wp:term":[{"taxonomy":"category","embeddable":true,"href":"https:\/\/www.europesays.com\/fr\/wp-json\/wp\/v2\/categories?post=230420"},{"taxonomy":"post_tag","embeddable":true,"href":"https:\/\/www.europesays.com\/fr\/wp-json\/wp\/v2\/tags?post=230420"}],"curies":[{"name":"wp","href":"https:\/\/api.w.org\/{rel}","templated":true}]}}