{"id":230422,"date":"2025-07-06T12:33:11","date_gmt":"2025-07-06T12:33:11","guid":{"rendered":"https:\/\/www.europesays.com\/fr\/230422\/"},"modified":"2025-07-06T12:33:11","modified_gmt":"2025-07-06T12:33:11","slug":"lartiste-lucky-love-embrase-le-vieux-port-a-marseille-sur-une-performance-profonde-et-engagee","status":"publish","type":"post","link":"https:\/\/www.europesays.com\/fr\/230422\/","title":{"rendered":"L\u2019artiste Lucky Love embrase le Vieux-Port \u00e0 Marseille sur une performance profonde et engag\u00e9e"},"content":{"rendered":"<p>La marche des fiert\u00e9s se termine tout juste \u00e0 l\u2019h\u00f4tel de ville, la sc\u00e8ne sur l\u2019eau accueille sa premi\u00e8re artiste. C\u2019est <a href=\"https:\/\/www.instagram.com\/sabbxmusic\/?hl=fr\" target=\"_blank\" rel=\"nofollow noopener\">Sabb<\/a> qui ouvre la danse. Jeune DJ, sur ses platines elle propose un mix qui explore des sonorit\u00e9s qui sortent de l\u2019ordinaire. Un m\u00e9lange de textures musicales sur de l\u2019\u00e9lectronique, de quoi r\u00e9veiller le Vieux-Port de <a href=\"https:\/\/www.laprovence.com\/bouches-du-rhone\/marseille-13055\" target=\"_blank\" rel=\"nofollow noopener\">Marseille<\/a>.<\/p>\n<p>Tr\u00e8s attendu, c\u2019est ensuite <a href=\"https:\/\/www.laprovence.com\/article\/culture-loisirs\/53231389550896\/worakls-lucky-love-la-horde-i-muvrini-hatik-joueront-sur-le-vieux-port-du-4-juillet-au-3-aout\" target=\"_blank\" rel=\"nofollow noopener\">au tour de Lucky Love de monter sur sc\u00e8ne<\/a>. Il a \u00e9mu la France enti\u00e8re pendant la c\u00e9r\u00e9monie d\u2019ouverture des Jeux paralympiques en interpr\u00e9tant My Ability. Ic\u00f4ne de la communaut\u00e9 LGBT, il a livr\u00e9 une performance engag\u00e9e et intime devant 20\u00a0000 personnes. En communion parfaite avec son public, Luc Bruy\u00e8re, de son vrai nom, a abord\u00e9 ses anciens probl\u00e8mes d\u2019addictions ainsi que son histoire personnelle. Pour sa premi\u00e8re \u00e0 Marseille, le chanteur a rendu un hommage puissant \u00e0 la communaut\u00e9 LGBT. Il d\u00e9die ses chansons aux femmes transgenres et d\u00e9nonce le patriarcat sur \u00ab\u00a0Masculinity\u00a0\u00bb.<\/p>\n<p>Entre des chansons \u00e9mouvantes et festives, l\u2019artiste a envo\u00fbt\u00e9 la foule. Il a enfin termin\u00e9 sa performance sur un message d\u2019amour en pr\u00e9sentant Matthieu, son nouveau fianc\u00e9, au grand public. Lucky Love a confi\u00e9 aux Marseillais sa demande en mariage unique r\u00e9alis\u00e9e quelques heures avant sur la route du concert.<\/p>\n<p>La soir\u00e9e s\u2019est ensuite poursuivie avec Jennifer Cardini qui a enflamm\u00e9 le Vieux Port. Les prochains concerts sur la sc\u00e8ne sur l\u2019eau se poursuivront <a href=\"https:\/\/www.laprovence.com\/article\/culture-loisirs\/53231389550896\/worakls-lucky-love-la-horde-i-muvrini-hatik-joueront-sur-le-vieux-port-du-4-juillet-au-3-aout\" target=\"_blank\" rel=\"nofollow noopener\">jusqu\u2019au dimanche 3\u00a0ao\u00fbt<\/a>.<\/p>\n<p><script async src=\"\/\/www.instagram.com\/embed.js\"><\/script><\/p>\n","protected":false},"excerpt":{"rendered":"La marche des fiert\u00e9s se termine tout juste \u00e0 l\u2019h\u00f4tel de ville, la sc\u00e8ne sur l\u2019eau accueille sa&hellip;\n","protected":false},"author":2,"featured_media":230423,"comment_status":"","ping_status":"","sticky":false,"template":"","format":"standard","meta":{"footnotes":""},"categories":[2814],"tags":[17,1111,11,28977,1777,674,1011,27,12420,29365,36907,884,12,882,16,25,3356,1179],"class_list":{"0":"post-230422","1":"post","2":"type-post","3":"status-publish","4":"format-standard","5":"has-post-thumbnail","7":"category-marseille","8":"tag-17","9":"tag-actu","10":"tag-actualites","11":"tag-embrase","12":"tag-eu","13":"tag-europe","14":"tag-fr","15":"tag-france","16":"tag-lartiste","17":"tag-love","18":"tag-lucky","19":"tag-marseille","20":"tag-news","21":"tag-provence-alpes-cote-dazur","22":"tag-region","23":"tag-republique-francaise","24":"tag-sur","25":"tag-vieux-port"},"share_on_mastodon":{"url":"https:\/\/pubeurope.com\/@fr\/114806312614508618","error":""},"_links":{"self":[{"href":"https:\/\/www.europesays.com\/fr\/wp-json\/wp\/v2\/posts\/230422","targetHints":{"allow":["GET"]}}],"collection":[{"href":"https:\/\/www.europesays.com\/fr\/wp-json\/wp\/v2\/posts"}],"about":[{"href":"https:\/\/www.europesays.com\/fr\/wp-json\/wp\/v2\/types\/post"}],"author":[{"embeddable":true,"href":"https:\/\/www.europesays.com\/fr\/wp-json\/wp\/v2\/users\/2"}],"replies":[{"embeddable":true,"href":"https:\/\/www.europesays.com\/fr\/wp-json\/wp\/v2\/comments?post=230422"}],"version-history":[{"count":0,"href":"https:\/\/www.europesays.com\/fr\/wp-json\/wp\/v2\/posts\/230422\/revisions"}],"wp:featuredmedia":[{"embeddable":true,"href":"https:\/\/www.europesays.com\/fr\/wp-json\/wp\/v2\/media\/230423"}],"wp:attachment":[{"href":"https:\/\/www.europesays.com\/fr\/wp-json\/wp\/v2\/media?parent=230422"}],"wp:term":[{"taxonomy":"category","embeddable":true,"href":"https:\/\/www.europesays.com\/fr\/wp-json\/wp\/v2\/categories?post=230422"},{"taxonomy":"post_tag","embeddable":true,"href":"https:\/\/www.europesays.com\/fr\/wp-json\/wp\/v2\/tags?post=230422"}],"curies":[{"name":"wp","href":"https:\/\/api.w.org\/{rel}","templated":true}]}}