{"id":230424,"date":"2025-07-06T12:34:11","date_gmt":"2025-07-06T12:34:11","guid":{"rendered":"https:\/\/www.europesays.com\/fr\/230424\/"},"modified":"2025-07-06T12:34:11","modified_gmt":"2025-07-06T12:34:11","slug":"marseille-le-jugement-du-proces-des-effondrements-mortels-de-la-rue-daubagne-rendu-ce-lundi-7-juillet","status":"publish","type":"post","link":"https:\/\/www.europesays.com\/fr\/230424\/","title":{"rendered":"Marseille\u00a0: le jugement du proc\u00e8s des effondrements mortels de la rue d\u2019Aubagne rendu ce lundi 7\u00a0juillet"},"content":{"rendered":"<p>Le 5\u00a0novembre 2018, vers 9\u00a0heures du matin, deux immeubles anciens du centre-ville de Marseille, situ\u00e9s aux num\u00e9ros\u00a063 et\u00a065 de la rue d\u2019Aubagne, dans le 1er arrondissement, s\u2019\u00e9croulent. Un troisi\u00e8me immeuble, situ\u00e9 au num\u00e9ro\u00a067, s\u2019effondrera \u00e0 75\u00a0% pendant les op\u00e9rations de s\u00e9curisation du chantier.<\/p>\n<p>Au total, huit personnes perdent la vie. Ouloume, Julien, Taher, Ch\u00e9rif, Fabien, Simona, Pape et Marie-Emmanuelle, pour ne citer que leurs pr\u00e9noms, repr\u00e9sentaient la diversit\u00e9 de Marseille et du quartier populaire de Noailles. Lors du <a href=\"https:\/\/www.humanite.fr\/societe\/aubagne\/effondrements-de-la-rue-daubagne-a-marseille-six-ans-apres-les-commemorations-avant-le-proces\" target=\"_blank\" rel=\"noopener\">proc\u00e8s<\/a>, qui s\u2019est tenu pendant un mois et demi \u00e0 l\u2019automne dernier, les d\u00e9bats ont notamment permis d\u2019\u00e9tablir que les effondrements des num\u00e9ros\u00a063, alors vide, et 65 \u00e9taient in\u00e9luctables au regard de l\u2019\u00e9tat du b\u00e2ti.<\/p>\n<p>Pour autant, aucune mise \u00e0 l\u2019abri des locataires du 65 n\u2019avait \u00e9t\u00e9 d\u00e9cid\u00e9e et les travaux entrepris s\u2019\u00e9taient av\u00e9r\u00e9s inefficaces, voire contre-productifs. Trois semaines avant le drame, l\u2019immeuble avait fait l\u2019objet d\u2019un \u00e9ni\u00e8me arr\u00eat\u00e9 de p\u00e9ril et avait \u00e9t\u00e9 temporairement \u00e9vacu\u00e9 le 18\u00a0octobre. \u00c0 l\u2019issue de l\u2019instruction, quatre personnes ont \u00e9t\u00e9 renvoy\u00e9es devant le tribunal. Parmi elles figurent, Julien Ruas, l\u2019adjoint du maire de l\u2019\u00e9poque, <a href=\"https:\/\/www.humanite.fr\/politique\/deces\/avec-laccent-de-pagnol-et-les-idees-de-maurras-jean-claude-gaudin-est-mort\" target=\"_blank\" rel=\"noopener\">l\u2019ancien \u00e9dile Jean-Claude Gaudin<\/a>, d\u00e9c\u00e9d\u00e9 quelques mois avant le proc\u00e8s, l\u2019architecte Richard Carta, qui avait expertis\u00e9 l\u2019immeuble moins de trois semaines avant son effondrement et deux personnes morales, le syndic du 65, le cabinet Liautard, ainsi que le bailleur social propri\u00e9taire du num\u00e9ro\u00a063, laiss\u00e9 \u00e0 l\u2019\u00e9tat de ruine par Marseille Habitat.<\/p>\n<p>Des poursuites jug\u00e9es incompl\u00e8tes par certaines parties civiles<\/p>\n<p>Pendant les r\u00e9quisitions, le procureur Michel Sastre a estim\u00e9 que la quasi-totalit\u00e9 des seize <a href=\"https:\/\/www.humanite.fr\/societe\/logement-insalubre\/marseille-premiere-mise-en-examen-apres-le-drame-de-la-rue-daubagne\" target=\"_blank\" rel=\"noopener\">pr\u00e9venus <\/a>\u00e9taient coupables. <a href=\"https:\/\/www.humanite.fr\/societe\/habitat\/proces-de-la-rue-daubagne-prison-ferme-requise-pour-negligence-coupable\" target=\"_blank\" rel=\"noopener\">Avec cinq ans de prison requis<\/a>, dont trois fermes, Xavier Cachard, l\u2019un des copropri\u00e9taires, pourrait \u00e9coper de l\u2019une des plus lourdes peines. En 2018, ce dernier, alors \u00e9lu r\u00e9gional, avait la double casquette de propri\u00e9taire et avocat du syndic.<\/p>\n<p>Selon Michel Sastre, les copropri\u00e9taires avaient bien \u00ab\u00a0la connaissance des probl\u00e8mes structurels de l\u2019immeuble\u00a0\u00bb mais avaient \u00ab\u00a0jou\u00e9 la montre\u00a0\u00bb pour \u00ab\u00a0d\u00e9penser le plus tard et le moins possible\u00a0\u00bb. Trois ans de prison dont deux fermes ont \u00e9galement \u00e9t\u00e9 r\u00e9clam\u00e9s contre Richard Carta, l\u2019expert-architecte qui n\u2019a pas ordonn\u00e9 l\u2019\u00e9vacuation de l\u2019immeuble et trois ans de prison contre Julian Ruas, seul \u00e9lu municipal poursuivi dans l\u2019affaire. Les deux pr\u00e9venus ont tout contest\u00e9 en bloc. Leurs avocats r\u00e9clament, quant \u00e0 eux, leur relaxe.<\/p>\n<p>Ces poursuites ont \u00e9t\u00e9 jug\u00e9es incompl\u00e8tes par certaines des parties civiles qui avaient d\u00e9cid\u00e9 de citer \u00e0 compara\u00eetre une douzaine de personnes suppl\u00e9mentaires, dont certains copropri\u00e9taires et des repr\u00e9sentants des deux personnes morales. \u00ab\u00a0Lundi, on saura si on s\u2019est tromp\u00e9 ou pas en poursuivant les propri\u00e9taires du 65 rue d\u2019Aubagne. Ces citations montrent en tout cas que les parties civiles se sont empar\u00e9es de l\u2019action judiciaire face aux carences de l\u2019instruction\u00a0\u00bb, a confi\u00e9 \u00e0 l\u2019AFP l\u2019avocat Brice Grazzini, qui d\u00e9fend une trentaine des quelque 90 parties civiles. Ces derni\u00e8res devraient \u00eatre fix\u00e9es ce lundi 7\u00a0juillet.<\/p>\n<p>Avant de partir, une derni\u00e8re chose\u2026<\/p>\n<p>Contrairement \u00e0 90% des m\u00e9dias fran\u00e7ais aujourd\u2019hui, <strong>l\u2019Humanit\u00e9 ne d\u00e9pend ni de grands groupes ni de milliardaires<\/strong>. Cela signifie que : <\/p>\n<ul class=\"wp-block-list\">\n<li>nous vous apportons des informations impartiales, sans compromis. Mais aussi que <\/li>\n<li>nous n\u2019avons pas les moyens financiers dont b\u00e9n\u00e9ficient les autres m\u00e9dias.<\/li>\n<\/ul>\n<p><strong>L\u2019information ind\u00e9pendante et de qualit\u00e9 a un co\u00fbt<\/strong>. Payez-le.<br \/><a href=\"https:\/\/stage.preprod.humanite.fr\/lhumanite-cest-vous\" data-type=\"link\" data-id=\"https:\/\/stage.preprod.humanite.fr\/lhumanite-cest-vous\" target=\"_blank\" rel=\"noopener\">Je veux en savoir plus<\/a><\/p>\n","protected":false},"excerpt":{"rendered":"Le 5\u00a0novembre 2018, vers 9\u00a0heures du matin, deux immeubles anciens du centre-ville de Marseille, situ\u00e9s aux num\u00e9ros\u00a063 et\u00a065&hellip;\n","protected":false},"author":2,"featured_media":230425,"comment_status":"","ping_status":"","sticky":false,"template":"","format":"standard","meta":{"footnotes":""},"categories":[2814],"tags":[1111,11,8008,36908,1777,674,1011,27,36909,884,12,5927,882,25],"class_list":{"0":"post-230424","1":"post","2":"type-post","3":"status-publish","4":"format-standard","5":"has-post-thumbnail","7":"category-marseille","8":"tag-actu","9":"tag-actualites","10":"tag-aubagne","11":"tag-effondrements","12":"tag-eu","13":"tag-europe","14":"tag-fr","15":"tag-france","16":"tag-logement-insalubre","17":"tag-marseille","18":"tag-news","19":"tag-procu00e8s","20":"tag-provence-alpes-cote-dazur","21":"tag-republique-francaise"},"share_on_mastodon":{"url":"https:\/\/pubeurope.com\/@fr\/114806316326626533","error":""},"_links":{"self":[{"href":"https:\/\/www.europesays.com\/fr\/wp-json\/wp\/v2\/posts\/230424","targetHints":{"allow":["GET"]}}],"collection":[{"href":"https:\/\/www.europesays.com\/fr\/wp-json\/wp\/v2\/posts"}],"about":[{"href":"https:\/\/www.europesays.com\/fr\/wp-json\/wp\/v2\/types\/post"}],"author":[{"embeddable":true,"href":"https:\/\/www.europesays.com\/fr\/wp-json\/wp\/v2\/users\/2"}],"replies":[{"embeddable":true,"href":"https:\/\/www.europesays.com\/fr\/wp-json\/wp\/v2\/comments?post=230424"}],"version-history":[{"count":0,"href":"https:\/\/www.europesays.com\/fr\/wp-json\/wp\/v2\/posts\/230424\/revisions"}],"wp:featuredmedia":[{"embeddable":true,"href":"https:\/\/www.europesays.com\/fr\/wp-json\/wp\/v2\/media\/230425"}],"wp:attachment":[{"href":"https:\/\/www.europesays.com\/fr\/wp-json\/wp\/v2\/media?parent=230424"}],"wp:term":[{"taxonomy":"category","embeddable":true,"href":"https:\/\/www.europesays.com\/fr\/wp-json\/wp\/v2\/categories?post=230424"},{"taxonomy":"post_tag","embeddable":true,"href":"https:\/\/www.europesays.com\/fr\/wp-json\/wp\/v2\/tags?post=230424"}],"curies":[{"name":"wp","href":"https:\/\/api.w.org\/{rel}","templated":true}]}}