{"id":230426,"date":"2025-07-06T12:35:10","date_gmt":"2025-07-06T12:35:10","guid":{"rendered":"https:\/\/www.europesays.com\/fr\/230426\/"},"modified":"2025-07-06T12:35:10","modified_gmt":"2025-07-06T12:35:10","slug":"la-metropole-de-lyon-distinguee-5-etoiles-par-le-label-climat-air-energie","status":"publish","type":"post","link":"https:\/\/www.europesays.com\/fr\/230426\/","title":{"rendered":"la M\u00e9tropole de Lyon distingu\u00e9e 5 \u00e9toiles par le label Climat-Air-\u00c9nergie"},"content":{"rendered":"<p itemprop=\"description\"><strong>Nouveau palier pour la M\u00e9tropole de Lyon qui devient la premi\u00e8re grande agglom\u00e9ration fran\u00e7aise distingu\u00e9e 5 \u00e9toiles par le label Climat-Air-\u00c9nergie.<\/strong><\/p>\n<p>Cinq \u00e9toiles pour la M\u00e9tropole de Lyon en mati\u00e8re de transition \u00e9cologique. La Commission nationale du label a attribu\u00e9, ce jeudi 3 juillet, la 5e \u00e9toile du label Climat-Air-Energie (CAE) \u00e0 la M\u00e9tropole de Lyon. Il s\u2019agit de la plus haute distinction nationale, r\u00e9serv\u00e9e aux collectivit\u00e9s les plus engag\u00e9es et exemplaires en mati\u00e8re de politiques climat, air et \u00e9nergie.<\/p>\n<p>C\u2019est avec une note de 77,4% que la M\u00e9tropole de Lyon a atteint la 5e \u00e9toile. Celle-ci est accord\u00e9e aux collectivit\u00e9s d\u00e9passant la note de 75% de mise en \u0153uvre. Elle avait obtenu la 4e \u00e9toile en 2019.<\/p>\n<p>Cette labellisation vient reconna\u00eetre les r\u00e9sultats obtenus sur le terrain selon la collectivit\u00e9. Parmi eux, -30,5% de consommation \u00e9nerg\u00e9tique et -36,6% d\u2019\u00e9missions de GES sur le patrimoine de la M\u00e9tropole, -24% d\u2019\u00e9missions de GES \u00e0 l\u2019\u00e9chelle du territoire entre 2019 et 2024, +22% d\u2019\u00e9nergies renouvelables entre 2015 et 2022, la division par deux des polluants atmosph\u00e9riques, port\u00e9e notamment pas un d\u00e9veloppement massif des RCU depuis 2019, et enfin un essor des mobilit\u00e9s actives et des transports en commun.<\/p>\n<p>\u00ab\u00a0Alors que notre territoire traverse une nouvelle vague de chaleur intense, cette 5e \u00e9toile du label Climat Air Energie vient rappeler l\u2019importance d\u2019agir concr\u00e8tement face \u00e0 l\u2019urgence climatique. C\u2019est une immense fiert\u00e9 pour notre M\u00e9tropole, et une reconnaissance du travail collectif rigoureux et exigeant men\u00e9 depuis plusieurs ann\u00e9es avec les communes, les services m\u00e9tropolitains et nos partenaires\u00a0\u00bb, a r\u00e9agi Bruno Bernard, pr\u00e9sident de la M\u00e9tropole de Lyon.<\/p>\n<p><strong>La voie vers la reconnaissance europ\u00e9enne<\/strong><\/p>\n<p>D\u00e9sormais, la M\u00e9tropole de Lyon peut viser une reconnaissance \u00e0 l\u2019\u00e9chelle europ\u00e9enne, le niveau \u00ab\u00a0Gold\u00a0\u00bb de l\u2019European Energy Award. Un objectif qui pourrait \u00eatre atteint \u00e0 l\u2019automne 2025. Cela permettra \u00e0 la M\u00e9tropole de Lyon de devenir la premi\u00e8re m\u00e9tropole \u00e0 obtenir cette distinction.<\/p>\n","protected":false},"excerpt":{"rendered":"Nouveau palier pour la M\u00e9tropole de Lyon qui devient la premi\u00e8re grande agglom\u00e9ration fran\u00e7aise distingu\u00e9e 5 \u00e9toiles par&hellip;\n","protected":false},"author":2,"featured_media":230427,"comment_status":"","ping_status":"","sticky":false,"template":"","format":"standard","meta":{"footnotes":""},"categories":[1889],"tags":[1111,11,2813,2190,2430,1109,251,1112,2811,1777,674,118,1011,27,1922,1110,1114,2428,2810,12,241,316,25,2812,517,800],"class_list":{"0":"post-230426","1":"post","2":"type-post","3":"status-publish","4":"format-standard","5":"has-post-thumbnail","7":"category-lyon","8":"tag-actu","9":"tag-actualites","10":"tag-article","11":"tag-asvel","12":"tag-auvergne-rhone-alpes","13":"tag-breves","14":"tag-culture","15":"tag-depeches","16":"tag-economique","17":"tag-eu","18":"tag-europe","19":"tag-faits-divers","20":"tag-fr","21":"tag-france","22":"tag-info","23":"tag-informations","24":"tag-infos","25":"tag-lyon","26":"tag-lyonmag","27":"tag-news","28":"tag-ol","29":"tag-politique","30":"tag-republique-francaise","31":"tag-sociale","32":"tag-sport","33":"tag-transports"},"share_on_mastodon":{"url":"https:\/\/pubeurope.com\/@fr\/114806320273074921","error":""},"_links":{"self":[{"href":"https:\/\/www.europesays.com\/fr\/wp-json\/wp\/v2\/posts\/230426","targetHints":{"allow":["GET"]}}],"collection":[{"href":"https:\/\/www.europesays.com\/fr\/wp-json\/wp\/v2\/posts"}],"about":[{"href":"https:\/\/www.europesays.com\/fr\/wp-json\/wp\/v2\/types\/post"}],"author":[{"embeddable":true,"href":"https:\/\/www.europesays.com\/fr\/wp-json\/wp\/v2\/users\/2"}],"replies":[{"embeddable":true,"href":"https:\/\/www.europesays.com\/fr\/wp-json\/wp\/v2\/comments?post=230426"}],"version-history":[{"count":0,"href":"https:\/\/www.europesays.com\/fr\/wp-json\/wp\/v2\/posts\/230426\/revisions"}],"wp:featuredmedia":[{"embeddable":true,"href":"https:\/\/www.europesays.com\/fr\/wp-json\/wp\/v2\/media\/230427"}],"wp:attachment":[{"href":"https:\/\/www.europesays.com\/fr\/wp-json\/wp\/v2\/media?parent=230426"}],"wp:term":[{"taxonomy":"category","embeddable":true,"href":"https:\/\/www.europesays.com\/fr\/wp-json\/wp\/v2\/categories?post=230426"},{"taxonomy":"post_tag","embeddable":true,"href":"https:\/\/www.europesays.com\/fr\/wp-json\/wp\/v2\/tags?post=230426"}],"curies":[{"name":"wp","href":"https:\/\/api.w.org\/{rel}","templated":true}]}}