{"id":230431,"date":"2025-07-06T12:39:09","date_gmt":"2025-07-06T12:39:09","guid":{"rendered":"https:\/\/www.europesays.com\/fr\/230431\/"},"modified":"2025-07-06T12:39:09","modified_gmt":"2025-07-06T12:39:09","slug":"un-vehicule-heurte-la-terrasse-dun-restaurant-une-dizaine-de-blesses-legers","status":"publish","type":"post","link":"https:\/\/www.europesays.com\/fr\/230431\/","title":{"rendered":"un v\u00e9hicule heurte la terrasse d&rsquo;un restaurant, une dizaine de bless\u00e9s l\u00e9gers"},"content":{"rendered":"<p>            Par<br \/>\n        <strong><br \/>\n            <a href=\"https:\/\/actu.fr\/auteur\/antoine-grotteria02\" title=\"Consulter tous les articles de Antoine Grotteria\" target=\"_blank\" rel=\"noopener\">Antoine Grotteria<\/a><br \/>\n        <\/strong><\/p>\n<p>        Publi\u00e9 le<\/p>\n<p>            6 juil. 2025 \u00e0 9h57        <\/p>\n<p>L\u2019issue aurait pu \u00eatre plus dramatique. Ce samedi 5 juillet 2025, un v\u00e9hicule a involontairement termin\u00e9 sa course sur la terrasse d\u2019un <strong>restaurant<\/strong> situ\u00e9 rue de Belleville, dans le 19e arrondissement de <a href=\"https:\/\/actu.fr\/paris\/\" target=\"_blank\" rel=\"noopener\">Paris<\/a>, apr\u00e8s qu\u2019une automobiliste a <strong>perdu le contr\u00f4le du volant<\/strong>. Sollicit\u00e9e par actu Paris, la <a href=\"https:\/\/actu.fr\/ile-de-france\/paris_75056\/une-innovation-revolutionnaire-les-pompiers-de-paris-s-equipent-de-nouvelles-lances-a-incendie_62844766.html\" target=\"_blank\" rel=\"noopener\">Brigade des Sapeurs-pompiers de Paris<\/a> (BSPP) indique qu\u2019une \u00ab\u00a0<strong>dizaine\u00a0\u00bb <\/strong>de personnes ont \u00e9t\u00e9<strong> l\u00e9g\u00e8rement bless\u00e9es<\/strong>. Parmi elles, trois ont \u00e9t\u00e9 transport\u00e9es \u00e0 l\u2019h\u00f4pital sans pronostic vital engag\u00e9.\u00a0<\/p>\n<p>La conductrice en garde \u00e0 vue<\/p>\n<p class=\" wall-content\">Les faits ont eu lieu vers 21h30. Une jeune conductrice a effectu\u00e9 une man\u0153uvre pour \u00e9viter un pi\u00e9ton. Cette derni\u00e8re s\u2019est av\u00e9r\u00e9e sans efficacit\u00e9. Le v\u00e9hicule s\u2019est <strong>encastr\u00e9<\/strong> dans la terrasse d\u2019un \u00e9tablissement de restaurant. Selon une source police, il s\u2019agit du Lao Siam, un lieu qui sugg\u00e8re des plats tha\u00eflandais et laotiens. Le restaurant est implant\u00e9 au 49, rue de Belleville, une art\u00e8re en pente. \u00ab\u00a0C\u2019est sans gravit\u00e9\u00a0\u00bb, pr\u00e9cise la BSPP, qui a rapidement mobilis\u00e9 <strong>plusieurs engins<\/strong>.\u00a0<\/p>\n<p class=\" wall-content\">Les d\u00e9pistages d\u2019alcool et de stup\u00e9fiants administr\u00e9s \u00e0 la conductrice sont <strong>n\u00e9gatifs<\/strong>, informe \u00e0 actu Paris le parquet. Elle a \u00e9t\u00e9 plac\u00e9e en <strong>garde \u00e0 vue<\/strong> dans le cadre d\u2019une enqu\u00eate pour \u00ab\u00a0blessures involontaires par conducteur d\u2019un v\u00e9hicule ayant entrain\u00e9 une incapacit\u00e9 de moins de 3 mois\u00a0\u00bb, ajoute le minist\u00e8re public.<\/p>\n<p class=\" wall-content\">En juillet 2024, un <a href=\"https:\/\/actu.fr\/ile-de-france\/paris_75056\/fillette-grievement-blessee-a-paris-apres-avoir-pris-la-fuite-la-conductrice-se-rend-a-la-police_61396799.html\" target=\"_blank\" rel=\"noopener\">accident<\/a> s\u2019\u00e9tait \u00e9galement d\u00e9roul\u00e9 dans le quartier de Belleville. Une voiture avait percut\u00e9 une enfant de 9 ans, la blessant gravement. Apr\u00e8s avoir pris la fuite, la conductrice s\u2019\u00e9tait rendue au commissariat du 20e arrondissement.\u00a0<\/p>\n<p class=\" wall-content\">Suivez toute l\u2019actualit\u00e9 de vos villes et m\u00e9dias favoris en vous inscrivant \u00e0 <a href=\"https:\/\/moncompte.actu.fr\" title=\"D\u00e9couvez Mon Actu\" rel=\"nofollow noopener\" data-trk=\"{&quot;cta&quot;:{&quot;action&quot;:&quot;https:\\\/\\\/moncompte.actu.fr&quot;,&quot;category&quot;:&quot;mon compte&quot;,&quot;from&quot;:&quot;article footer&quot;,&quot;name&quot;:&quot;Mon actu&quot;,&quot;type&quot;:&quot;cta&quot;}}\" target=\"_blank\">Mon Actu<\/a>.<\/p>\n","protected":false},"excerpt":{"rendered":"Par Antoine Grotteria Publi\u00e9 le 6 juil. 2025 \u00e0 9h57 L\u2019issue aurait pu \u00eatre plus dramatique. Ce samedi&hellip;\n","protected":false},"author":2,"featured_media":230432,"comment_status":"","ping_status":"","sticky":false,"template":"","format":"standard","meta":{"footnotes":""},"categories":[1888],"tags":[119,1111,1928,11,1927,25395,1777,674,118,1011,27,12,1926,626,1925,25,1340],"class_list":{"0":"post-230431","1":"post","2":"type-post","3":"status-publish","4":"format-standard","5":"has-post-thumbnail","7":"category-paris","8":"tag-accident","9":"tag-actu","10":"tag-actu-paris","11":"tag-actualites","12":"tag-actualites-paris","13":"tag-belleville","14":"tag-eu","15":"tag-europe","16":"tag-faits-divers","17":"tag-fr","18":"tag-france","19":"tag-news","20":"tag-news-paris","21":"tag-paris","22":"tag-paris-news","23":"tag-republique-francaise","24":"tag-restaurant"},"share_on_mastodon":{"url":"https:\/\/pubeurope.com\/@fr\/114806336023695905","error":""},"_links":{"self":[{"href":"https:\/\/www.europesays.com\/fr\/wp-json\/wp\/v2\/posts\/230431","targetHints":{"allow":["GET"]}}],"collection":[{"href":"https:\/\/www.europesays.com\/fr\/wp-json\/wp\/v2\/posts"}],"about":[{"href":"https:\/\/www.europesays.com\/fr\/wp-json\/wp\/v2\/types\/post"}],"author":[{"embeddable":true,"href":"https:\/\/www.europesays.com\/fr\/wp-json\/wp\/v2\/users\/2"}],"replies":[{"embeddable":true,"href":"https:\/\/www.europesays.com\/fr\/wp-json\/wp\/v2\/comments?post=230431"}],"version-history":[{"count":0,"href":"https:\/\/www.europesays.com\/fr\/wp-json\/wp\/v2\/posts\/230431\/revisions"}],"wp:featuredmedia":[{"embeddable":true,"href":"https:\/\/www.europesays.com\/fr\/wp-json\/wp\/v2\/media\/230432"}],"wp:attachment":[{"href":"https:\/\/www.europesays.com\/fr\/wp-json\/wp\/v2\/media?parent=230431"}],"wp:term":[{"taxonomy":"category","embeddable":true,"href":"https:\/\/www.europesays.com\/fr\/wp-json\/wp\/v2\/categories?post=230431"},{"taxonomy":"post_tag","embeddable":true,"href":"https:\/\/www.europesays.com\/fr\/wp-json\/wp\/v2\/tags?post=230431"}],"curies":[{"name":"wp","href":"https:\/\/api.w.org\/{rel}","templated":true}]}}