{"id":230446,"date":"2025-07-06T12:47:15","date_gmt":"2025-07-06T12:47:15","guid":{"rendered":"https:\/\/www.europesays.com\/fr\/230446\/"},"modified":"2025-07-06T12:47:15","modified_gmt":"2025-07-06T12:47:15","slug":"les-pompiers-continuent-de-lutter-contre-des-feux-de-foret-en-allemagne-en-grece-et-en-turquie","status":"publish","type":"post","link":"https:\/\/www.europesays.com\/fr\/230446\/","title":{"rendered":"Les pompiers continuent de lutter contre des feux de for\u00eat en Allemagne, en Gr\u00e8ce et en Turquie"},"content":{"rendered":"<p>Les pompiers de toute l&rsquo;Europe continuent de lutter contre les feux de for\u00eat en Allemagne, en Gr\u00e8ce et en Turquie.<\/p>\n<p>Ces derniers jours, des centaines de secouristes et des unit\u00e9s sp\u00e9ciales ont \u00e9t\u00e9 mobilis\u00e9es dans les for\u00eats de Thuringe et de Saxe, des L\u00e4nder de l&rsquo;Est de l&rsquo;Allemagne, notamment dans la r\u00e9serve naturelle de Gohrischheide, pr\u00e8s de la fronti\u00e8re avec le Brandebourg.<\/p>\n<p>Environ 650 membres du personnel d&rsquo;urgence \u00e9taient d\u00e9ploy\u00e9s samedi \u00e0 la mi-journ\u00e9e, selon les autorit\u00e9s. Les autorit\u00e9s ont diffus\u00e9 des alertes au feu via des applications mobiles.<\/p>\n<p>Alors que les autorit\u00e9s de Saxe ont d\u00e9crit la situation comme \u00e9tant largement stable, les autorit\u00e9s du Brandebourg ont d\u00e9clar\u00e9 qu&rsquo;elles \u00e9taient pr\u00eates \u00e0 faire face \u00e0 une \u00e9ventuelle reprise de l&rsquo;incendie.<\/p>\n<p>Les services d&rsquo;incendie grecs ont d\u00e9clar\u00e9 que les pompiers avaient progress\u00e9 dans la ma\u00eetrise d&rsquo;un feu de for\u00eat qui s&rsquo;est d\u00e9clar\u00e9 vendredi dans l&rsquo;est de l&rsquo;Attique. Les vents forts et la canicule prolong\u00e9e ont augment\u00e9 le risque d&rsquo;incendies dans tout le pays, incitant les services d&rsquo;urgence \u00e0 redoubler de vigilance.<\/p>\n<p>Plus loin, la Turquie annonce avoir ma\u00eetris\u00e9 plusieurs grands incendies dans la province d&rsquo;Izmir, dans l&rsquo;ouest du pays. Les \u00e9quipes au sol, soutenues par des avions et des h\u00e9licopt\u00e8res, ont travaill\u00e9 24 heures sur 24 pendant trois jours pour contenir le feu, selon la direction des for\u00eats turques.<\/p>\n<p>Ankar a \u00e9galement annonc\u00e9 avoir envoy\u00e9 samedi en Syrie deux avions, 11 camions de pompiers et des v\u00e9hicules de soutien pour participer \u00e0 la lutte contre les incendies qui font rage dans la province de Lattaqui\u00e9.<\/p>\n<p>De vastes incendies continuent de faire des ravages en d\u00e9vorant les for\u00eats c\u00f4ti\u00e8res, attis\u00e9s par des vents violents et la s\u00e9cheresse. Les efforts pour arr\u00eater la s\u00e9rie d&rsquo;incendies ont \u00e9t\u00e9 compliqu\u00e9s par la pr\u00e9sence de munitions non explos\u00e9es laiss\u00e9es par plus d&rsquo;une d\u00e9cennie de guerre civile.<\/p>\n","protected":false},"excerpt":{"rendered":"Les pompiers de toute l&rsquo;Europe continuent de lutter contre les feux de for\u00eat en Allemagne, en Gr\u00e8ce et&hellip;\n","protected":false},"author":2,"featured_media":230447,"comment_status":"","ping_status":"","sticky":false,"template":"","format":"standard","meta":{"footnotes":""},"categories":[1587],"tags":[11,672,1804,1805,1803,1777,674,36799,1801,36914,12,1802,4600,3496],"class_list":{"0":"post-230446","1":"post","2":"type-post","3":"status-publish","4":"format-standard","5":"has-post-thumbnail","7":"category-allemagne","8":"tag-actualites","9":"tag-allemagne","10":"tag-bundesrepublik-deutschland","11":"tag-de","12":"tag-deutschland","13":"tag-eu","14":"tag-europe","15":"tag-feu-de-foret","16":"tag-germany","17":"tag-les-forets","18":"tag-news","19":"tag-republique-federale-dallemagne","20":"tag-services-durgence","21":"tag-turquie"},"share_on_mastodon":{"url":"https:\/\/pubeurope.com\/@fr\/114806367455044534","error":""},"_links":{"self":[{"href":"https:\/\/www.europesays.com\/fr\/wp-json\/wp\/v2\/posts\/230446","targetHints":{"allow":["GET"]}}],"collection":[{"href":"https:\/\/www.europesays.com\/fr\/wp-json\/wp\/v2\/posts"}],"about":[{"href":"https:\/\/www.europesays.com\/fr\/wp-json\/wp\/v2\/types\/post"}],"author":[{"embeddable":true,"href":"https:\/\/www.europesays.com\/fr\/wp-json\/wp\/v2\/users\/2"}],"replies":[{"embeddable":true,"href":"https:\/\/www.europesays.com\/fr\/wp-json\/wp\/v2\/comments?post=230446"}],"version-history":[{"count":0,"href":"https:\/\/www.europesays.com\/fr\/wp-json\/wp\/v2\/posts\/230446\/revisions"}],"wp:featuredmedia":[{"embeddable":true,"href":"https:\/\/www.europesays.com\/fr\/wp-json\/wp\/v2\/media\/230447"}],"wp:attachment":[{"href":"https:\/\/www.europesays.com\/fr\/wp-json\/wp\/v2\/media?parent=230446"}],"wp:term":[{"taxonomy":"category","embeddable":true,"href":"https:\/\/www.europesays.com\/fr\/wp-json\/wp\/v2\/categories?post=230446"},{"taxonomy":"post_tag","embeddable":true,"href":"https:\/\/www.europesays.com\/fr\/wp-json\/wp\/v2\/tags?post=230446"}],"curies":[{"name":"wp","href":"https:\/\/api.w.org\/{rel}","templated":true}]}}