{"id":230450,"date":"2025-07-06T12:49:10","date_gmt":"2025-07-06T12:49:10","guid":{"rendered":"https:\/\/www.europesays.com\/fr\/230450\/"},"modified":"2025-07-06T12:49:10","modified_gmt":"2025-07-06T12:49:10","slug":"tina-turner-combien-la-chanteuse-a-t-elle-eu-denfants","status":"publish","type":"post","link":"https:\/\/www.europesays.com\/fr\/230450\/","title":{"rendered":"Tina Turner : combien la chanteuse a-t-elle eu d\u2019enfants ?"},"content":{"rendered":"<p class=\"tls__ed-content__exc\">Morte\u00a0des suites d\u00a0\u00bbune longue<br \/>\nmaladie \u00e0 l&rsquo;\u00e2ge de 83 ans le mercredi 24 mai 2023, Tina Turner a<br \/>\nv\u00e9cu plusieurs terribles drames familiaux au cours de son<br \/>\nexistence. Certains en rapport avec son ex-mari Ike Turner.<br \/>\nD&rsquo;autres concernant ses enfants.<\/p>\n<p>EN BREF<\/p>\n<ul class=\"bloc_resume_post_list\">\n<li>Le 24 mai 2023, Tina Turner est d\u00e9c\u00e9d\u00e9e \u00e0 l&rsquo;\u00e2ge de 83<br \/>\nans, laissant derri\u00e8re elle une carri\u00e8re l\u00e9gendaire et une vie<br \/>\nmarqu\u00e9e par des drames personnels.<\/li>\n<li>La chanteuse a perdu ses deux fils biologiques, Craig en<br \/>\n2018 par suicide et Ronnie en 2022 d&rsquo;un cancer, ce qui a<br \/>\nprofond\u00e9ment marqu\u00e9 sa vie.<\/li>\n<li>D\u00e9couvrez comment Tina Turner a surmont\u00e9 les trag\u00e9dies<br \/>\nfamiliales et un mariage tumultueux pour devenir une ic\u00f4ne mondiale<br \/>\nde la musique.<\/li>\n<\/ul>\n<p>Une terrible nouvelle est tomb\u00e9e le mercredi 24 mai 2023. Ce<br \/>\njour-l\u00e0, Tina Turner est morte\u00a0des suites d&rsquo;une longue<br \/>\nmaladie, \u00e0 l&rsquo;\u00e2ge de 83 ans. \u00ab\u00a0<strong>Avec elle, le monde perd<br \/>\nune l\u00e9gende de la musique et une ic\u00f4ne<\/strong>\u00ab\u00a0, avait<br \/>\nnotamment \u00e9crit l&rsquo;un de ses repr\u00e9sentants. Qui a officiellement<br \/>\nannonc\u00e9 sa disparition dans un communiqu\u00e9. Au cours de sa vie, la<br \/>\nchanteuse avait connu de grands succ\u00e8s. Mais elle avait aussi d\u00fb<br \/>\nfaire face \u00e0 de grands drames.<\/p>\n<p>Effectivement, ses deux fils sont tragiquement morts. En 2018,<br \/>\nTina Turner avait avait pleur\u00e9 la disparition de <a href=\"https:\/\/www.closermag.fr\/people\/tina-turner-craig-ronnie-les-deces-tragiques-de-ses-fils-les-drames-de-sa-vie-1722798#item=1\" rel=\"nofollow noopener\" target=\"_blank\"><br \/>\nCraig Turner<\/a>, alors \u00e2g\u00e9 de 59 ans. Ce dernier \u00e9tait le fils<br \/>\na\u00een\u00e9 de la chanteuse, issu de sa relation avec le saxophoniste<br \/>\nRaymond Hill. Il s&rsquo;\u00e9tait alors suicid\u00e9 en se tirant une balle dans<br \/>\nla t\u00eate. Ce qui avait profond\u00e9ment d\u00e9vast\u00e9 sa m\u00e8re. La musicienne<br \/>\navait ainsi assur\u00e9 que c&rsquo;\u00e9tait le \u00ab\u00a0<strong>plus triste moment<br \/>\nde [sa] vie de m\u00e8re<\/strong>\u00a0\u00bb \u00e0 l&rsquo;\u00e9poque.<\/p>\n<p>Tina Turner : ses deux enfants biologiques sont morts avant<br \/>\nelle<\/p>\n<p>Malheureusement, un nouveau drame a frapp\u00e9 la famille de Tina<br \/>\nTurner quatre ans plus tard. Cette fois-ci, c&rsquo;est son fils cadet,<br \/>\nRonald Turner, plus connu sous le pseudonyme de Ronnie, qui est<br \/>\nd\u00e9c\u00e9d\u00e9.\u00a0Le second enfant de la chanteuse avait alors \u00e9t\u00e9<br \/>\nemport\u00e9 en seulement quelques mois par un cancer du colon.<br \/>\n<strong>Il avait rendu son dernier souffle le 8 d\u00e9cembre 2022 \u00e0<br \/>\nl&rsquo;\u00e2ge de 62 ans<\/strong>.<\/p>\n<p>\u00c0 l&rsquo;\u00e9poque, Tina Turner \u00e9tait sortie de sa r\u00e9serve pour rendre<br \/>\nun vibrant hommage \u00e0 Ronnie. \u00ab\u00a0Ronnie, <strong>tu as quitt\u00e9 le<br \/>\nmonde bien trop t\u00f4t.<\/strong> Dans la tristesse, je ferme les yeux<br \/>\net pense \u00e0 toi, mon fils bien-aim\u00e9\u00a0\u00bb, avait-elle \u00e9crit en<br \/>\nl\u00e9gende d&rsquo;un clich\u00e9 d&rsquo;elle publi\u00e9 en noir et blanc sur son compte<br \/>\nInstagram. Quelques mois avant sa mort, la sant\u00e9<br \/>\nde la chanteuse inqui\u00e9tait. Elle a finalement rendu, \u00e0 son tour,<br \/>\nson dernier souffle. Seulement quelques mois apr\u00e8s son fils<br \/>\ncadet.<\/p>\n<p>La chanteuse a v\u00e9cu un enfer conjugal<br \/>\ndurant son mariage avec Ike Turner<\/p>\n<p>Elle a toujours assur\u00e9 que perdre des enfants \u00e9taient la chose<br \/>\nla plus dure \u00e0 laquelle elle est d\u00fb faire face. Au cours de sa vie,<br \/>\nla musicienne a \u00e9lev\u00e9 deux autres gar\u00e7ons qui n&rsquo;\u00e9taient pas ses<br \/>\nenfants biologiques. En effet, durant son mariage avec <a href=\"https:\/\/www.telestar.fr\/actu-tv\/tina-turner-73-ans-sur-le-point-de-se-remarier-11659\" rel=\"nofollow noopener\" target=\"_blank\"><br \/>\nIke Turner<\/a>, <strong>Tina Turner a \u00e9lev\u00e9 Ike Jr. et<br \/>\nMichael<\/strong>. Les deux fils que son \u00e9poux avait eu lors de son<br \/>\npremier mariage avec Lorraine Taylor.<\/p>\n<p>C&rsquo;est en 1962 que la chanteuse s&rsquo;est mari\u00e9e avec Ike Turner.<br \/>\nElle divorcera finalement en 1978, apr\u00e8s seize ans d&rsquo;un enfer<br \/>\nconjugal qu&rsquo;elle a d\u00e9crit dans son livre autobiographique intitul\u00e9<br \/>\nMy love story. En 1985, Tina Turner a rencontr\u00e9 le<br \/>\nproducteur allemand <a href=\"https:\/\/www.telestar.fr\/actu-tv\/tina-turner-tire-sa-reverence-dans-un-documentaire-choc-sur-sa-vie-587082\" rel=\"nofollow noopener\" target=\"_blank\"><br \/>\nErwin Bach<\/a>. <strong>Avec qui elle s&rsquo;est mari\u00e9e le<\/strong><br \/>\n<strong>21 juillet 2013<\/strong>.\u00a0<\/p>\n","protected":false},"excerpt":{"rendered":"Morte\u00a0des suites d\u00a0\u00bbune longue maladie \u00e0 l&rsquo;\u00e2ge de 83 ans le mercredi 24 mai 2023, Tina Turner a&hellip;\n","protected":false},"author":2,"featured_media":230451,"comment_status":"","ping_status":"","sticky":false,"template":"","format":"standard","meta":{"footnotes":""},"categories":[1586],"tags":[11,548,1777,674,1779,1011,27,18,12,25,1778,364],"class_list":{"0":"post-230450","1":"post","2":"type-post","3":"status-publish","4":"format-standard","5":"has-post-thumbnail","7":"category-europe","8":"tag-actualites","9":"tag-article-simple","10":"tag-eu","11":"tag-europe","12":"tag-european-union","13":"tag-fr","14":"tag-france","15":"tag-mort","16":"tag-news","17":"tag-republique-francaise","18":"tag-ue","19":"tag-union-europeenne"},"share_on_mastodon":{"url":"https:\/\/pubeurope.com\/@fr\/114806375331573802","error":""},"_links":{"self":[{"href":"https:\/\/www.europesays.com\/fr\/wp-json\/wp\/v2\/posts\/230450","targetHints":{"allow":["GET"]}}],"collection":[{"href":"https:\/\/www.europesays.com\/fr\/wp-json\/wp\/v2\/posts"}],"about":[{"href":"https:\/\/www.europesays.com\/fr\/wp-json\/wp\/v2\/types\/post"}],"author":[{"embeddable":true,"href":"https:\/\/www.europesays.com\/fr\/wp-json\/wp\/v2\/users\/2"}],"replies":[{"embeddable":true,"href":"https:\/\/www.europesays.com\/fr\/wp-json\/wp\/v2\/comments?post=230450"}],"version-history":[{"count":0,"href":"https:\/\/www.europesays.com\/fr\/wp-json\/wp\/v2\/posts\/230450\/revisions"}],"wp:featuredmedia":[{"embeddable":true,"href":"https:\/\/www.europesays.com\/fr\/wp-json\/wp\/v2\/media\/230451"}],"wp:attachment":[{"href":"https:\/\/www.europesays.com\/fr\/wp-json\/wp\/v2\/media?parent=230450"}],"wp:term":[{"taxonomy":"category","embeddable":true,"href":"https:\/\/www.europesays.com\/fr\/wp-json\/wp\/v2\/categories?post=230450"},{"taxonomy":"post_tag","embeddable":true,"href":"https:\/\/www.europesays.com\/fr\/wp-json\/wp\/v2\/tags?post=230450"}],"curies":[{"name":"wp","href":"https:\/\/api.w.org\/{rel}","templated":true}]}}