{"id":230452,"date":"2025-07-06T12:50:11","date_gmt":"2025-07-06T12:50:11","guid":{"rendered":"https:\/\/www.europesays.com\/fr\/230452\/"},"modified":"2025-07-06T12:50:11","modified_gmt":"2025-07-06T12:50:11","slug":"inauguree-le-jour-de-la-fete-nationale-algerienne-la-baignade-dans-la-seine-denoncee-comme-une-provocation-sur-tiktok","status":"publish","type":"post","link":"https:\/\/www.europesays.com\/fr\/230452\/","title":{"rendered":"Inaugur\u00e9e le jour de la f\u00eate nationale alg\u00e9rienne, la baignade dans la Seine d\u00e9nonc\u00e9e comme une provocation sur TikTok"},"content":{"rendered":"<p>Depuis samedi, des internautes accusent sur les r\u00e9seaux sociaux les autorit\u00e9s fran\u00e7aises d\u2019avoir d\u00e9lib\u00e9r\u00e9ment choisi d\u2019ouvrir la baignade dans la Seine \u00e0 cette date, pointant le souvenir douloureux des manifestants pro-FLN jet\u00e9s dans le fleuve parisien le 17 octobre 1961.<\/p>\n<p class=\"fig-paragraph\">Apr\u00e8s\u00a0<a href=\"http:\/\/www.lefigaro.fr\/actualite-france\/on-a-presque-l-impression-d-etre-en-vacances-les-parisiens-renouent-avec-la-baignade-dans-la-seine-100-ans-apres-son-interdiction-20250705\" data-fig-type=\"Article\" data-gtm-custom-categorie=\"navigation\" data-gtm-custom-action=\"crossclick\" data-gtm-custom-label=\"Contextuel\" data-gtm-event=\"customEventSPE\" data-fig-domain=\"LEFIGARO\" target=\"_blank\" rel=\"noopener\">l\u2019inauguration de trois sites de baignade dans la Seine \u00e0 Paris<\/a>\u00a0ce samedi, plusieurs messages d\u2019internautes, certains \u00e9tant m\u00eame devenus viraux sur les r\u00e9seaux sociaux, d\u00e9noncent une atteinte \u00e0 la m\u00e9moire des manifestants alg\u00e9riens jet\u00e9s dans le m\u00eame fleuve\u00a0<a href=\"http:\/\/www.lefigaro.fr\/vox\/monde\/jean-sevillia-17-octobre-1961-rendre-hommage-aux-victimes-oui-mais-a-toutes-les-victimes-20211019\" data-fig-type=\"Article\" data-gtm-custom-categorie=\"navigation\" data-gtm-custom-action=\"crossclick\" data-gtm-custom-label=\"Contextuel\" data-gtm-event=\"customEventSPE\" data-fig-domain=\"LEFIGARO\" target=\"_blank\" rel=\"noopener\">lors de la sanglante r\u00e9pression polici\u00e8re d\u2019une manifestation pro-FLN le 17 octobre 1961<\/a>, en pleine guerre d\u2019Alg\u00e9rie. Le parall\u00e8le fait par les internautes s\u2019appuie sur une co\u00efncidence de dates\u00a0: l\u2019Alg\u00e9rie f\u00eatait ce 5 juillet son ind\u00e9pendance, comme chaque ann\u00e9e depuis le 5 juillet 1962, devenu le jour de la f\u00eate nationale alg\u00e9rienne qui comm\u00e9more la fin de la guerre contre la France.<\/p>\n<p class=\"fig-paragraph\">\u00abJ\u2019ai trop la haine\u00bb, s\u2019emporte ainsi une militante propalestinienne sur X\u00a0: \u00abLes gens se baignent dans la sc\u00e8ne (sic\u00a0!) sans savoir qu\u2019on y a noy\u00e9 des alg\u00e9riens et en plus ils l\u2019inaugurent le 5 juillet\u00bb. \u00abC\u2019est juste de la provocation envers les alg\u00e9riens, gloire \u00e0 nos martyres\u00bb \u00e9crit une vid\u00e9aste sur TikTok, engag\u00e9e au sein de la France insoumise, dans un contenu lik\u00e9 des centaines de fois. \u00abEn ce jour d\u2019ind\u00e9pendance pour l\u2019Alg\u00e9rie, les parisiens n\u2019ont pas trouv\u00e9 meilleure id\u00e9e que de se baigner dans l\u2019eau dans laquelle nos martyrs ont \u00e9t\u00e9 tu\u00e9s\u00bb, \u00e9crit une autre, quand un dernier rench\u00e9rit, plus explicitement encore\u00a0: \u00abHonte \u00e0 la mairie de Paris d\u2019avoir choisi cette date o\u00f9 l\u2019on f\u00eate la m\u00e9moire de nos martyrs pour ouvrir la baignade dans la seine c\u2019est juste un symbole de provocation et de haine\u00bb. Et d\u2019ajouter\u00a0: \u00abHier ils noyaient les alg\u00e9riens dans la seine aujourd\u2019hui ils veulent nous apprendre \u00e0 nager dedans comme si leur eau \u00e9tait saine\u00bb.<\/p>\n<p>                                    <a class=\"fig-a11y-skip a11y-hidden\" href=\"#fig-a11y-skip-main-inarticle\"><br \/>\n        Passer la publicit\u00e9<br \/>\n    <\/a><\/p>\n<p class=\"fig-paragraph\">C\u00e9l\u00e9br\u00e9e chaque ann\u00e9e le 5 juillet, la f\u00eate nationale alg\u00e9rienne est marqu\u00e9e par l\u2019organisation de c\u00e9r\u00e9monies glorifiant l\u2019histoire du peuple alg\u00e9rien et son combat d\u00e9colonial contre la France. Au c\u0153ur des c\u00e9l\u00e9brations, la figure des \u00abmartyrs\u00bb morts pendant la guerre, dans les affrontements arm\u00e9s avec les soldats fran\u00e7ais ou dans les manifestations, notamment \u00e0 Alger et \u00e0 Paris, rev\u00eat une grande importance aux yeux des Alg\u00e9riens.<\/p>\n<p class=\"fig-body-link\">\n            \u00c0 lire aussi<br \/>\n        <a class=\"fig-body-link__link fig-premium-mark\" href=\"https:\/\/www.lefigaro.fr\/vox\/histoire\/manifestation-du-17-octobre-1961-a-paris-ce-qui-s-est-vraiment-passe-20211015\" data-fig-type=\"Article\" data-gtm-custom-categorie=\"navigation\" data-gtm-custom-action=\"crossclick\" data-gtm-custom-label=\"Contextuel\" data-gtm-event=\"customEventSPE\" data-fig-domain=\"LEFIGARO\" target=\"_blank\" rel=\"noopener\">Guillaume Perrault: \u00abManifestation du 17 octobre 1961 \u00e0 Paris, ce qui s\u2019est vraiment pass\u00e9\u00bb<br \/>\n    <\/a>\n<\/p>\n<p class=\"fig-paragraph\">Le 17 octobre 1961, une manifestation interdite par le pr\u00e9fet de police de Paris et pr\u00e9par\u00e9e en secret par le FLN a rassembl\u00e9 des dizaines de milliers de manifestants dans les rues de la capitale fran\u00e7aise. La r\u00e9pression polici\u00e8re fut tr\u00e8s violente et plusieurs dizaines (les estimations varient selon les historiens) de manifestants furent tu\u00e9s, et certains de leurs corps jet\u00e9s dans la Seine.<\/p>\n<p class=\"fig-paragraph\">Cette trag\u00e9die est vive encore dans la m\u00e9moire alg\u00e9rienne\u00a0: lors de la c\u00e9r\u00e9monie d\u2019ouverture des jeux olympiques qui a vu les d\u00e9l\u00e9gations d\u00e9filer en bateau sur le fleuve, les athl\u00e8tes alg\u00e9riens ont jet\u00e9 des roses dans la Seine sous les cam\u00e9ras du monde entier, dans un geste m\u00e9moriel en hommage aux victimes de la manifestation du 17 octobre 1961.<\/p>\n","protected":false},"excerpt":{"rendered":"Depuis samedi, des internautes accusent sur les r\u00e9seaux sociaux les autorit\u00e9s fran\u00e7aises d\u2019avoir d\u00e9lib\u00e9r\u00e9ment choisi d\u2019ouvrir la baignade&hellip;\n","protected":false},"author":2,"featured_media":230453,"comment_status":"","ping_status":"","sticky":false,"template":"","format":"standard","meta":{"footnotes":""},"categories":[2],"tags":[11,15,1011,27,12,25,13527],"class_list":{"0":"post-230452","1":"post","2":"type-post","3":"status-publish","4":"format-standard","5":"has-post-thumbnail","7":"category-actualites","8":"tag-actualites","9":"tag-algerie","10":"tag-fr","11":"tag-france","12":"tag-news","13":"tag-republique-francaise","14":"tag-seine"},"share_on_mastodon":{"url":"https:\/\/pubeurope.com\/@fr\/114806379272024882","error":""},"_links":{"self":[{"href":"https:\/\/www.europesays.com\/fr\/wp-json\/wp\/v2\/posts\/230452","targetHints":{"allow":["GET"]}}],"collection":[{"href":"https:\/\/www.europesays.com\/fr\/wp-json\/wp\/v2\/posts"}],"about":[{"href":"https:\/\/www.europesays.com\/fr\/wp-json\/wp\/v2\/types\/post"}],"author":[{"embeddable":true,"href":"https:\/\/www.europesays.com\/fr\/wp-json\/wp\/v2\/users\/2"}],"replies":[{"embeddable":true,"href":"https:\/\/www.europesays.com\/fr\/wp-json\/wp\/v2\/comments?post=230452"}],"version-history":[{"count":0,"href":"https:\/\/www.europesays.com\/fr\/wp-json\/wp\/v2\/posts\/230452\/revisions"}],"wp:featuredmedia":[{"embeddable":true,"href":"https:\/\/www.europesays.com\/fr\/wp-json\/wp\/v2\/media\/230453"}],"wp:attachment":[{"href":"https:\/\/www.europesays.com\/fr\/wp-json\/wp\/v2\/media?parent=230452"}],"wp:term":[{"taxonomy":"category","embeddable":true,"href":"https:\/\/www.europesays.com\/fr\/wp-json\/wp\/v2\/categories?post=230452"},{"taxonomy":"post_tag","embeddable":true,"href":"https:\/\/www.europesays.com\/fr\/wp-json\/wp\/v2\/tags?post=230452"}],"curies":[{"name":"wp","href":"https:\/\/api.w.org\/{rel}","templated":true}]}}