{"id":230454,"date":"2025-07-06T12:51:18","date_gmt":"2025-07-06T12:51:18","guid":{"rendered":"https:\/\/www.europesays.com\/fr\/230454\/"},"modified":"2025-07-06T12:51:18","modified_gmt":"2025-07-06T12:51:18","slug":"inondations-au-texas-au-moins-50-morts-une-trentaine-denfants-portes-disparus-mediapart","status":"publish","type":"post","link":"https:\/\/www.europesays.com\/fr\/230454\/","title":{"rendered":"Inondations au Texas : au moins 50 morts, une trentaine d\u2019enfants port\u00e9s disparus &#8211; Mediapart"},"content":{"rendered":"<ol>\n<li><a href=\"https:\/\/news.google.com\/rss\/articles\/CBMizAFBVV95cUxNRkJYd2dIeUIyOW5kUDBqN2N2T1lGV0MwbTV1dEhfUmNKeWxNTDY3akNFdFQybGVxM3Mxci1LNnpVcnJzbC1xUmRJbU5GcHJiT0xwdnlxWnQ5QTU1SnpMOUZMTFpkREhZZ2d2T2dRVTIzeFkwU1BLb3M1RjZBMnVFTEdBV2plV2d1Q3N5YjFFVXpRNXVxT0VKRXRKakZ2SkRhS3ZTNFZGUFQ3VzJWUlFHZzVyMEx0ZnNZS3VQZVNJZHVSX005NWdRZDhhLXY?oc=5\" target=\"_blank\" rel=\"noopener\">Inondations au Texas : au moins 50 morts, une trentaine d\u2019enfants port\u00e9s disparus<\/a>&nbsp;&nbsp;Mediapart<\/li>\n<li><a href=\"https:\/\/news.google.com\/rss\/articles\/CBMiwAFBVV95cUxQZlh1bVBTRFlMMHJsY1VRY2xlTlVhTVhEd2JyQVQ0UWNhdG54VGRmRlgzNVhPTF9Mb2VHdHliSnpISm5xaGNBOEVRaVFhcEdOLWoyTzJ1bnVNMlE3eExPUTVlM2Y5SjFvd1hZWk12Z1FRN2dhTkhHT1o0UVZYZGVlWnppVmx3ZkthUjVOdzExdnI3VFh0ZURkY1E4OEhMdDY1eF94NkJEVk56OGtlbUFDeWgtbW1TZ2xXWHh5T2xrbmo?oc=5\" target=\"_blank\" rel=\"noopener\">Le Texas sous le choc apr\u00e8s des inondations meurtri\u00e8res : au moins 52 morts et des dizaines de disparus<\/a>&nbsp;&nbsp;Le Monde.fr<\/li>\n<li><a href=\"https:\/\/news.google.com\/rss\/articles\/CBMi5AFBVV95cUxPSnMyM2tPbEdwU3lMOFVSajZscUV3TmY5a1VLX1NuME1jVXVsbmFGWjhhcFNVTzcxSGpMRjlZRGp0S2xibWlYUWpRNFp2T3JaclZlOUdSM0lZYmc4ankwQ3ROWE1EMG84cWNLaWtKSkhqaDdhaTdJd25UMlJsR1dJU2JWV2FBUXlwUmNqNkdJUEh3ZkhyRlB5TzQtRWlBQmVFUjNYRmtnX0N1MkJLWTcxdkxfVWY4b1g4eFZ4VmhQS3dsdGhkM3EtTnJOdmdKRzlDODJMRm1KZ3hCVU9yWmtOSW9aS2I?oc=5\" target=\"_blank\" rel=\"noopener\">Au Texas, le sort tragique de la colonie d\u2019\u00e9t\u00e9 \u00ab Camp Mystic \u00bb ravag\u00e9e par les inondations<\/a>&nbsp;&nbsp;Le HuffPost<\/li>\n<li><a href=\"https:\/\/news.google.com\/rss\/articles\/CBMitwJBVV95cUxQRF9TQlFWSV96X3NOOFduWG9pZ21UM2NrWDUzbjZEN3hZc2dXRzBHYy1FaUx0TTVoejFxYWlmRks3eXlpYU9qb0VyWnZFVU9VX0RkOWNVUzJvanZMRU1KQlIzQ3pQWmF0ek4yUWtlRDNiZVFfMTNUWHo4U2s0NWZOMmd3MG5JamZMUFlxSWprNTgyUjhTSF9WdlNkZ0dPSVFMT01uc3FxbVdMbjBZVU16WmVWZ1Z6a1RHdkhhMzlxS2Vvb3JrNTJJbm9wU3BVVmpaZmctazllbmlKQnZtdlI4TGswQW9IWjhIdWxWR1hIQ0gwOGZHb3l4UTF4X1RPSzlVNllzdDJnekJNd2NOcTNlWVdJZk8tdVFPWi13ZVBibUJDWnZjUHZVdVZhQW1oVjFhVy1sbHE2SQ?oc=5\" target=\"_blank\" rel=\"noopener\">\u00ab\u00a0J&rsquo;esp\u00e8re un miracle\u00a0\u00bb: l&rsquo;inqui\u00e9tude des parents alors que des dizaines d&rsquo;enfants sont toujours disparus dans les inondations au Texas<\/a>&nbsp;&nbsp;BFMTV<\/li>\n<li><a href=\"https:\/\/news.google.com\/rss\/articles\/CBMizgFBVV95cUxPVjBjbU1ZLW1McTNZQUZLaE9UX3N5QW5ibjdRMllXSHdGLUdqRjBEWEpnaDFqY2RmMVQwZEt1Y01VMC1MRnpuczl3SVM2YU5wWW1VemszU0p2YmdaZWlsZ2NoNWRrRFNLVmtwdzdvWUZwdW9TZnZkYnZrZ1dMSklDUjlLOE4zQzBqY3oySE9pdng4MEw5cmpBU3E5YVVuQjZPYTBuNUtXUWx1bUlySTVnXzVseHRELUtESm1XS3V1NERXbmx0WmgzT181YzVvUQ?oc=5\" target=\"_blank\" rel=\"noopener\">Recherche effr\u00e9n\u00e9e d&rsquo;une vingtaine d&rsquo;enfants port\u00e9s disparus apr\u00e8s les inondations meurtri\u00e8res au Texas<\/a>&nbsp;&nbsp;Nice-Matin<\/li>\n<\/ol>\n","protected":false},"excerpt":{"rendered":"Inondations au Texas : au moins 50 morts, une trentaine d\u2019enfants port\u00e9s disparus&nbsp;&nbsp;Mediapart Le Texas sous le choc&hellip;\n","protected":false},"author":2,"featured_media":230455,"comment_status":"","ping_status":"","sticky":false,"template":"","format":"standard","meta":{"footnotes":""},"categories":[2],"tags":[11,1129,36915,1011,27,2839,12,25,3926],"class_list":{"0":"post-230454","1":"post","2":"type-post","3":"status-publish","4":"format-standard","5":"has-post-thumbnail","7":"category-actualites","8":"tag-actualites","9":"tag-climat","10":"tag-dereglement-climatique","11":"tag-fr","12":"tag-france","13":"tag-inondations","14":"tag-news","15":"tag-republique-francaise","16":"tag-texas"},"share_on_mastodon":{"url":"https:\/\/pubeurope.com\/@fr\/114806383225306001","error":""},"_links":{"self":[{"href":"https:\/\/www.europesays.com\/fr\/wp-json\/wp\/v2\/posts\/230454","targetHints":{"allow":["GET"]}}],"collection":[{"href":"https:\/\/www.europesays.com\/fr\/wp-json\/wp\/v2\/posts"}],"about":[{"href":"https:\/\/www.europesays.com\/fr\/wp-json\/wp\/v2\/types\/post"}],"author":[{"embeddable":true,"href":"https:\/\/www.europesays.com\/fr\/wp-json\/wp\/v2\/users\/2"}],"replies":[{"embeddable":true,"href":"https:\/\/www.europesays.com\/fr\/wp-json\/wp\/v2\/comments?post=230454"}],"version-history":[{"count":0,"href":"https:\/\/www.europesays.com\/fr\/wp-json\/wp\/v2\/posts\/230454\/revisions"}],"wp:featuredmedia":[{"embeddable":true,"href":"https:\/\/www.europesays.com\/fr\/wp-json\/wp\/v2\/media\/230455"}],"wp:attachment":[{"href":"https:\/\/www.europesays.com\/fr\/wp-json\/wp\/v2\/media?parent=230454"}],"wp:term":[{"taxonomy":"category","embeddable":true,"href":"https:\/\/www.europesays.com\/fr\/wp-json\/wp\/v2\/categories?post=230454"},{"taxonomy":"post_tag","embeddable":true,"href":"https:\/\/www.europesays.com\/fr\/wp-json\/wp\/v2\/tags?post=230454"}],"curies":[{"name":"wp","href":"https:\/\/api.w.org\/{rel}","templated":true}]}}