{"id":230462,"date":"2025-07-06T12:55:10","date_gmt":"2025-07-06T12:55:10","guid":{"rendered":"https:\/\/www.europesays.com\/fr\/230462\/"},"modified":"2025-07-06T12:55:10","modified_gmt":"2025-07-06T12:55:10","slug":"lechange-entre-enzo-herve-toulon-et-louis-carbonel-stade-francais-tombe-a-leau-lequipe","status":"publish","type":"post","link":"https:\/\/www.europesays.com\/fr\/230462\/","title":{"rendered":"L&#039;\u00e9change entre Enzo Herv\u00e9 (Toulon) et Louis Carbonel (Stade Fran\u00e7ais) tombe \u00e0 l&#039;eau &#8211; L&#039;\u00c9quipe"},"content":{"rendered":"<ol>\n<li><a href=\"https:\/\/news.google.com\/rss\/articles\/CBMixwFBVV95cUxNT3pVbW9CSlhPN21QX0hlaTdkQTNnbFNzTFZlZ180TXczUUtZSlpBWEtCLVB6QUNfMWV2MEZrSlNNT0RJRWJ5WDRiN3BEX3BSaDlyQ09sX0tuVlJVMDFrU1lJTEcya0xsSmxubUFmdUlQaGR2QkJLTklMNEJrUGVXVGFpclBUb2tDUHNfVFd4UFlJQjNqbmxOazRoSWVuaUhpQnN3cDlwLXg0R3dsN045WHE0MDZ6SmlxdkE0NldGdGRvLTlBZHdN?oc=5\" target=\"_blank\" rel=\"noopener\">L&rsquo;\u00e9change entre Enzo Herv\u00e9 (Toulon) et Louis Carbonel (Stade Fran\u00e7ais) tombe \u00e0 l&rsquo;eau<\/a>&nbsp;&nbsp;L&rsquo;\u00c9quipe<\/li>\n<li><a href=\"https:\/\/news.google.com\/rss\/articles\/CBMitwFBVV95cUxPX0lkR1BNR2FIYjFMeGlkdUFaNFhIQXZVa1pMNk50Z3FXeW9aLXhGcmRsZE5ka05XanhNVEVjZmFoYzVwZVZvckhxRlk2cnI1alRvM3MzakhBenU1SW11ank4SlZHYXpqdW9Cam4zbTRON3RpVGtMbHBpWGZJb0VqZFgzZ2VVd2ZvMVdDVVdYTmR4a0k0RGVXTTNZWVJQb0dIaVhEdHN1aUh3THZOcTNJdTBoX21CMTg?oc=5\" target=\"_blank\" rel=\"noopener\">Top 14. Le retour de Carbonel avort\u00e9 ? Le RCT met les choses au clair<\/a>&nbsp;&nbsp;Le Rugbynist\u00e8re<\/li>\n<li><a href=\"https:\/\/news.google.com\/rss\/articles\/CBMiwgFBVV95cUxPOWVlWE5UazlMaWcxVm1kZFRjLW5DRlhURnZXUG1TbFRWcWtBWkpZQ2pyTjhHS3JJZk5kZi1sdklOQlh3S0k2cFQzY0lKWjlVQkNNRVJjVjAzbGhJVGJTdGVMUUl1OFdXUXEzOG10XzdMZC1tY3lOUjFtR3dkT2xwaFMydXh2SnJvWGt5TWhoRnBIREtpa1JmaVZkZjdxdTZYUDF0UVdabzF4WWh4dDNwWU1yRXBDbEtQZHY4WmJhUC1pUdIBwAFBVV95cUxPcFpjT1dxNTZtZ2pnbHhkVmNZeW9MTVFYS2hKR3NFNVNFTC1mczNOV2ZyRXF4MkVYREdBWlliUE1rX3FhR3ZwN0JYUlZyc05NNXhTMkstOU5qTG8zZ3dSWkxQYTR3SmZYd3pPbVpNcE96ZXZwVlVUNmVYSXZOLXBiank1TXN3OHFXN0xJNkctR3VremJodnJkYWlfUEV2WlkzZV9IQ3lwZlc0QW4yOWZPN1BoWHNpa05lNlZrOWE1OXg?oc=5\" target=\"_blank\" rel=\"noopener\">Top 14 : L&rsquo;\u00e9change Herv\u00e9-Carbonel en passe de tomber \u00e0 l&rsquo;eau<\/a>&nbsp;&nbsp;Orange Actualit\u00e9s | Sports<\/li>\n<li><a href=\"https:\/\/news.google.com\/rss\/articles\/CBMirgFBVV95cUxPd3RxMkJ2ZjR1MnNyNzh6ekI3R2pETERpYjRuZmFmcUdBcjA4b184ekU5RUFZMDdZNzctemdFN2owNldtRm1QTzFoWE1UY2RYRUlYSHhUcGdDaXp3d0NYQW1MUlEyRlN5a3JVczg2SEtpc3RXR25Pa1BvaTZkNUZjVldydU1tQl9rNDctdEstSElaUEVKVUViblBxWm5yV0R3LVdEalZadWdDWjU5eGc?oc=5\" target=\"_blank\" rel=\"noopener\">Dossier Herv\u00e9-Carbonel, d\u00e9part de Wainiqolo&#8230; Pierre Mignoni fait le point<\/a>&nbsp;&nbsp;Var-Matin<\/li>\n<li><a href=\"https:\/\/news.google.com\/rss\/articles\/CBMimAFBVV95cUxOTUdQX3I2YjQwNWg1UzVhQk9iQWV3Y3dmYjNKVlcwSWFnOEk2ZkdHNkVPX0lOOS1IbHJZTUZDeTJkcnFEZGtxbDlhN2w3ZDl2YjJMLVpiVkhzQkM1MlY3Z3dOUllBaDVOWng4cnhxbUVPZEdob1lJdm9rbW1pN0tldm9yV2x4OG1fd0RPUmdaWVMydFJRLXRPbA?oc=5\" target=\"_blank\" rel=\"noopener\">Louis Carbonel de retour \u00e0 Toulon ? Bernard Lemaitre brise le silence !<\/a>&nbsp;&nbsp;Blog RCT<\/li>\n<\/ol>\n","protected":false},"excerpt":{"rendered":"L&rsquo;\u00e9change entre Enzo Herv\u00e9 (Toulon) et Louis Carbonel (Stade Fran\u00e7ais) tombe \u00e0 l&rsquo;eau&nbsp;&nbsp;L&rsquo;\u00c9quipe Top 14. Le retour de&hellip;\n","protected":false},"author":2,"featured_media":230463,"comment_status":"","ping_status":"","sticky":false,"template":"","format":"standard","meta":{"footnotes":""},"categories":[1416],"tags":[1011,27,479,1468,60],"class_list":{"0":"post-230462","1":"post","2":"type-post","3":"status-publish","4":"format-standard","5":"has-post-thumbnail","7":"category-rugby","8":"tag-fr","9":"tag-france","10":"tag-rugby","11":"tag-rugby-football","12":"tag-sports"},"share_on_mastodon":{"url":"https:\/\/pubeurope.com\/@fr\/114806398886483710","error":""},"_links":{"self":[{"href":"https:\/\/www.europesays.com\/fr\/wp-json\/wp\/v2\/posts\/230462","targetHints":{"allow":["GET"]}}],"collection":[{"href":"https:\/\/www.europesays.com\/fr\/wp-json\/wp\/v2\/posts"}],"about":[{"href":"https:\/\/www.europesays.com\/fr\/wp-json\/wp\/v2\/types\/post"}],"author":[{"embeddable":true,"href":"https:\/\/www.europesays.com\/fr\/wp-json\/wp\/v2\/users\/2"}],"replies":[{"embeddable":true,"href":"https:\/\/www.europesays.com\/fr\/wp-json\/wp\/v2\/comments?post=230462"}],"version-history":[{"count":0,"href":"https:\/\/www.europesays.com\/fr\/wp-json\/wp\/v2\/posts\/230462\/revisions"}],"wp:featuredmedia":[{"embeddable":true,"href":"https:\/\/www.europesays.com\/fr\/wp-json\/wp\/v2\/media\/230463"}],"wp:attachment":[{"href":"https:\/\/www.europesays.com\/fr\/wp-json\/wp\/v2\/media?parent=230462"}],"wp:term":[{"taxonomy":"category","embeddable":true,"href":"https:\/\/www.europesays.com\/fr\/wp-json\/wp\/v2\/categories?post=230462"},{"taxonomy":"post_tag","embeddable":true,"href":"https:\/\/www.europesays.com\/fr\/wp-json\/wp\/v2\/tags?post=230462"}],"curies":[{"name":"wp","href":"https:\/\/api.w.org\/{rel}","templated":true}]}}