{"id":230473,"date":"2025-07-06T13:02:09","date_gmt":"2025-07-06T13:02:09","guid":{"rendered":"https:\/\/www.europesays.com\/fr\/230473\/"},"modified":"2025-07-06T13:02:09","modified_gmt":"2025-07-06T13:02:09","slug":"je-constate-un-manque-deducation-des-garcons-marguerite-star-academy-ne-mache-pas-ses-mots-sur-la-societe-actuelle","status":"publish","type":"post","link":"https:\/\/www.europesays.com\/fr\/230473\/","title":{"rendered":"\u00ab\u00a0Je constate un manque d\u2019\u00e9ducation des gar\u00e7ons\u00a0\u00bb, Marguerite (Star Academy) ne m\u00e2che pas ses mots sur la soci\u00e9t\u00e9 actuelle"},"content":{"rendered":"<p>On la conna\u00eet pour sa douceur et sa sensibilit\u00e9, mais Marguerite ne manque pas de <strong>lucidit\u00e9<\/strong> sur le monde moderne qui l&rsquo;entoure. Invit\u00e9e ce week-end dans <strong>C l\u2019hebdo sur France 5<\/strong>, l\u2019ex-candidate de la <strong><a href=\"https:\/\/www.public.fr\/star-academy-michael-goldman-et-lucie-bernardoni-cest-officiel\" target=\"_blank\" rel=\"noopener\">Star Academy<\/a> <\/strong>a abord\u00e9 un sujet plus s\u00e9rieux et plus politique.<\/p>\n<p>\u00c0 24 ans, la chanteuse et com\u00e9dienne n\u2019a pas peur de dire ce qu\u2019elle pense du <strong>foss\u00e9 entre les filles et les gar\u00e7ons <\/strong>de sa g\u00e9n\u00e9ration.<\/p>\n<p>Marguerite (Star Academy) ressent une fracture bien r\u00e9elle<\/p>\n<p><a href=\"https:\/\/www.public.fr\/aurelie-casse-se-fait-sucrer-son-emission-la-journaliste-se-retrouve-a-son-tour-dans-une-situation-delicate\" target=\"_blank\" rel=\"noopener\">Aur\u00e9lie Casse<\/a> commence par \u00e9voquer son double parcours : \u00e0 la fois dans la chanson et la com\u00e9die. Sa premi\u00e8re apparition au cin\u00e9ma est le fruit du hasard. Marguerite le qualifie de \u00ab\u00a0bel accident\u00a0\u00bb. Elle s\u2019est retrouv\u00e9e \u00e0 jouer dans<strong> Le m\u00e9lange des genres de Michel Leclerc<\/strong> : \u00ab\u00a0Je travaillais au casting, j\u2019\u00e9tais l\u2019assistante de la directrice de casting du film, [&#8230;] et il m\u2019a donn\u00e9 cette chance.\u00a0\u00bb Une rencontre humaine, spontan\u00e9e, comme elle les aime. Et ce n\u2019est pas tout : la journaliste diffuse ensuite un extrait de<strong> Je suis avec elle, de M\u00e9lodie Cissou, un court-m\u00e9trage<\/strong> qui, selon la journaliste, fait \u00e9cho \u00e0 ses chansons.<\/p>\n<p><a href=\"https:\/\/www.public.fr\/natacha-polony-maman-de-trois-enfants-aux-prenoms-que-vous-n-avez-surement-jamais-entendus\" target=\"_blank\" rel=\"noopener\">Natacha Polony <\/a>prend la parole pour rebondir et \u00e9voque justement ce fameux<strong> \u00ab\u00a0gender gap<\/strong>\u00ab\u00a0. Cette <strong>fracture grandissante<\/strong> entre hommes et femmes dans les votes, observ\u00e9e dans plusieurs pays comme les \u00c9tats-Unis ou l\u2019Allemagne, alertent les sociologues. \u00ab\u00a0Il y a une \u00e9tude du Financial Times qui a montr\u00e9 sur les 18-30 ans aux \u00c9tats-Unis, les femmes votaient 30 points plus \u00e0 gauche que les hommes, on n&rsquo;avait jamais vu une diff\u00e9rence de genre de cette fa\u00e7on-l\u00e0.\u00a0\u00bb, explique Natacha Polony qui ajoute que c&rsquo;est le m\u00eame sch\u00e9ma en \u00ab\u00a0Allemagne sur les derni\u00e8res l\u00e9gislatives\u00a0\u00bb, les <strong>femmes votaient \u00e0 gauche, les hommes \u00e0 droite<\/strong>.<\/p>\n<p>Elle se tourne alors vers <a href=\"https:\/\/www.public.fr\/marguerite-star-academy-pique-a-pierre-garnier-son-frere\" target=\"_blank\" rel=\"noopener\">Marguerite <\/a>pour lui demander son ressenti. La chanteuse ne m\u00e2che pas ses mots : \u00ab\u00a0Je constate un <strong>manque d\u2019\u00e9ducation des gar\u00e7ons<\/strong>, <strong>beaucoup de sexisme<\/strong> assez ancr\u00e9 dans la soci\u00e9t\u00e9. Toutes les jeunes filles, les femmes, en font les frais.\u00a0\u00bb Voil\u00e0 qui est dit.<\/p>\n<p>Une artiste engag\u00e9e et ancr\u00e9e dans son temps<\/p>\n<p>Malgr\u00e9 tout, Marguerite garde espoir : \u00ab\u00a0J\u2019essaie toujours d\u2019\u00eatre optimiste l\u00e0-dessus, j\u2019ai envie de croire qu\u2019on essaie de se comprendre. La compr\u00e9hension, c\u2019est se parler, c\u2019est s\u2019\u00e9couter.\u00a0\u00bb M\u00eame Michel Cymes, \u00e9galement pr\u00e9sent sur le plateau, a r\u00e9agi \u00e0 ce sujet en liant le vote politique \u00e0 une certaine <strong>repr\u00e9sentation virile<\/strong> : \u00ab\u00a0J\u2019ai l\u2019impression que la droite a une image de virilit\u00e9, et extr\u00eame droite encore plus. [&#8230;] On va vers le plus viril quand on est un mec.\u00a0\u00bb <\/p>\n<p>Une r\u00e9flexion sur le plateau qui montre bien <strong>l&rsquo;incompr\u00e9hension toujours existante entre les hommes et les femmes<\/strong>. M\u00eame si les mentalit\u00e9s \u00e9voluent, le chemin est encore long.<\/p>\n<p>      Mentionn\u00e9s dans cet article<\/p>\n<p>\u00c0 lire aussi<\/p>\n","protected":false},"excerpt":{"rendered":"On la conna\u00eet pour sa douceur et sa sensibilit\u00e9, mais Marguerite ne manque pas de lucidit\u00e9 sur le&hellip;\n","protected":false},"author":2,"featured_media":230474,"comment_status":"","ping_status":"","sticky":false,"template":"","format":"standard","meta":{"footnotes":""},"categories":[1359],"tags":[20290,20291,58,59,1011,27,4467,973,5095],"class_list":{"0":"post-230473","1":"post","2":"type-post","3":"status-publish","4":"format-standard","5":"has-post-thumbnail","7":"category-people","8":"tag-aurelie-casse","9":"tag-c-lhebdo","10":"tag-divertissement","11":"tag-entertainment","12":"tag-fr","13":"tag-france","14":"tag-france-5","15":"tag-people","16":"tag-star-academy"},"share_on_mastodon":{"url":"https:\/\/pubeurope.com\/@fr\/114806426355372697","error":""},"_links":{"self":[{"href":"https:\/\/www.europesays.com\/fr\/wp-json\/wp\/v2\/posts\/230473","targetHints":{"allow":["GET"]}}],"collection":[{"href":"https:\/\/www.europesays.com\/fr\/wp-json\/wp\/v2\/posts"}],"about":[{"href":"https:\/\/www.europesays.com\/fr\/wp-json\/wp\/v2\/types\/post"}],"author":[{"embeddable":true,"href":"https:\/\/www.europesays.com\/fr\/wp-json\/wp\/v2\/users\/2"}],"replies":[{"embeddable":true,"href":"https:\/\/www.europesays.com\/fr\/wp-json\/wp\/v2\/comments?post=230473"}],"version-history":[{"count":0,"href":"https:\/\/www.europesays.com\/fr\/wp-json\/wp\/v2\/posts\/230473\/revisions"}],"wp:featuredmedia":[{"embeddable":true,"href":"https:\/\/www.europesays.com\/fr\/wp-json\/wp\/v2\/media\/230474"}],"wp:attachment":[{"href":"https:\/\/www.europesays.com\/fr\/wp-json\/wp\/v2\/media?parent=230473"}],"wp:term":[{"taxonomy":"category","embeddable":true,"href":"https:\/\/www.europesays.com\/fr\/wp-json\/wp\/v2\/categories?post=230473"},{"taxonomy":"post_tag","embeddable":true,"href":"https:\/\/www.europesays.com\/fr\/wp-json\/wp\/v2\/tags?post=230473"}],"curies":[{"name":"wp","href":"https:\/\/api.w.org\/{rel}","templated":true}]}}