{"id":230475,"date":"2025-07-06T13:03:16","date_gmt":"2025-07-06T13:03:16","guid":{"rendered":"https:\/\/www.europesays.com\/fr\/230475\/"},"modified":"2025-07-06T13:03:16","modified_gmt":"2025-07-06T13:03:16","slug":"cette-association-deux-sevrienne-propose-deux-fois-plus-dateliers-dedies-a-la-sculpture-et-a-la-mosaique-cet-ete","status":"publish","type":"post","link":"https:\/\/www.europesays.com\/fr\/230475\/","title":{"rendered":"Cette association deux-s\u00e9vrienne propose deux fois plus d\u2019ateliers d\u00e9di\u00e9s \u00e0 la sculpture et \u00e0 la mosa\u00efque cet \u00e9t\u00e9"},"content":{"rendered":"<p>Comme chaque ann\u00e9e \u00e0 la mi-juillet, l\u2019association Le Verger des sculpteurs, bas\u00e9e \u00e0 Saint-Sauveur-de-Givre-en-Mai, propose des initiations \u00e0 la mosa\u00efque et \u00e0 la sculpture sur pierre sur r\u00e9servation. Cet \u00e9t\u00e9, ces ateliers se tiendront du mardi\u00a015\u00a0au jeudi 24\u00a0juillet 2025, dans les locaux de la commune d\u00e9l\u00e9gu\u00e9e, au 3 bis, rue Charlemagne. Ils sont ouverts aux adultes, ainsi qu\u2019aux enfants \u00e0 partir de 7\u00a0ans.<\/p>\n<p>\u00ab\u00a0Je ressens une envie pour la sculpture qu\u2019on n\u2019avait pas les ann\u00e9es pr\u00e9c\u00e9dentes\u00a0\u00bb<\/p>\n<p>Le rendez-vous s\u2019\u00e9largit et passe de cinq jours \u00e0 dix jours. \u00ab\u00a0On a chang\u00e9 la formule, en \u00e9largissant \u00e0 une dizaine de jours pour s\u2019adapter, par exemple, aux demandes de grands-parents qui ont leurs petits-enfants en vacances\u00a0\u00bb, justifie le pr\u00e9sident Christian Raineteau. Une dizaine d\u2019inscriptions ont \u00e9t\u00e9 re\u00e7ues pour la sculpture. \u00ab\u00a0Je ressens une envie pour la sculpture qu\u2019on n\u2019avait pas les ann\u00e9es pr\u00e9c\u00e9dentes. Par ailleurs, certains jeunes reviennent en deuxi\u00e8me ann\u00e9e. C\u2019est un plaisir. Cela veut dire qu\u2019ils sont int\u00e9ress\u00e9s\u00a0\u00bb, se r\u00e9jouit le sculpteur&#8230;. <\/p>\n<p>    Cet article a \u00e9t\u00e9 tronqu\u00e9. Abonnez-vous pour lire l&rsquo;article complet sur notre site.<\/p>\n<p style=\"margin: 0 !important; padding: 0 !important; font-size: 12px !important;\">Cet article a \u00e9t\u00e9 tronqu\u00e9. Abonnez-vous pour lire l&rsquo;article complet.<\/p>\n<p>    <a href=\"https:\/\/www.lanouvellerepublique.fr\/abonnements\" style=\"display: inline-block; margin-top: 5px !important; padding: 6px 12px !important; background: #cb1c27; color: white; text-decoration: none; border-radius: 4px; font-size: 12px !important;\" target=\"_blank\" rel=\"noopener\"><br \/>\n      S&rsquo;abonner<br \/>\n    <\/a><\/p>\n","protected":false},"excerpt":{"rendered":"Comme chaque ann\u00e9e \u00e0 la mi-juillet, l\u2019association Le Verger des sculpteurs, bas\u00e9e \u00e0 Saint-Sauveur-de-Givre-en-Mai, propose des initiations \u00e0&hellip;\n","protected":false},"author":2,"featured_media":230476,"comment_status":"","ping_status":"","sticky":false,"template":"","format":"standard","meta":{"footnotes":""},"categories":[1358],"tags":[1392,20158,1477,1348,1384,1385,1674,1386,2545,58,59,1011,27,1393],"class_list":{"0":"post-230475","1":"post","2":"type-post","3":"status-publish","4":"format-standard","5":"has-post-thumbnail","7":"category-arts-et-design","8":"tag-a-la-une-local","9":"tag-agglo2b","10":"tag-artisanat","11":"tag-arts","12":"tag-arts-and-design","13":"tag-arts-et-design","14":"tag-communes","15":"tag-design","16":"tag-deux-sevres","17":"tag-divertissement","18":"tag-entertainment","19":"tag-fr","20":"tag-france","21":"tag-loisirs"},"share_on_mastodon":{"url":"https:\/\/pubeurope.com\/@fr\/114806430366848048","error":""},"_links":{"self":[{"href":"https:\/\/www.europesays.com\/fr\/wp-json\/wp\/v2\/posts\/230475","targetHints":{"allow":["GET"]}}],"collection":[{"href":"https:\/\/www.europesays.com\/fr\/wp-json\/wp\/v2\/posts"}],"about":[{"href":"https:\/\/www.europesays.com\/fr\/wp-json\/wp\/v2\/types\/post"}],"author":[{"embeddable":true,"href":"https:\/\/www.europesays.com\/fr\/wp-json\/wp\/v2\/users\/2"}],"replies":[{"embeddable":true,"href":"https:\/\/www.europesays.com\/fr\/wp-json\/wp\/v2\/comments?post=230475"}],"version-history":[{"count":0,"href":"https:\/\/www.europesays.com\/fr\/wp-json\/wp\/v2\/posts\/230475\/revisions"}],"wp:featuredmedia":[{"embeddable":true,"href":"https:\/\/www.europesays.com\/fr\/wp-json\/wp\/v2\/media\/230476"}],"wp:attachment":[{"href":"https:\/\/www.europesays.com\/fr\/wp-json\/wp\/v2\/media?parent=230475"}],"wp:term":[{"taxonomy":"category","embeddable":true,"href":"https:\/\/www.europesays.com\/fr\/wp-json\/wp\/v2\/categories?post=230475"},{"taxonomy":"post_tag","embeddable":true,"href":"https:\/\/www.europesays.com\/fr\/wp-json\/wp\/v2\/tags?post=230475"}],"curies":[{"name":"wp","href":"https:\/\/api.w.org\/{rel}","templated":true}]}}