{"id":230485,"date":"2025-07-06T13:08:11","date_gmt":"2025-07-06T13:08:11","guid":{"rendered":"https:\/\/www.europesays.com\/fr\/230485\/"},"modified":"2025-07-06T13:08:11","modified_gmt":"2025-07-06T13:08:11","slug":"comment-le-cholera-a-tue-20-000-parisiens-en-6-mois","status":"publish","type":"post","link":"https:\/\/www.europesays.com\/fr\/230485\/","title":{"rendered":"comment le chol\u00e9ra a tu\u00e9 20 000 parisiens en 6 mois"},"content":{"rendered":"<p>Remontons un peu plus de 190 ans en arri\u00e8re jusqu\u2019en 1832 \u00e0 Paris. La ville \u00e9tait alors surpeupl\u00e9e, ses ruelles suintaient la mis\u00e8re et les d\u00e9chets s\u2019amoncelaient partout, empestant l\u2019air ambiant. En l\u2019espace de six mois, un fl\u00e9au terrible fond sur la capitale\u00a0: le chol\u00e9ra. Cette infection bact\u00e9rienne, transmise par l\u2019eau souill\u00e9e, tue en quelques heures en vidant le corps de toute son eau. Aucun quartier n\u2019est \u00e9pargn\u00e9\u202f: des faubourgs mis\u00e9reux aux zones commer\u00e7antes, la maladie fauche sans distinction et a <strong>emport\u00e9 quasiment 20\u202f000 habitants de la capitale<\/strong>.<\/p>\n<p>La panique gagna une population d\u00e9j\u00e0 durement \u00e9prouv\u00e9e par la pauvret\u00e9, l\u2019exode rural et l\u2019entassement. Face \u00e0 ce mal inconnu, la m\u00e9decine t\u00e2tonnait encore, prisonni\u00e8re de croyances d\u00e9pass\u00e9es. Cette <a href=\"https:\/\/www.presse-citron.net\/la-prochaine-pandemie-quels-sont-les-agents-pathogenes-les-plus-redoutes-selon-loms\/\" rel=\"nofollow noopener\" target=\"_blank\">crise sanitaire<\/a> digne du Moyen \u00c2ge <strong>agira n\u00e9anmoins comme un v\u00e9ritable \u00e9lectrochoc<\/strong> en exposant les plaies b\u00e9antes d\u2019une capitale asphyxi\u00e9e, et enflammera l\u2019\u00e9tincelle d\u2019une profonde transformation urbaine et sanitaire.<\/p>\n<p> La peste du XIXe si\u00e8cle\u00a0: Paris sous l\u2019emprise du chol\u00e9ra <\/p>\n<p>En ce milieu du XIX\u1d49 si\u00e8cle, Paris est une m\u00e9galopole \u00e9touff\u00e9e par sa propre modernit\u00e9. Les ruelles \u00e9troites, noires de suie, ruissellent d\u2019eaux us\u00e9es et d\u2019immondices en tous genres, charri\u00e9s par la pluie jusqu\u2019\u00e0 <a href=\"https:\/\/www.presse-citron.net\/jo-2024-pourquoi-la-seine-ne-peut-pas-etre-responsable-de-lhospitalisation-de-la-triathlete-belge-selon-la-science\/\" rel=\"nofollow noopener\" target=\"_blank\">la Seine<\/a>. Les eaux stagnantes sont partout, et dans celles-ci se cachent <strong>un organisme minuscule, mais absolument redoutable\u00a0: Vibrio cholerae<\/strong>.<\/p>\n<p>Une bact\u00e9rie capable de produire une toxine si puissante qu\u2019elle court-circuite la capacit\u00e9 de l\u2019intestin \u00e0 retenir l\u2019eau et les sels min\u00e9raux. On respirait alors \u00e0 Paris un air naus\u00e9abond, qu\u2019on pensait responsable de la propagation de cette bact\u00e9rie et qu\u2019on bl\u00e2mait \u00e0 tort. Toutefois, ce n\u2019\u00e9tait pas le cas puisque <strong>c\u2019\u00e9tait bien l\u2019eau la vraie coupable<\/strong>.<\/p>\n<p>La population, en forte croissance, s\u2019entassait dans des immeubles pr\u00e9caires o\u00f9 la promiscuit\u00e9 et l\u2019insalubrit\u00e9 formaient un terreau parfait pour le chol\u00e9ra. Les latrines d\u00e9bordaient, les puits d\u2019eau potable se m\u00ealaient aux fosses \u00e0 purin\u202f; la bact\u00e9rie s\u2019est donc propag\u00e9e \u00e0 la vitesse de l\u2019\u00e9clair, trouvant dans ce chaos urbain un terrain d\u2019expansion id\u00e9al.<\/p>\n<p> Vibrio cholerae, ing\u00e9r\u00e9e avec une eau souill\u00e9e, traverse l\u2019estomac puis colonise l\u2019intestin gr\u00eale, o\u00f9 elle lib\u00e8re sa toxine. En r\u00e9sulte une infection violente provoquant des diarrh\u00e9es aigu\u00ebs, en jets, qui \u00e9puise le malade en quelques heures. La perte rapide de fluides fait chuter le volume sanguin, la peau bleuit, le pouls s\u2019effondre et <strong>la mort finit par emporter les personnes infect\u00e9es<\/strong> en quelques jours seulement.<\/p>\n<p>Les quartiers ouvriers <strong>sont les plus rudement touch\u00e9s<\/strong>, d\u00e9j\u00e0 affect\u00e9s par la pauvret\u00e9 et la malnutrition. Les morts s\u2019empilent et on les enterre \u00e0 la h\u00e2te par peur que la maladie ne se propage plus vite encore. Enfants, adultes, personnes \u00e2g\u00e9es\u00a0: le chol\u00e9ra n\u2019a laiss\u00e9 aucune chance \u00e0 ces personnes fragiles, priv\u00e9es d\u2019hygi\u00e8ne et de soins.<\/p>\n<p> Le r\u00e8gne de la terreur sanitaire <\/p>\n<p>La m\u00e9decine de l\u2019\u00e9poque \u00e9tait encore coinc\u00e9e dans <strong>des consid\u00e9rations scientifiques d\u2019un autre temps\u00a0: la th\u00e9orie des miasmes<\/strong>. Selon cette croyance, h\u00e9rit\u00e9e d\u2019Hippocrate et largement diffus\u00e9e depuis le Moyen \u00c2ge, les \u00e9pid\u00e9mies se transmettaient par l\u2019air corrompu, satur\u00e9 d\u2019\u00e9manations f\u00e9tides issues de la putr\u00e9faction des cadavres. Les vapeurs pestilentielles des quartiers insalubres, pensait-on, suffisaient \u00e0 v\u00e9hiculer la maladie d\u2019un corps \u00e0 l\u2019autre.<\/p>\n<p>Convaincus que purifier l\u2019air sauverait la ville, les autorit\u00e9s ont fait br\u00fbler des plantes aromatiques, install\u00e9 des braseros dans les rues et ordonn\u00e9 l\u2019a\u00e9ration des logements. Pendant ce temps, la v\u00e9ritable cause, l\u2019eau contamin\u00e9e par les d\u00e9jections humaines, <strong>continuait de se frayer un chemin jusque dans les intestins<\/strong> des habitants de la ville.<\/p>\n<p>La panique, elle, <strong>circulait presque plus vite que la bact\u00e9rie<\/strong>\u202f: on fuyait Paris ou ses proches, on fuyait m\u00eame les m\u00e9decins, soup\u00e7onn\u00e9s de porter la maladie avec eux. Les rumeurs se propag\u00e8rent comme une tra\u00een\u00e9e de poudre\u00a0: poisons administr\u00e9s par le pouvoir, punition divine ou ch\u00e2timent envoy\u00e9 au peuple. Chaque quartier s\u2019\u00e9tait barricad\u00e9 sur lui-m\u00eame, comme des bastions assi\u00e9g\u00e9s par la maladie ou les pri\u00e8res faisaient office de soin.<\/p>\n<p>Au milieu de ce d\u00e9sarroi, quelques voix commenc\u00e8rent \u00e0 s\u2019\u00e9lever. Certains m\u00e9decins et hygi\u00e9nistes, d\u00e9contenanc\u00e9s par les \u00e9checs r\u00e9p\u00e9t\u00e9s des mesures contre les \u00ab\u00a0miasmes\u00a0\u00bb (qui n\u2019existent pas, vous l\u2019aurez compris), c<strong>ommenc\u00e8rent \u00e0 se poser les bonnes questions<\/strong>. Pourquoi la maladie semblait-t-elle \u00e9clore toujours autour des m\u00eames puits\u00a0? Pourquoi des familles enti\u00e8res \u00e9taient-elles frapp\u00e9es, alors m\u00eame que l\u2019air qu\u2019elles respiraient \u00e9taient identique \u00e0 celui des quartiers \u00e9pargn\u00e9s\u00a0?<\/p>\n<p>Ces pionniers, influenc\u00e9s par les d\u00e9couvertes de John Snow, un m\u00e9decin britannique, se mirent \u00e0 cartographier les d\u00e9c\u00e8s, \u00e0 interroger les proches et \u00e0 relever les points d\u2019eau communs aux malades. Ils remarqu\u00e8rent que la contagion se concentrait autour de certaines fontaines et puits publics. Le doute disparu\u00a0:<strong> le chol\u00e9ra se propageait bien par l\u2019eau et non par l\u2019air<\/strong>. Cette id\u00e9e heurta de plein fouet les convictions dominantes\u00a0: comment admettre que ce liquide vital, cens\u00e9 purifier le corps, \u00e9tait le vecteur m\u00eame du chol\u00e9ra\u00a0?<\/p>\n<p>L\u2019hypoth\u00e8se finit par s\u2019imposer lentement, mais il faudra des ann\u00e9es pour convaincre l\u2019opinion publique et les d\u00e9cideurs politiques qu\u2019elle \u00e9tait fond\u00e9e. Des ann\u00e9es encore pour <strong>moderniser le r\u00e9seau de distribution d\u2019eau municipal<\/strong>, qui datait de plusieurs si\u00e8cles en arri\u00e8re. Canalisations, puits et fontaines coexistaient dans un labyrinthe v\u00e9tuste, qu\u2019il fallait enti\u00e8rement reconstruire.<\/p>\n<p>Lorsque l\u2019\u00e9pid\u00e9mie finit par refluer apr\u00e8s six mois d\u2019agonie collective, <strong>le bilan \u00e9tait catastrophique<\/strong> : 18\u00a0400 morts, des familles enti\u00e8res d\u00e9cim\u00e9es et une capitale compl\u00e8tement traumatis\u00e9e. La grande Paris \u00e9tait malade de ses propres eaux et de ses in\u00e9galit\u00e9s sociales.<\/p>\n<p>Napol\u00e9on III, devenu empereur en 1852, avait parfaitement compris que sa l\u00e9gitimit\u00e9 passait aussi par la capacit\u00e9 de prot\u00e9ger ses administr\u00e9s des catastrophes sanitaires. Confront\u00e9 \u00e0 la peur et \u00e0 la col\u00e8re suscit\u00e9es par le chol\u00e9ra, il chercha \u00e0 restaurer la confiance en faisant de la sant\u00e9 publique une priorit\u00e9 politique. Il chargea son pr\u00e9fet, Georges-Eug\u00e8ne Haussmann, d\u2019une mission d\u2019une importance capitale\u00a0: <strong>reconstruire Paris de fond en comble<\/strong>, afin que celle-ci ne soit plus jamais touch\u00e9e par un tel fl\u00e9au.<\/p>\n<p>Haussmann s\u2019attela alors \u00e0 engager <strong>la plus grande transformation de la ville depuis le Moyen \u00c2ge<\/strong>, qui la fit entrer dans l\u2019\u00e8re moderne. Refonte du r\u00e9seau d\u2019\u00e9gouts, construction de nouveaux aqueducs pour garantir un approvisionnement en eau propre, \u00e9largissement de rues trop \u00e9troites o\u00f9 la maladie avait prosp\u00e9r\u00e9, \u00e9tablissement de normes sanitaires plus strictes\u2026 En quelques ann\u00e9es seulement, Paris a chang\u00e9 de visage sous l\u2019impulsion de ce qu\u2019on nomma bien plus tard l\u2019\u00ab\u00a0haussmannisation\u00a0\u00bb.<\/p>\n<p>L\u2019\u00e9pid\u00e9mie de chol\u00e9ra de Paris restera <strong>une cicatrice profonde dans la m\u00e9moire collective<\/strong>, un \u00e9v\u00e9nement traumatisant qui a mis au grand jour les failles d\u2019une<strong> m\u00e9tropole en mutation incontr\u00f4l\u00e9e<\/strong>. Apr\u00e8s le passage ravageur de la maladie, la capitale fut non seulement embellie, mais <strong>sa r\u00e9silience face aux \u00e9pid\u00e9mies<\/strong> s\u2019en trouva \u00e9galement renforc\u00e9e. De la destruction et de la peur est ainsi n\u00e9e <strong>la modernit\u00e9 et la beaut\u00e9 de Paris<\/strong>, fruit amer, mais \u00f4 combien essentiel, de la bataille perdue en 1832 contre cette bact\u00e9rie porteuse de mort.<\/p>\n<ul class=\"tldr\">\n<li>Une \u00e9pid\u00e9mie mortelle de chol\u00e9ra \u00e0 Paris en 1832 r\u00e9v\u00e9la les profondes lacunes urbaines de la ville, emportant 18\u00a0400 personnes avec elle.<\/li>\n<li>Face \u00e0 l\u2019ignorance m\u00e9dicale, la panique s\u2019est empar\u00e9e de la population, mais des d\u00e9couvertes essentielles sur la transmission de la maladie \u00e9merg\u00e8rent.<\/li>\n<li>Cet \u00e9v\u00e9nement tragique fut le point de d\u00e9part d\u2019une transformation radicale de la capitale, la rendant plus moderne et r\u00e9siliente.<\/li>\n<\/ul>\n<blockquote>\n<p class=\"text-base text-neutral-700 dark:text-neutral-300\">\ud83d\udccd Pour ne manquer aucune actualit\u00e9 de Presse-citron, suivez-nous sur <a href=\"https:\/\/news.google.com\/publications\/CAAqBggKMIPiNTC70wU?hl=fr&amp;gl=FR&amp;ceid=FR%3Afr\" target=\"_blank\" rel=\"nofollow noopener\">Google Actualit\u00e9s<\/a> et <a href=\"https:\/\/whatsapp.com\/channel\/0029VaCkGuz4NViitBXbEr0b\" target=\"_blank\" rel=\"nofollow noopener\">WhatsApp<\/a>.<\/p>\n<\/blockquote>\n<p>            <img decoding=\"async\" src=\"https:\/\/www.europesays.com\/fr\/wp-content\/uploads\/2025\/03\/tous-anti-covid.png\" alt=\"TousAntiCovid\" loading=\"lazy\"\/>                            <\/p>\n","protected":false},"excerpt":{"rendered":"Remontons un peu plus de 190 ans en arri\u00e8re jusqu\u2019en 1832 \u00e0 Paris. La ville \u00e9tait alors surpeupl\u00e9e,&hellip;\n","protected":false},"author":2,"featured_media":230486,"comment_status":"","ping_status":"","sticky":false,"template":"","format":"standard","meta":{"footnotes":""},"categories":[10],"tags":[1011,27,72,937,71,43],"class_list":{"0":"post-230485","1":"post","2":"type-post","3":"status-publish","4":"format-standard","5":"has-post-thumbnail","7":"category-sante","8":"tag-fr","9":"tag-france","10":"tag-health","11":"tag-histoire","12":"tag-sante","13":"tag-science"},"share_on_mastodon":{"url":"https:\/\/pubeurope.com\/@fr\/114806450060608135","error":""},"_links":{"self":[{"href":"https:\/\/www.europesays.com\/fr\/wp-json\/wp\/v2\/posts\/230485","targetHints":{"allow":["GET"]}}],"collection":[{"href":"https:\/\/www.europesays.com\/fr\/wp-json\/wp\/v2\/posts"}],"about":[{"href":"https:\/\/www.europesays.com\/fr\/wp-json\/wp\/v2\/types\/post"}],"author":[{"embeddable":true,"href":"https:\/\/www.europesays.com\/fr\/wp-json\/wp\/v2\/users\/2"}],"replies":[{"embeddable":true,"href":"https:\/\/www.europesays.com\/fr\/wp-json\/wp\/v2\/comments?post=230485"}],"version-history":[{"count":0,"href":"https:\/\/www.europesays.com\/fr\/wp-json\/wp\/v2\/posts\/230485\/revisions"}],"wp:featuredmedia":[{"embeddable":true,"href":"https:\/\/www.europesays.com\/fr\/wp-json\/wp\/v2\/media\/230486"}],"wp:attachment":[{"href":"https:\/\/www.europesays.com\/fr\/wp-json\/wp\/v2\/media?parent=230485"}],"wp:term":[{"taxonomy":"category","embeddable":true,"href":"https:\/\/www.europesays.com\/fr\/wp-json\/wp\/v2\/categories?post=230485"},{"taxonomy":"post_tag","embeddable":true,"href":"https:\/\/www.europesays.com\/fr\/wp-json\/wp\/v2\/tags?post=230485"}],"curies":[{"name":"wp","href":"https:\/\/api.w.org\/{rel}","templated":true}]}}