{"id":230493,"date":"2025-07-06T13:12:11","date_gmt":"2025-07-06T13:12:11","guid":{"rendered":"https:\/\/www.europesays.com\/fr\/230493\/"},"modified":"2025-07-06T13:12:11","modified_gmt":"2025-07-06T13:12:11","slug":"mode-demploi-complet-lactu-tech-de-la-semaine","status":"publish","type":"post","link":"https:\/\/www.europesays.com\/fr\/230493\/","title":{"rendered":"mode d\u2019emploi complet \u2013 L\u2019actu tech de la semaine"},"content":{"rendered":"<p>Bouygues et Free \u00e0 l\u2019assaut : SFR bient\u00f4t d\u00e9mantel\u00e9, pourquoi migrer vers un gestionnaire de mots de passe ind\u00e9pendant maintenant et comment installer vos papiers et vos cartes d\u2019identit\u00e9 sur votre smartphone c\u2019est le r\u00e9cap.<\/p>\n<p>Patrick Drahi a officiellement lanc\u00e9 la cession de SFR, \u00e9valu\u00e9e \u00e0 environ 23\u202fmilliards d\u2019euros. Plut\u00f4t que de c\u00e9der l\u2019op\u00e9rateur en bloc, <a href=\"https:\/\/www.frandroid.com\/marques\/sfr\/2717987_ca-y-est-le-rachat-de-sfr-est-lance-bouygues-et-telecom-se-partageraient-le-carre-rouge\" target=\"_blank\" rel=\"noopener\">il est envisag\u00e9 de le scinder pour que Bouygues Telecom et Free se partagent les actifs<\/a> \u2013 r\u00e9seau, boutiques, abonn\u00e9s \u2013, revenant de fait \u00e0 un march\u00e9 \u00e0 trois op\u00e9rateurs, ce qui pourrait peser sur la concurrence mobile.<\/p>\n<p>Microsoft a annonc\u00e9 qu\u2019\u00e0 partir du 1er ao\u00fbt 2025, <a href=\"https:\/\/www.frandroid.com\/culture-tech\/securite-applications\/2716361_cette-decision-de-microsoft-nous-rappelle-pourquoi-nous-ne-devons-pas-confier-notre-securite-aux-gafam\" target=\"_blank\" rel=\"noopener\">son application Authenticator cessera de g\u00e9rer les mots de passe<\/a>. Ceux-ci seront uniquement accessibles depuis son navigateur Edge. Ce choix renforce l\u2019id\u00e9e que confier ses donn\u00e9es sensibles \u00e0 un \u00e9cosyst\u00e8me ferm\u00e9 comporte un risque de d\u00e9pendance\u202f; des alternatives comme Bitwarden, 1Password ou Proton Pass sont recommand\u00e9es.<\/p>\n<p>Frandroid vous propose un <a href=\"https:\/\/www.frandroid.com\/comment-faire\/tutoriaux\/tutoriels-smartphones\/2574151_comment-installer-carte-didentite-numerique-permis-de-conduire-carte-vitale-et-carte-grise-sur-votre-smartphone\" target=\"_blank\" rel=\"noopener\">guide \u00e9tape par \u00e9tape pour stocker vos documents officiels<\/a> (CNI\u2011e, permis, Vitale, carte grise) sur smartphone. Nous d\u00e9taillons l\u2019usage de l\u2019application France\u202fIdentit\u00e9 (Android 11, iOS 16 et versions sup\u00e9rieures) pour importer la CNI\u2011e et le permis via NFC\/QR, puis l\u2019activation de la carte Vitale via l\u2019application d\u00e9di\u00e9e, tout en rappelant bien s\u00fbr qu\u2019il est n\u00e9cessaire de conserver les versions physiques car cette d\u00e9mat\u00e9rialisation est encore loin d\u2019\u00eatre accept\u00e9e partout.<\/p>\n","protected":false},"excerpt":{"rendered":"Bouygues et Free \u00e0 l\u2019assaut : SFR bient\u00f4t d\u00e9mantel\u00e9, pourquoi migrer vers un gestionnaire de mots de passe&hellip;\n","protected":false},"author":2,"featured_media":230494,"comment_status":"","ping_status":"","sticky":false,"template":"","format":"standard","meta":{"footnotes":""},"categories":[6],"tags":[35,33,34,1011,27,36916],"class_list":{"0":"post-230493","1":"post","2":"type-post","3":"status-publish","4":"format-standard","5":"has-post-thumbnail","7":"category-economie","8":"tag-business","9":"tag-economie","10":"tag-economy","11":"tag-fr","12":"tag-france","13":"tag-recap-de-la-semaine"},"share_on_mastodon":{"url":"https:\/\/pubeurope.com\/@fr\/114806465741955788","error":""},"_links":{"self":[{"href":"https:\/\/www.europesays.com\/fr\/wp-json\/wp\/v2\/posts\/230493","targetHints":{"allow":["GET"]}}],"collection":[{"href":"https:\/\/www.europesays.com\/fr\/wp-json\/wp\/v2\/posts"}],"about":[{"href":"https:\/\/www.europesays.com\/fr\/wp-json\/wp\/v2\/types\/post"}],"author":[{"embeddable":true,"href":"https:\/\/www.europesays.com\/fr\/wp-json\/wp\/v2\/users\/2"}],"replies":[{"embeddable":true,"href":"https:\/\/www.europesays.com\/fr\/wp-json\/wp\/v2\/comments?post=230493"}],"version-history":[{"count":0,"href":"https:\/\/www.europesays.com\/fr\/wp-json\/wp\/v2\/posts\/230493\/revisions"}],"wp:featuredmedia":[{"embeddable":true,"href":"https:\/\/www.europesays.com\/fr\/wp-json\/wp\/v2\/media\/230494"}],"wp:attachment":[{"href":"https:\/\/www.europesays.com\/fr\/wp-json\/wp\/v2\/media?parent=230493"}],"wp:term":[{"taxonomy":"category","embeddable":true,"href":"https:\/\/www.europesays.com\/fr\/wp-json\/wp\/v2\/categories?post=230493"},{"taxonomy":"post_tag","embeddable":true,"href":"https:\/\/www.europesays.com\/fr\/wp-json\/wp\/v2\/tags?post=230493"}],"curies":[{"name":"wp","href":"https:\/\/api.w.org\/{rel}","templated":true}]}}