{"id":230503,"date":"2025-07-06T13:18:11","date_gmt":"2025-07-06T13:18:11","guid":{"rendered":"https:\/\/www.europesays.com\/fr\/230503\/"},"modified":"2025-07-06T13:18:11","modified_gmt":"2025-07-06T13:18:11","slug":"nancy-lycee-paul-louis-cyffle-bac-2025-mention-tres-bien-yelyzaveta-mishchenko-20-ans-bac-professionnel","status":"publish","type":"post","link":"https:\/\/www.europesays.com\/fr\/230503\/","title":{"rendered":"Nancy, lyc\u00e9e Paul-Louis-Cyffl\u00e9 | Bac 2025 Mention Tr\u00e8s Bien. Yelyzaveta Mishchenko, 20 ans, bac professionnel"},"content":{"rendered":"<p>Yelyzaveta Mishchenko, 20 ans, demeurant \u00e0 Nancy, a d\u00e9croch\u00e9 son bac professionnel R\u00e9alisation de produits imprim\u00e9s et plurim\u00e9dia option productions graphiques avec mention tr\u00e8s bien et les f\u00e9licitations du jury. Passionn\u00e9e par le design et les jeux vid\u00e9o, elle a obtenu la note de 20 en E3-C Imposition, r\u00e9alisation d&rsquo;une forme imprimante. Les math\u00e9matiques sont sa mati\u00e8re pr\u00e9f\u00e9r\u00e9e. Elle a r\u00e9agi avec une grande joie en apprenant sa mention tr\u00e8s bien. Yelyzaveta Mishchenko a obtenu la note de 19.35 en moyenne professionnelle et 18.14 en moyenne g\u00e9n\u00e9rale. Elle va passer l&rsquo;\u00e9t\u00e9 avec ses amis et profiter du temps libre. Celle qui pratique \u00e9galement le volley-ball, va aussi s&rsquo;exercer au design pour am\u00e9liorer ses comp\u00e9tences cet \u00e9t\u00e9. Elle va pr\u00e9parer un BTS \u00e9tudes de r\u00e9alisation d&rsquo;un projet de communication pour devenir graphiste.<\/p>\n<p>\u270e R\u00e9dig\u00e9 avec l&rsquo;aide d&rsquo;outils IA et v\u00e9rifi\u00e9 par un journaliste \ud83d\udec8 En savoir plus avec la charte IA d&rsquo;Ebra.<\/p>\n","protected":false},"excerpt":{"rendered":"Yelyzaveta Mishchenko, 20 ans, demeurant \u00e0 Nancy, a d\u00e9croch\u00e9 son bac professionnel R\u00e9alisation de produits imprim\u00e9s et plurim\u00e9dia&hellip;\n","protected":false},"author":2,"featured_media":230504,"comment_status":"","ping_status":"","sticky":false,"template":"","format":"standard","meta":{"footnotes":""},"categories":[9635],"tags":[1111,11,36609,1704,1057,1777,674,10961,1011,27,775,1702,1703,12,25],"class_list":{"0":"post-230503","1":"post","2":"type-post","3":"status-publish","4":"format-standard","5":"has-post-thumbnail","7":"category-nancy","8":"tag-actu","9":"tag-actualites","10":"tag-baccalaureat-mention-tres-bien","11":"tag-edition-nancy-et-agglomeration","12":"tag-education","13":"tag-eu","14":"tag-europe","15":"tag-examen-diplome","16":"tag-fr","17":"tag-france","18":"tag-grand-est","19":"tag-nancy","20":"tag-nancy-ville-54b","21":"tag-news","22":"tag-republique-francaise"},"share_on_mastodon":{"url":"https:\/\/pubeurope.com\/@fr\/114806489344878720","error":""},"_links":{"self":[{"href":"https:\/\/www.europesays.com\/fr\/wp-json\/wp\/v2\/posts\/230503","targetHints":{"allow":["GET"]}}],"collection":[{"href":"https:\/\/www.europesays.com\/fr\/wp-json\/wp\/v2\/posts"}],"about":[{"href":"https:\/\/www.europesays.com\/fr\/wp-json\/wp\/v2\/types\/post"}],"author":[{"embeddable":true,"href":"https:\/\/www.europesays.com\/fr\/wp-json\/wp\/v2\/users\/2"}],"replies":[{"embeddable":true,"href":"https:\/\/www.europesays.com\/fr\/wp-json\/wp\/v2\/comments?post=230503"}],"version-history":[{"count":0,"href":"https:\/\/www.europesays.com\/fr\/wp-json\/wp\/v2\/posts\/230503\/revisions"}],"wp:featuredmedia":[{"embeddable":true,"href":"https:\/\/www.europesays.com\/fr\/wp-json\/wp\/v2\/media\/230504"}],"wp:attachment":[{"href":"https:\/\/www.europesays.com\/fr\/wp-json\/wp\/v2\/media?parent=230503"}],"wp:term":[{"taxonomy":"category","embeddable":true,"href":"https:\/\/www.europesays.com\/fr\/wp-json\/wp\/v2\/categories?post=230503"},{"taxonomy":"post_tag","embeddable":true,"href":"https:\/\/www.europesays.com\/fr\/wp-json\/wp\/v2\/tags?post=230503"}],"curies":[{"name":"wp","href":"https:\/\/api.w.org\/{rel}","templated":true}]}}