{"id":230515,"date":"2025-07-06T13:25:16","date_gmt":"2025-07-06T13:25:16","guid":{"rendered":"https:\/\/www.europesays.com\/fr\/230515\/"},"modified":"2025-07-06T13:25:16","modified_gmt":"2025-07-06T13:25:16","slug":"boulevard-dangereux-amiante-a-la-dechetterie-hommage-a-owen-le-recap-de-lactu-de-la-semaine-a-rouen","status":"publish","type":"post","link":"https:\/\/www.europesays.com\/fr\/230515\/","title":{"rendered":"Boulevard dangereux, amiante \u00e0 la d\u00e9chetterie, hommage \u00e0 Owen&#8230; Le r\u00e9cap&rsquo; de l&rsquo;actu de la semaine \u00e0 Rouen"},"content":{"rendered":"<p>            Par<br \/>\n        <strong><br \/>\n            <a href=\"https:\/\/actu.fr\/auteur\/fmass\" title=\"Consulter tous les articles de Fabien Massin\" target=\"_blank\" rel=\"noopener\">Fabien Massin<\/a><br \/>\n        <\/strong><\/p>\n<p>        Publi\u00e9 le<\/p>\n<p>            6 juil. 2025 \u00e0 14h52        <\/p>\n<p>Le mois de juillet est arriv\u00e9, vous vous \u00eates d\u00e9j\u00e0 un peu \u00e9loign\u00e9 de <a href=\"https:\/\/actu.fr\/normandie\/rouen_76540\" target=\"_blank\" rel=\"noopener\">Rouen (Seine-Maritime)<\/a> \u2014 le temps de quelques jours de repos bien m\u00e9rit\u00e9s \u2014 et vous n\u2019avez pas tout suivi de l\u2019actualit\u00e9 dans votre ville pr\u00e9f\u00e9r\u00e9e ? Pas de probl\u00e8me <strong>on rembobine le fil des \u00e9v\u00e9nements<\/strong> avec le r\u00e9cap\u2019 hebdomadaire de l\u2019actu, du 30 juin au 7 juillet 2025.\u00a0<\/p>\n<p>Les infos de la semaine \u00e0 Rouen\u00a0<\/p>\n<p class=\"expresso-item wall-content\"><a title=\"Lire l&#039;article\" href=\"https:\/\/actu.fr\/normandie\/le-petit-quevilly_76498\/130-km-h-en-zone-30-au-petit-quevilly-un-boulevard-devient-une-piste-de-karting_62825053.html\" target=\"_blank\" rel=\"noopener\"><strong>130 km\/h en zone 30 : au Petit-Quevilly, un boulevard devient \u00ab une piste de karting \u00bb<\/strong><\/a><br \/>Le boulevard du 11-Novembre, au Petit-Quevilly est le th\u00e9\u00e2tre d\u2019infractions fr\u00e9quentes : vitesse excessive, \u00ab runs \u00bb nocturnes, feux grill\u00e9s. Quelles solutions pour y rem\u00e9dier ?<\/p>\n<p class=\"expresso-item wall-content\"><a title=\"Lire l&#039;article\" href=\"https:\/\/actu.fr\/normandie\/rouen_76540\/a-rouen-une-ligne-de-teor-bientot-transformee-en-tramway-les-precisions-et-le-calendrier_62846346.html\" target=\"_blank\" rel=\"noopener\"><strong>\u00c0 Rouen, une ligne de TEOR bient\u00f4t transform\u00e9e en tramway ? Les pr\u00e9cisions et le calendrier<\/strong><\/a><br \/>Et si une nouvelle ligne de tram voyait le jour \u00e0 Rouen (Seine-Maritime) ? Le sujet a \u00e9t\u00e9 \u00e9voqu\u00e9 lors du conseil m\u00e9tropolitain du 30 juin 2025. Les d\u00e9tails.<\/p>\n<p class=\"expresso-item wall-content\"><a title=\"Lire l&#039;article\" href=\"https:\/\/actu.fr\/societe\/pas-de-remise-en-cause-du-projet-et-une-feuille-de-route-neuve-pour-la-ligne-nouvelle-paris-normandie_62857169.html\" target=\"_blank\" rel=\"noopener\"><strong>\u00ab\u2009Pas de remise en cause du projet\u2009\u00bb et une feuille de route neuve pour la Ligne nouvelle Paris Normandie<\/strong><\/a><br \/>La Seine-Maritime et ses usagers de la ligne de train vers Paris vont pouvoir souffler : la Ligne nouvelle Paris Normandie est de nouveau sur les rails. On vous explique.<\/p>\n<p class=\"expresso-item wall-content\"><a title=\"Lire l&#039;article\" href=\"https:\/\/actu.fr\/normandie\/rouen_76540\/depots-illegaux-d-amiante-a-la-dechetterie-de-rouen-un-cout-astronomique-pour-la-metropole_62857467.html\" target=\"_blank\" rel=\"noopener\"><strong>D\u00e9p\u00f4ts ill\u00e9gaux d\u2019amiante \u00e0 la d\u00e9chetterie de Rouen : un \u00ab\u2009co\u00fbt astronomique\u2009\u00bb pour la M\u00e9tropole<\/strong><\/a><br \/>\u00c0 cause de la n\u00e9gligence d\u2019une minorit\u00e9, la M\u00e9tropole de Rouen d\u00e9pense 300 000 euros par an \u00e0 cause des d\u00e9p\u00f4ts de d\u00e9chets amiant\u00e9s dans les d\u00e9chetteries.<\/p>\n<p class=\"expresso-item wall-content\"><a title=\"Lire l&#039;article\" href=\"https:\/\/actu.fr\/normandie\/rouen_76540\/mort-d-owen-a-rouen-une-plaque-posee-pour-que-ce-lieu-maudit-devienne-un-lieu-de-recueillement_62872711.html\" target=\"_blank\" rel=\"noopener\"><strong>Mort d\u2019Owen \u00e0 Rouen : une plaque pos\u00e9e \u00ab\u2009pour que ce lieu maudit devienne un lieu de recueillement\u2009\u00bb<\/strong><\/a><br \/>Ce samedi 5 juillet 2025, la famille, les amis et tous les proches d\u2019Owen ont install\u00e9 une plaque, en m\u00e9moire au jeune homme d\u00e9c\u00e9d\u00e9 en octobre 2024, sur les quais de Rouen.<\/p>\n<p class=\"expresso-item wall-content\"><a title=\"Lire l&#039;article\" href=\"https:\/\/actu.fr\/normandie\/rouen_76540\/un-passage-en-force-avant-le-vote-la-majorite-se-dechire-sur-la-question-du-futur-stade-a-rouen_62833638.html\" target=\"_blank\" rel=\"noopener\"><strong>\u00ab\u2009Un passage en force\u2009\u00bb : avant le vote, la majorit\u00e9 se d\u00e9chire sur la question du futur stade \u00e0 Rouen<\/strong><\/a><br \/>Le conseil de la M\u00e9tropole de Rouen se r\u00e9unit ce 30 juin 2025. \u00c0 l\u2019ordre du jour, notamment, un vote pour lancer le projet du stade. Mais celui-ci va s\u2019av\u00e9rer compliqu\u00e9.<\/p>\n<p>Bon \u00e0 savoir \u00e0 Rouen\u00a0<\/p>\n<p class=\"expresso-item wall-content\"><a title=\"Lire l&#039;article\" href=\"https:\/\/actu.fr\/normandie\/rouen_76540\/tour-de-france-2025-a-rouen-voici-ou-on-ne-pourra-pas-circuler-et-se-garer-des-le-2-juillet_62761195.html\" target=\"_blank\" rel=\"noopener\"><strong>Tour de France 2025 \u00e0 Rouen : voici o\u00f9 on ne pourra pas circuler et se garer d\u00e8s le 2 juillet<\/strong><\/a><br \/>Pour le passage du Tour de France 2025 \u00e0 Rouen, certaines rues seront ferm\u00e9es \u00e0 la circulation, d\u2019autres interdites au stationnement. On fait le point.<\/p>\n<p class=\"expresso-item wall-content\"><a title=\"Lire l&#039;article\" href=\"https:\/\/actu.fr\/normandie\/le-mesnil-esnard_76429\/vivanima-le-premier-centre-hospitalier-pour-animaux-de-compagnie-a-ouvert-au-mesnil-esnard_62819419.html\" target=\"_blank\" rel=\"noopener\"><strong>Vivanima : le premier centre hospitalier pour animaux de compagnie a ouvert pr\u00e8s de Rouen<\/strong><\/a><br \/>Dix-sept sp\u00e9cialit\u00e9s et trente v\u00e9t\u00e9rinaires au service des animaux et de leurs \u00ab pet-parents \u00bb sont propos\u00e9es dans le premier centre hospitalier pour animaux, au Mesnil-Esnard.<\/p>\n<p class=\"expresso-item wall-content\"><a title=\"Lire l&#039;article\" href=\"https:\/\/actu.fr\/normandie\/rouen_76540\/envie-de-moules-a-rouen-un-restaurant-a-ouvert-sur-les-quais-et-c-est-a-volonte_62836099.html\" target=\"_blank\" rel=\"noopener\"><strong>Envie de moules \u00e0 Rouen ? Un restaurant a ouvert sur les quais, et c\u2019est \u00e0 volont\u00e9 !<\/strong><\/a><br \/>Le 5 mai 2025, un restaurant sp\u00e9cialis\u00e9 les moules frites a ouvert sur les quais de la rive droite de Rouen, au niveau de l\u2019Entrep\u00f4t Food Hall. On vous pr\u00e9sente Foule Moule.<\/p>\n<p class=\"expresso-item wall-content\"><a title=\"Lire l&#039;article\" href=\"https:\/\/actu.fr\/normandie\/rouen_76540\/seine-marathon-76-vise-le-top-10-des-courses-de-france-en-attendant-voici-le-programme_62855021.html\" target=\"_blank\" rel=\"noopener\"><strong>Seine-Marathon 76 vise \u00ab le Top 10 des courses de France \u00bb : En attendant, voici le programme<\/strong><\/a><br \/>Les 27 et 28 septembre 2025, Rouen tremblera sous les semelles des dizaines de milliers de coureurs \u00e0 l\u2019occasion de son tr\u00e8s attendu Seine-Marathon 76. D\u00e9tails.<\/p>\n<p class=\"expresso-item wall-content\"><a title=\"Lire l&#039;article\" href=\"https:\/\/actu.fr\/normandie\/rouen_76540\/le-retour-de-rouen-sur-mer-un-mois-d-animations-certaines-insolites-sur-une-plage-de-sable_62852391.html\" target=\"_blank\" rel=\"noopener\"><strong>Le retour de Rouen sur Mer : un mois d\u2019animations (certaines insolites) sur une plage de sable<\/strong><\/a><br \/>Du 4 juillet au 3 ao\u00fbt 2025, Rouen sur Mer revient avec une ribambelle d\u2019animations sur une plage de sable en bord de Seine. Sport, jeux, ateliers cr\u00e9atifs\u2026 Il y a de quoi faire.<\/p>\n<p>Suivez l\u2019actualit\u00e9 de Rouen sur notre <a href=\"https:\/\/www.whatsapp.com\/channel\/0029VaKfnf99hXF2ddApFB1D\" target=\"_blank\" rel=\"noopener\">cha\u00eene WhatsApp<\/a> et sur notre <a href=\"https:\/\/www.tiktok.com\/@76actu.fr?lang=fr\" target=\"_blank\" rel=\"noopener\">compte TikTok<\/a><\/p>\n<p class=\" wall-content\">Suivez toute l\u2019actualit\u00e9 de vos villes et m\u00e9dias favoris en vous inscrivant \u00e0 <a href=\"https:\/\/moncompte.actu.fr\" title=\"D\u00e9couvez Mon Actu\" rel=\"nofollow noopener\" data-trk=\"{&quot;cta&quot;:{&quot;action&quot;:&quot;https:\\\/\\\/moncompte.actu.fr&quot;,&quot;category&quot;:&quot;mon compte&quot;,&quot;from&quot;:&quot;article footer&quot;,&quot;name&quot;:&quot;Mon actu&quot;,&quot;type&quot;:&quot;cta&quot;}}\" target=\"_blank\">Mon Actu<\/a>.<\/p>\n<p>                    <script async src=\"\/\/www.tiktok.com\/embed.js\"><\/script><\/p>\n","protected":false},"excerpt":{"rendered":"Par Fabien Massin Publi\u00e9 le 6 juil. 2025 \u00e0 14h52 Le mois de juillet est arriv\u00e9, vous vous&hellip;\n","protected":false},"author":2,"featured_media":230516,"comment_status":"","ping_status":"","sticky":false,"template":"","format":"standard","meta":{"footnotes":""},"categories":[9587],"tags":[1111,11,1777,674,1011,27,9725,12,5161,25,9726,9590,104,2116],"class_list":{"0":"post-230515","1":"post","2":"type-post","3":"status-publish","4":"format-standard","5":"has-post-thumbnail","7":"category-rouen","8":"tag-actu","9":"tag-actualites","10":"tag-eu","11":"tag-europe","12":"tag-fr","13":"tag-france","14":"tag-metropole-rouen","15":"tag-news","16":"tag-normandie","17":"tag-republique-francaise","18":"tag-reseau-astuce-tcar","19":"tag-rouen","20":"tag-societe","21":"tag-tour-de-france-2025"},"share_on_mastodon":{"url":"https:\/\/pubeurope.com\/@fr\/114806516791292128","error":""},"_links":{"self":[{"href":"https:\/\/www.europesays.com\/fr\/wp-json\/wp\/v2\/posts\/230515","targetHints":{"allow":["GET"]}}],"collection":[{"href":"https:\/\/www.europesays.com\/fr\/wp-json\/wp\/v2\/posts"}],"about":[{"href":"https:\/\/www.europesays.com\/fr\/wp-json\/wp\/v2\/types\/post"}],"author":[{"embeddable":true,"href":"https:\/\/www.europesays.com\/fr\/wp-json\/wp\/v2\/users\/2"}],"replies":[{"embeddable":true,"href":"https:\/\/www.europesays.com\/fr\/wp-json\/wp\/v2\/comments?post=230515"}],"version-history":[{"count":0,"href":"https:\/\/www.europesays.com\/fr\/wp-json\/wp\/v2\/posts\/230515\/revisions"}],"wp:featuredmedia":[{"embeddable":true,"href":"https:\/\/www.europesays.com\/fr\/wp-json\/wp\/v2\/media\/230516"}],"wp:attachment":[{"href":"https:\/\/www.europesays.com\/fr\/wp-json\/wp\/v2\/media?parent=230515"}],"wp:term":[{"taxonomy":"category","embeddable":true,"href":"https:\/\/www.europesays.com\/fr\/wp-json\/wp\/v2\/categories?post=230515"},{"taxonomy":"post_tag","embeddable":true,"href":"https:\/\/www.europesays.com\/fr\/wp-json\/wp\/v2\/tags?post=230515"}],"curies":[{"name":"wp","href":"https:\/\/api.w.org\/{rel}","templated":true}]}}