{"id":230523,"date":"2025-07-06T13:32:13","date_gmt":"2025-07-06T13:32:13","guid":{"rendered":"https:\/\/www.europesays.com\/fr\/230523\/"},"modified":"2025-07-06T13:32:13","modified_gmt":"2025-07-06T13:32:13","slug":"percutee-par-un-tram-une-femme-meurt-des-suites-de-ses-blessures","status":"publish","type":"post","link":"https:\/\/www.europesays.com\/fr\/230523\/","title":{"rendered":"percut\u00e9e par un tram, une femme meurt des suites de ses blessures"},"content":{"rendered":"<p>            Par<br \/>\n        <strong><br \/>\n            <a href=\"https:\/\/actu.fr\/auteur\/ivan-capecchi\" title=\"Consulter tous les articles de Ivan CAPECCHI\" target=\"_blank\" rel=\"noopener\">Ivan CAPECCHI<\/a><br \/>\n        <\/strong><\/p>\n<p>        Publi\u00e9 le<\/p>\n<p>            1 juil. 2025 \u00e0 9h42<br \/>\n        ; mis \u00e0 jour le 1 juil. 2025 \u00e0 18h31    <\/p>\n<p>[Mise \u00e0 jour le 01\/07\/2025 \u00e0 18h30. Sollicit\u00e9, le parquet de Strasbourg apporte les \u00e9l\u00e9ments suivants : \u00ab\u00a0Le tram B en direction d\u2019H\u0153nheim circulait devant le palais des congr\u00e8s. A l\u2019approche de l\u2019arr\u00eat Wacken, le conducteur a d\u00e9c\u00e9l\u00e9r\u00e9 et son attention \u00e9tait attir\u00e9e sur sa droite par un groupe d\u2019individus \u00e0 l\u2019arr\u00eat proche des voies. Il a actionn\u00e9 sa sonnette pour les pr\u00e9venir. Au m\u00eame moment deux dames de 85 et 86 ans ont travers\u00e9 les voies en venant de la gauche. Le conducteur ne les a vues que trop tard. Il a de nouveau sonn\u00e9 et actionn\u00e9 le freinage d\u2019urgence mais les a percut\u00e9es. L\u2019une des victimes, Mme Solange Heinrich, est d\u00e9c\u00e9d\u00e9e \u00e0 l\u2019h\u00f4pital le 27 juin 2025. La seconde victime est moins touch\u00e9e puisque son pronostic vital n\u2019est pas engag\u00e9. Elle reste hospitalis\u00e9e. Les images du Centre de supervision vid\u00e9o (CSV) et du tram confirment que celui-ci circulait normalement et qu\u2019il \u00e9tait prioritaire car circulant sur une voie propre. Les pr\u00e9l\u00e8vements effectu\u00e9s sur le conducteur sont n\u00e9gatifs, tant s\u2019agissant de l\u2019alcool que de produits stup\u00e9fiants\u00a0\u00bb.]<\/p>\n<p class=\" wall-content\">Gravement bless\u00e9e apr\u00e8s avoir \u00e9t\u00e9 <strong>percut\u00e9e par un tram \u00e0 Strasbourg<\/strong> jeudi 26 juin, une femme est finalement <strong>morte des suites de ses blessures<\/strong>, apprend-on ce mardi via la <a href=\"https:\/\/actu.fr\/tag\/compagnie-des-transports-strasbourgeois-cts\" target=\"_blank\" rel=\"noopener\">CTS<\/a>, confirmant ainsi une information des <a href=\"https:\/\/www.dna.fr\/faits-divers-justice\/2025\/06\/30\/accident-au-wacken-une-des-pietonnes-heurtees-par-le-tram-est-decedee\" target=\"_blank\" rel=\"noopener\">DNA<\/a>.<\/p>\n<p>Deux personnes traversent au moment o\u00f9 le tram arrive<\/p>\n<p class=\" wall-content\">D\u2019apr\u00e8s la compagnie, \u00ab\u00a0deux personnes ont travers\u00e9 au moment o\u00f9 le tram arrivait au niveau de la <strong>station Wacken (ligne B)<\/strong>\u00ab\u00a0.<\/p>\n<p class=\" wall-content\">\u00ab\u00a0Elles ont \u00e9t\u00e9 gravement bless\u00e9es et ont \u00e9t\u00e9 transf\u00e9r\u00e9es \u00e0 <strong>l\u2019h\u00f4pital<\/strong>\u00ab\u00a0, retrace la CTS.<\/p>\n<p>Vid\u00e9os : en ce moment sur ActuPersonnes \u00e2g\u00e9es<\/p>\n<p class=\" wall-content\">D\u2019apr\u00e8s une source polici\u00e8re, les victimes sont des <strong>personnes \u00e2g\u00e9es<\/strong>.<\/p>\n<p class=\" wall-content\">La seconde a \u00e9t\u00e9 bless\u00e9e sans que son pronostic vital n\u2019ait \u00e9t\u00e9 engag\u00e9.<\/p>\n<p class=\" wall-content\">Suivez toute l\u2019actualit\u00e9 de vos villes et m\u00e9dias favoris en vous inscrivant \u00e0 <a href=\"https:\/\/moncompte.actu.fr\" title=\"D\u00e9couvez Mon Actu\" rel=\"nofollow noopener\" data-trk=\"{&quot;cta&quot;:{&quot;action&quot;:&quot;https:\\\/\\\/moncompte.actu.fr&quot;,&quot;category&quot;:&quot;mon compte&quot;,&quot;from&quot;:&quot;article footer&quot;,&quot;name&quot;:&quot;Mon actu&quot;,&quot;type&quot;:&quot;cta&quot;}}\" target=\"_blank\">Mon Actu<\/a>.<\/p>\n<ul class=\"ac-article-tag wall-content\">\n<li><a href=\"https:\/\/actu.fr\/tag\/accident\" data-trk=\"{&quot;cta&quot;:{&quot;action&quot;:&quot;Accident&quot;,&quot;category&quot;:&quot;tag&quot;,&quot;from&quot;:&quot;article footer&quot;,&quot;name&quot;:&quot;Accident&quot;,&quot;type&quot;:&quot;cta&quot;}}\" target=\"_blank\" rel=\"noopener\">#Accident<\/a><\/li>\n<li><a href=\"https:\/\/actu.fr\/tag\/compagnie-des-transports-strasbourgeois-cts\" data-trk=\"{&quot;cta&quot;:{&quot;action&quot;:&quot;Compagnie des transports strasbourgeois (CTS)&quot;,&quot;category&quot;:&quot;tag&quot;,&quot;from&quot;:&quot;article footer&quot;,&quot;name&quot;:&quot;Compagnie des transports strasbourgeois (CTS)&quot;,&quot;type&quot;:&quot;cta&quot;}}\" target=\"_blank\" rel=\"noopener\">#Compagnie des transports strasbourgeois (CTS)<\/a><\/li>\n<\/ul>\n","protected":false},"excerpt":{"rendered":"Par Ivan CAPECCHI Publi\u00e9 le 1 juil. 2025 \u00e0 9h42 ; mis \u00e0 jour le 1 juil. 2025&hellip;\n","protected":false},"author":2,"featured_media":133556,"comment_status":"","ping_status":"","sticky":false,"template":"","format":"standard","meta":{"footnotes":""},"categories":[2820],"tags":[119,1111,11,7344,1777,674,118,1011,27,775,12,25,640],"class_list":{"0":"post-230523","1":"post","2":"type-post","3":"status-publish","4":"format-standard","5":"has-post-thumbnail","7":"category-strasbourg","8":"tag-accident","9":"tag-actu","10":"tag-actualites","11":"tag-compagnie-des-transports-strasbourgeois-cts","12":"tag-eu","13":"tag-europe","14":"tag-faits-divers","15":"tag-fr","16":"tag-france","17":"tag-grand-est","18":"tag-news","19":"tag-republique-francaise","20":"tag-strasbourg"},"share_on_mastodon":{"url":"https:\/\/pubeurope.com\/@fr\/114806544356866491","error":""},"_links":{"self":[{"href":"https:\/\/www.europesays.com\/fr\/wp-json\/wp\/v2\/posts\/230523","targetHints":{"allow":["GET"]}}],"collection":[{"href":"https:\/\/www.europesays.com\/fr\/wp-json\/wp\/v2\/posts"}],"about":[{"href":"https:\/\/www.europesays.com\/fr\/wp-json\/wp\/v2\/types\/post"}],"author":[{"embeddable":true,"href":"https:\/\/www.europesays.com\/fr\/wp-json\/wp\/v2\/users\/2"}],"replies":[{"embeddable":true,"href":"https:\/\/www.europesays.com\/fr\/wp-json\/wp\/v2\/comments?post=230523"}],"version-history":[{"count":0,"href":"https:\/\/www.europesays.com\/fr\/wp-json\/wp\/v2\/posts\/230523\/revisions"}],"wp:featuredmedia":[{"embeddable":true,"href":"https:\/\/www.europesays.com\/fr\/wp-json\/wp\/v2\/media\/133556"}],"wp:attachment":[{"href":"https:\/\/www.europesays.com\/fr\/wp-json\/wp\/v2\/media?parent=230523"}],"wp:term":[{"taxonomy":"category","embeddable":true,"href":"https:\/\/www.europesays.com\/fr\/wp-json\/wp\/v2\/categories?post=230523"},{"taxonomy":"post_tag","embeddable":true,"href":"https:\/\/www.europesays.com\/fr\/wp-json\/wp\/v2\/tags?post=230523"}],"curies":[{"name":"wp","href":"https:\/\/api.w.org\/{rel}","templated":true}]}}