{"id":230526,"date":"2025-07-06T13:34:18","date_gmt":"2025-07-06T13:34:18","guid":{"rendered":"https:\/\/www.europesays.com\/fr\/230526\/"},"modified":"2025-07-06T13:34:18","modified_gmt":"2025-07-06T13:34:18","slug":"un-magasin-a-prix-casses-sinstalle-dans-ce-centre-commercial","status":"publish","type":"post","link":"https:\/\/www.europesays.com\/fr\/230526\/","title":{"rendered":"un magasin \u00e0 prix cass\u00e9s s&rsquo;installe dans ce centre commercial"},"content":{"rendered":"<p>            Par<br \/>\n        <strong><br \/>\n            <a href=\"https:\/\/actu.fr\/auteur\/fabien-binacchi\" title=\"Consulter tous les articles de Fabien Binacchi\" rel=\"nofollow noopener\" target=\"_blank\">Fabien Binacchi<\/a><br \/>\n        <\/strong><\/p>\n<p>        Publi\u00e9 le<\/p>\n<p>            2 juil. 2025 \u00e0 10h34        <\/p>\n<p>Un super bon plan pendant ces <a href=\"https:\/\/actu.fr\/provence-alpes-cote-d-azur\/nice_06088\/les-soldes-d-ete-2025-approchent-voici-les-dates-a-nice-et-dans-les-alpes-maritimes_62738361.html\" rel=\"nofollow noopener\" target=\"_blank\">soldes.<\/a> <strong>Le concept itin\u00e9rant Le Hangar ventes priv\u00e9es,<\/strong> qui propose jusqu\u2019\u00e0 200m2 d\u2019\u00e9tals et de pr\u00e9sentoirs de baskets et v\u00eatements \u00e0 prix cass\u00e9s et sur quelques jours, d\u00e9barquent ce mercredi 2\u00a0juillet 2025 dans un centre commercial de <a href=\"https:\/\/actu.fr\/nice\/\" rel=\"nofollow noopener\" target=\"_blank\">Nice<\/a>. Il est possible d\u2019y trouver <strong>des articles de grandes marques<\/strong> \u00e0 partir de 5\u00a0euros.<\/p>\n<p class=\" wall-content\">Voici tous les d\u00e9tails \u00e0 conna\u00eetre pour en profiter.<\/p>\n<p>Au centre commercial Nice Lingosti\u00e8re<\/p>\n<p class=\" wall-content\">On vous pr\u00e9vient\u2009: il faut souvent faire la queue et prendre son mal en patience pour pouvoir acc\u00e9der aux ventes priv\u00e9es Le Hangar. Cette initiative <strong>originaire de Bordeaux<\/strong> et qui sillonne la France depuis plus de trois ans fait un carton partout o\u00f9 elle passe. Et, pour la premi\u00e8re fois, elle s\u2019installe \u00e0 Nice pendant quatre jours.<\/p>\n<p class=\" wall-content\">D\u00e8s ce mercredi 2\u00a0juillet et <strong>jusqu\u2019au samedi 5\u00a0juillet inclus<\/strong>, 160\u00a0m2 de baskets et v\u00eatements de marque \u00e0 prix cass\u00e9s sont \u00e0 d\u00e9couvrir au centre commercial Nice Lingosti\u00e8re, \u00e0 vingt minutes en voiture du centre de la capitale azur\u00e9enne.<\/p>\n<p>    <a href=\"https:\/\/www.facebook.com\/plugins\/video.php?height=476&amp;href=https%3A%2F%2Fwww.facebook.com%2F100067043855441%2Fvideos%2F711175794858078%2F&amp;show_text=false&amp;width=350&amp;t=0\" title=\"Ouvrie le lien\" rel=\"nofollow noopener\" target=\"_blank\">Cliquez ici pour visualiser le contenu<\/a><\/p>\n<p>Vid\u00e9os : en ce moment sur ActuEntre 5 et 59,90\u00a0euros<\/p>\n<p class=\" wall-content\">Le pop-up store pose ses bonnes affaires juste <strong>\u00e0 c\u00f4t\u00e9 du magasin Micromania, en face de Bouygues Telecom<\/strong>, indique le centre commercial dans un communiqu\u00e9. Le Hangar restera ouvert d\u00e8s 9h \u00e0 20h pendant ces quatre jours de pr\u00e9sence dans les Alpes-Maritimes.<\/p>\n<p class=\" wall-content\">Des articles <strong>Puma, Converse, Reebok ou encore Adidas,<\/strong> pour homme, femme et enfants, seront notamment pr\u00e9sent\u00e9s \u00e0 des prix cass\u00e9s\u2009: entre 5\u00a0euros et 59,90\u00a0euros. \u00c0 noter que des remises encore plus int\u00e9ressantes peuvent \u00eatre \u00e9galement propos\u00e9es dans les derniers jours, mais avec peut-\u00eatre un peu moins de choix.<\/p>\n<p class=\" wall-content\">Suivez toute l\u2019actualit\u00e9 de vos villes et m\u00e9dias favoris en vous inscrivant \u00e0 <a href=\"https:\/\/moncompte.actu.fr\" title=\"D\u00e9couvez Mon Actu\" rel=\"nofollow noopener\" data-trk=\"{&quot;cta&quot;:{&quot;action&quot;:&quot;https:\\\/\\\/moncompte.actu.fr&quot;,&quot;category&quot;:&quot;mon compte&quot;,&quot;from&quot;:&quot;article footer&quot;,&quot;name&quot;:&quot;Mon actu&quot;,&quot;type&quot;:&quot;cta&quot;}}\" target=\"_blank\">Mon Actu<\/a>.<\/p>\n","protected":false},"excerpt":{"rendered":"Par Fabien Binacchi Publi\u00e9 le 2 juil. 2025 \u00e0 10h34 Un super bon plan pendant ces soldes. Le&hellip;\n","protected":false},"author":2,"featured_media":230527,"comment_status":"","ping_status":"","sticky":false,"template":"","format":"standard","meta":{"footnotes":""},"categories":[2819],"tags":[1111,11,677,215,1777,674,1011,27,1305,12,2401,882,25],"class_list":{"0":"post-230526","1":"post","2":"type-post","3":"status-publish","4":"format-standard","5":"has-post-thumbnail","7":"category-nice","8":"tag-actu","9":"tag-actualites","10":"tag-bons-plans","11":"tag-commerce","12":"tag-eu","13":"tag-europe","14":"tag-fr","15":"tag-france","16":"tag-lifestyle","17":"tag-news","18":"tag-nice","19":"tag-provence-alpes-cote-dazur","20":"tag-republique-francaise"},"share_on_mastodon":{"url":"https:\/\/pubeurope.com\/@fr\/114806552327283746","error":""},"_links":{"self":[{"href":"https:\/\/www.europesays.com\/fr\/wp-json\/wp\/v2\/posts\/230526","targetHints":{"allow":["GET"]}}],"collection":[{"href":"https:\/\/www.europesays.com\/fr\/wp-json\/wp\/v2\/posts"}],"about":[{"href":"https:\/\/www.europesays.com\/fr\/wp-json\/wp\/v2\/types\/post"}],"author":[{"embeddable":true,"href":"https:\/\/www.europesays.com\/fr\/wp-json\/wp\/v2\/users\/2"}],"replies":[{"embeddable":true,"href":"https:\/\/www.europesays.com\/fr\/wp-json\/wp\/v2\/comments?post=230526"}],"version-history":[{"count":0,"href":"https:\/\/www.europesays.com\/fr\/wp-json\/wp\/v2\/posts\/230526\/revisions"}],"wp:featuredmedia":[{"embeddable":true,"href":"https:\/\/www.europesays.com\/fr\/wp-json\/wp\/v2\/media\/230527"}],"wp:attachment":[{"href":"https:\/\/www.europesays.com\/fr\/wp-json\/wp\/v2\/media?parent=230526"}],"wp:term":[{"taxonomy":"category","embeddable":true,"href":"https:\/\/www.europesays.com\/fr\/wp-json\/wp\/v2\/categories?post=230526"},{"taxonomy":"post_tag","embeddable":true,"href":"https:\/\/www.europesays.com\/fr\/wp-json\/wp\/v2\/tags?post=230526"}],"curies":[{"name":"wp","href":"https:\/\/api.w.org\/{rel}","templated":true}]}}