{"id":230529,"date":"2025-07-06T13:36:25","date_gmt":"2025-07-06T13:36:25","guid":{"rendered":"https:\/\/www.europesays.com\/fr\/230529\/"},"modified":"2025-07-06T13:36:25","modified_gmt":"2025-07-06T13:36:25","slug":"saint-sebastien-sur-loire-chorale-de-la-martelliere-un-agenda-charge","status":"publish","type":"post","link":"https:\/\/www.europesays.com\/fr\/230529\/","title":{"rendered":"Saint-S\u00e9bastien-sur-Loire. Chorale de la Martelli\u00e8re\u00a0: un agenda charg\u00e9"},"content":{"rendered":"<p>Jusqu\u2019\u00e0 la fin de l\u2019ann\u00e9e hormis les vacances d\u2019\u00e9t\u00e9, l\u2019agenda de la Chorale de la Martelli\u00e8re sera charg\u00e9. Sportissimo13\u00a0septembre, enregistrement d\u2019un chant avec les enfants du centre de loisirs \u00e0 l\u2019occasion des droits de l\u2019enfant.<\/p>\n<p>Le 21\u00a0novembre \u00e0 l\u2019\u00e9glise Saint-Brice Pornic concert de chants de marins \u00e0 l\u2019unisson au profit de la SNSM.Un concert au profit de t\u00e9l\u00e9thon demand\u00e9 par Brigitte Duval (T\u00e9l\u00e9thon Nantes Est). Il n\u2019y aura pas de concert \u00e0 No\u00ebl.<\/p>\n<p>R\u00e9fl\u00e9chir \u00e0 des nouveaut\u00e9s<\/p>\n<p>Lors de la discussion avec les chefs de ch\u0153ur, il est apparu \u00e0 l\u2019ensemble du groupequ\u2019il fallait r\u00e9fl\u00e9chir \u00e0 des nouveaut\u00e9s pour sortir de la zone de confort. Cela tombe bien puisque, pour le d\u00e9but de 2026, il n\u2019y a rien \u00e0 l\u2019agenda.<\/p>\n<p>Jean-Marc Tomasi, le pr\u00e9sident, a vivement remerci\u00e9 l\u2019ensemble des choristes et des chefs de ch\u0153urs, ces derniers \u00e9tant des b\u00e9n\u00e9voles. Ce qui n\u2019est pas toujours le cas dans d\u2019autres chorales\u2026<\/p>\n<p>\u00a0<\/p>\n","protected":false},"excerpt":{"rendered":"Jusqu\u2019\u00e0 la fin de l\u2019ann\u00e9e hormis les vacances d\u2019\u00e9t\u00e9, l\u2019agenda de la Chorale de la Martelli\u00e8re sera charg\u00e9.&hellip;\n","protected":false},"author":2,"featured_media":230530,"comment_status":"","ping_status":"","sticky":false,"template":"","format":"standard","meta":{"footnotes":""},"categories":[2818],"tags":[1111,11,4763,17070,22417,1777,674,1011,27,36926,766,12,2636,25,3272,3524],"class_list":{"0":"post-230529","1":"post","2":"type-post","3":"status-publish","4":"format-standard","5":"has-post-thumbnail","7":"category-nantes","8":"tag-actu","9":"tag-actualites","10":"tag-agenda","11":"tag-charge","12":"tag-chorale","13":"tag-eu","14":"tag-europe","15":"tag-fr","16":"tag-france","17":"tag-martelliere","18":"tag-nantes","19":"tag-news","20":"tag-pays-de-la-loire","21":"tag-republique-francaise","22":"tag-saint-nazaire","23":"tag-saint-sebastien-sur-loire"},"share_on_mastodon":{"url":"https:\/\/pubeurope.com\/@fr\/114806560124729342","error":""},"_links":{"self":[{"href":"https:\/\/www.europesays.com\/fr\/wp-json\/wp\/v2\/posts\/230529","targetHints":{"allow":["GET"]}}],"collection":[{"href":"https:\/\/www.europesays.com\/fr\/wp-json\/wp\/v2\/posts"}],"about":[{"href":"https:\/\/www.europesays.com\/fr\/wp-json\/wp\/v2\/types\/post"}],"author":[{"embeddable":true,"href":"https:\/\/www.europesays.com\/fr\/wp-json\/wp\/v2\/users\/2"}],"replies":[{"embeddable":true,"href":"https:\/\/www.europesays.com\/fr\/wp-json\/wp\/v2\/comments?post=230529"}],"version-history":[{"count":0,"href":"https:\/\/www.europesays.com\/fr\/wp-json\/wp\/v2\/posts\/230529\/revisions"}],"wp:featuredmedia":[{"embeddable":true,"href":"https:\/\/www.europesays.com\/fr\/wp-json\/wp\/v2\/media\/230530"}],"wp:attachment":[{"href":"https:\/\/www.europesays.com\/fr\/wp-json\/wp\/v2\/media?parent=230529"}],"wp:term":[{"taxonomy":"category","embeddable":true,"href":"https:\/\/www.europesays.com\/fr\/wp-json\/wp\/v2\/categories?post=230529"},{"taxonomy":"post_tag","embeddable":true,"href":"https:\/\/www.europesays.com\/fr\/wp-json\/wp\/v2\/tags?post=230529"}],"curies":[{"name":"wp","href":"https:\/\/api.w.org\/{rel}","templated":true}]}}