{"id":230541,"date":"2025-07-06T13:42:22","date_gmt":"2025-07-06T13:42:22","guid":{"rendered":"https:\/\/www.europesays.com\/fr\/230541\/"},"modified":"2025-07-06T13:42:22","modified_gmt":"2025-07-06T13:42:22","slug":"les-rendez-vous-de-lete-programme-du-7-au-13-juillet-2025","status":"publish","type":"post","link":"https:\/\/www.europesays.com\/fr\/230541\/","title":{"rendered":"Les rendez-vous de l&rsquo;\u00e9t\u00e9 ! Programme du 7 au 13 juillet 2025"},"content":{"rendered":"<ul class=\"post-meta\">\n<li class=\"post-meta-item\">Culture<\/li>\n<li class=\"post-meta-item\"> | D\u00e9couvrir et sortir<\/li>\n<li class=\"post-meta-item\"> | \u00c9v\u00e9nements<\/li>\n<li class=\"post-meta-item\"> | Tous les articles<\/li>\n<\/ul>\n<p class=\"news-single-date\"> Publi\u00e9 le 6 juillet 2025|  Coup<b>s<\/b> de c\u0153ur6<\/p>\n<p> <img decoding=\"async\" src=\"https:\/\/www.europesays.com\/fr\/wp-content\/uploads\/2025\/07\/rdv-de-lete-programme-du-7-au-13-juillet-2025.jpg\" class=\"post-single-picture\" alt=\"\"\/><\/p>\n<p class=\"introduction\">Du 7 au 13 juillet, programmation festive, sportive et culturelle pour les Rendez-Vous de l\u2019\u00c9t\u00e9. En famille, entre amis ou en solo, profitez gratuitement d\u2019une multitude d\u2019activit\u00e9s et de moments conviviaux dans chaque quartier.<\/p>\n<p>Le Village d\u2019\u00e9t\u00e9 \u00e0 Roubaix<\/p>\n<p>Lancement le mercredi 9 juillet de la nouvelle saison du Village d\u2019\u00e9t\u00e9 au Parc des Sports !<br \/>Au programme : activit\u00e9s sportives, cr\u00e9atives et conviviales au Parc des sports.<\/p>\n<p>Le programme de la semaine<\/p>\n<p> <a href=\"https:\/\/www.roubaixxl.fr\/wp-content\/uploads\/2025\/07\/programme-du-village-dete-du-7-au-13-juin-2025-1024x724.jpg\" target=\"_self\" class=\"vc_single_image-wrapper   vc_box_border_grey\" rel=\"noopener\"><img fetchpriority=\"high\" decoding=\"async\" width=\"2000\" height=\"1414\" src=\"https:\/\/www.europesays.com\/fr\/wp-content\/uploads\/2025\/07\/programme-du-village-dete-du-7-au-13-juin-2025.jpg\" class=\"vc_single_image-img attachment-full\" alt=\"\" title=\"Programme du Village d'\u00e9t\u00e9 du 7 au 13 juin 2025\"  \/><\/a><strong>Nos 3 coups de c\u0153ur\u00a0<\/strong><\/p>\n<p>(cliquez sur l\u2019image pour en savoir plus)<\/p>\n<p>Vacances pour tous, chaque jour une activit\u00e9 dans vos quartiers !<\/p>\n<p>(cliquez pour d\u00e9rouler le programme)<\/p>\n<p>Lundi 07 juillet<\/p>\n<p><strong>Quartier Ouest<\/strong>, Couvent des Clarisses (1er juil. \u2013 29 ao\u00fbt) 19h\u201321h -&gt; Sport, arts martiaux, sports de combat \u2013 Gratuit, ouvert \u00e0 tous<\/p>\n<p>Mardi 08 juillet<\/p>\n<ul>\n<li><strong>Quartier Est<\/strong>, Place Carnot (14h\u201318h)<br \/>\u2192 Jeux g\u00e9ants, peinture, pop-corn &amp; barbe \u00e0 papa \u00e0 faire en famille<\/li>\n<li><strong>Quartier Ouest<\/strong>, Couvent des Clarisses (1er juil. \u2013 29 ao\u00fbt)<br \/>17h30\u201322h -&gt; Sport, arts martiaux, sports de combat \u2013 Gratuit, ouvert \u00e0 tous<\/li>\n<\/ul>\n<p>Mercredi 09 juillet<\/p>\n<ul>\n<li><strong>Quartier Ouest<\/strong>, Square Catteau (17h\u201321h) Basket 3\u00d73\u00a0<img decoding=\"async\" class=\"emoji\" role=\"img\" draggable=\"false\" src=\"https:\/\/s.w.org\/images\/core\/emoji\/15.0.3\/svg\/1f3c0.svg\" alt=\"\ud83c\udfc0\"\/><\/li>\n<li><strong>Quartier Ouest<\/strong>, Couvent des Clarisses (1er juil. \u2013 29 ao\u00fbt) 14h30\u201316h30-&gt; Sport, arts martiaux, sports de combat \u2013 Gratuit, ouvert \u00e0 tous<\/li>\n<\/ul>\n<p>Jeudi 10 juillet<\/p>\n<ul>\n<li><strong>Quartier Est<\/strong>\u00a0\u2013 Bas Tour E (17h\u201320h)<br \/>\u2192 Jeux de soci\u00e9t\u00e9, lecture, r\u00e9paration v\u00e9lo<\/li>\n<li><strong>Quartier Sud<\/strong>\u00a0\u2013 Hauts-Champs (9h30)<br \/>\u2192 Parcours patrimoine\u00a0(sur inscription au Comit\u00e9 des 6 quartiers, 06.69.24.48.35).<\/li>\n<li><strong>Quartier Ouest<\/strong>, Couvent des Clarisses (1er juil. \u2013 29 ao\u00fbt) 17h30\u201322h -&gt; Sport, arts martiaux, sports de combat \u2013 Gratuit, ouvert \u00e0 tous<\/li>\n<\/ul>\n<p>Vendredi 11 juillet<\/p>\n<ul>\n<li><strong>Quartier Est<\/strong>\u00a0\u2013 Place de la Citoyennet\u00e9 (16h30\u201321h30) \u2192 Sport, culture et fiesta pour les jeunes<\/li>\n<li><strong>Quartier Ouest<\/strong>, Couvent des Clarisses (1er juil. \u2013 29 ao\u00fbt) 17h30\u201322h -&gt; Sport, arts martiaux, sports de combat \u2013 Gratuit, ouvert \u00e0 tous<\/li>\n<\/ul>\n<p>Samedi 12 juillet<\/p>\n<ul>\n<li><strong>Quartier Centre\u00a0<\/strong>\u2013 Parvis Winston Churchill (d\u00e8s 12h)<br \/>\u2192 Auberge espagnole + animations familiales<\/li>\n<li><strong>Quartier Ouest,\u00a0<\/strong>Place Rousselle (14h\u201318h30) \u2013\u00a0Le Fil de l\u2019\u00c9peule &amp; Parkour59<\/li>\n<li><strong>Quartier Ouest<\/strong>, Place Prado (14h\u201318h) \u2013\u00a0Animations cr\u00e9atives<\/li>\n<li><strong>Quartier Ouest<\/strong>, Square Catteau (17h\u201321h) Basket 3\u00d73\u00a0<img decoding=\"async\" class=\"emoji\" role=\"img\" draggable=\"false\" src=\"https:\/\/s.w.org\/images\/core\/emoji\/15.0.3\/svg\/1f3c0.svg\" alt=\"\ud83c\udfc0\"\/><\/li>\n<\/ul>\n<ul>\n<li><strong>Quartier Nord,\u00a0<\/strong>Parc de l\u2019Union (14h\u201320h) \u2013 Hip Hop Summer<\/li>\n<li><strong>Quartier Nord,\u00a0<\/strong>Rue Barbe d\u2019Or (16h\u201323h) \u2013\u00a0Animations sportives &amp; urbaines<\/li>\n<\/ul>\n<p>Tout au long de la semaine, retrouvez aussi des \u00e9v\u00e8nements en tout genre\u00a0!<strong>lundi 07 juillet<\/strong><\/p>\n<ul>\n<li><a href=\"https:\/\/www.ville-roubaix.fr\/agenda\/braderie-brocante-rue-de-lannoy-8078231\" target=\"_blank\" rel=\"noopener\">Braderie<\/a>, de 8h\u201317h \u2013 Rue de Lannoy<\/li>\n<li><a href=\"https:\/\/www.ville-roubaix.fr\/agenda\/brunch-a-la-condition-publique\" target=\"_blank\" rel=\"noopener\">Brunch<\/a> \u00e0 la Condition Publique, ouverture des portes \u00e0 11h<\/li>\n<li><a href=\"https:\/\/www.ville-roubaix.fr\/agenda\/visite-olfactive-au-parc-barbieux\" target=\"_blank\" rel=\"noopener\">Visite olfactive<\/a> au parc Barbieux, une exp\u00e9rience sensorielle \u00e0 d\u00e9couvrir tout au long de la semaine.<\/li>\n<\/ul>\n<p><strong>m<\/strong><strong>ercredi 09 juillet<\/strong><\/p>\n<p><strong>Mais aussi :<\/strong><\/p>\n<ul>\n<li>L\u2019exposition <a href=\"https:\/\/openagenda.com\/fr\/roubaix\/events\/visite-guidee-agnes-b-on-aime-le-graff-199637\" target=\"_blank\" rel=\"noopener\">d\u2019agn\u00e8s B<\/a>. On aime le graff au mus\u00e9e de la Piscine<\/li>\n<li>L\u2019installation monumentale, <a href=\"https:\/\/www.ville-roubaix.fr\/agenda\/installation-monumentale-laurent-prouvost-or-lille-3000-fiesta\" target=\"_blank\" rel=\"noopener\">Laure Prouvost<\/a> \u2013 Lille 3000 Fiesta, Mus\u00e9e La Manufacture.<\/li>\n<\/ul>\n<p><strong>Et encore plus d\u2019\u00e9v\u00e8nements et de rendez-vous sur notre <a href=\"https:\/\/www.ville-roubaix.fr\/agenda\/\" target=\"_blank\" rel=\"noopener\">site roubaix.fr<\/a><\/strong><\/p>\n<p>&gt; Certaines activit\u00e9s peuvent \u00eatre modifi\u00e9es ou annul\u00e9es en fonction de la m\u00e9t\u00e9o. Pensez \u00e0 vous inscrire lorsque c\u2019est pr\u00e9cis\u00e9.<\/p>\n","protected":false},"excerpt":{"rendered":"Culture | D\u00e9couvrir et sortir | \u00c9v\u00e9nements | Tous les articles Publi\u00e9 le 6 juillet 2025| Coups de&hellip;\n","protected":false},"author":2,"featured_media":230542,"comment_status":"","ping_status":"","sticky":false,"template":"","format":"standard","meta":{"footnotes":""},"categories":[2815],"tags":[1111,11,2883,17545,1777,674,1011,27,13634,811,1307,12,34293,25],"class_list":{"0":"post-230541","1":"post","2":"type-post","3":"status-publish","4":"format-standard","5":"has-post-thumbnail","7":"category-lille","8":"tag-actu","9":"tag-actualites","10":"tag-ete","11":"tag-ete-2025","12":"tag-eu","13":"tag-europe","14":"tag-fr","15":"tag-france","16":"tag-grandes-vacances","17":"tag-hauts-de-france","18":"tag-lille","19":"tag-news","20":"tag-rendez-vous-de-lete","21":"tag-republique-francaise"},"share_on_mastodon":{"url":"https:\/\/pubeurope.com\/@fr\/114806583804146859","error":""},"_links":{"self":[{"href":"https:\/\/www.europesays.com\/fr\/wp-json\/wp\/v2\/posts\/230541","targetHints":{"allow":["GET"]}}],"collection":[{"href":"https:\/\/www.europesays.com\/fr\/wp-json\/wp\/v2\/posts"}],"about":[{"href":"https:\/\/www.europesays.com\/fr\/wp-json\/wp\/v2\/types\/post"}],"author":[{"embeddable":true,"href":"https:\/\/www.europesays.com\/fr\/wp-json\/wp\/v2\/users\/2"}],"replies":[{"embeddable":true,"href":"https:\/\/www.europesays.com\/fr\/wp-json\/wp\/v2\/comments?post=230541"}],"version-history":[{"count":0,"href":"https:\/\/www.europesays.com\/fr\/wp-json\/wp\/v2\/posts\/230541\/revisions"}],"wp:featuredmedia":[{"embeddable":true,"href":"https:\/\/www.europesays.com\/fr\/wp-json\/wp\/v2\/media\/230542"}],"wp:attachment":[{"href":"https:\/\/www.europesays.com\/fr\/wp-json\/wp\/v2\/media?parent=230541"}],"wp:term":[{"taxonomy":"category","embeddable":true,"href":"https:\/\/www.europesays.com\/fr\/wp-json\/wp\/v2\/categories?post=230541"},{"taxonomy":"post_tag","embeddable":true,"href":"https:\/\/www.europesays.com\/fr\/wp-json\/wp\/v2\/tags?post=230541"}],"curies":[{"name":"wp","href":"https:\/\/api.w.org\/{rel}","templated":true}]}}