{"id":230547,"date":"2025-07-06T13:45:10","date_gmt":"2025-07-06T13:45:10","guid":{"rendered":"https:\/\/www.europesays.com\/fr\/230547\/"},"modified":"2025-07-06T13:45:10","modified_gmt":"2025-07-06T13:45:10","slug":"linfluenceuse-marseillaise-soraya-riffy-violemment-agressee-lors-dun-cambriolage-a-marseille","status":"publish","type":"post","link":"https:\/\/www.europesays.com\/fr\/230547\/","title":{"rendered":"L\u2019influenceuse marseillaise Soraya Riffy, violemment agress\u00e9e lors d\u2019un cambriolage \u00e0 Marseille"},"content":{"rendered":"<p>L\u2019influenceuse <strong>Soraya Riffy a \u00e9t\u00e9 violemment agress\u00e9e lors d\u2019un cambriolage \u00e0 son domicile marseillais vendredi 4 juillet<\/strong>, a appris ce dimanche \u00ab\u00a0La Provence\u00a0\u00bb de sources concordantes. Soraya Riffy, \u00e2g\u00e9 30 ans, suivie par un million d\u2019abonn\u00e9s sur Instagram, souffre de \u00ab\u00a0plusieurs fractures au visage et de nombreuses coupures sur tout le corps\u00a0\u00bb, a pr\u00e9cis\u00e9 Me Tom Michel, confirmant un communiqu\u00e9 et des photos publi\u00e9s sur les r\u00e9seaux sociaux de l\u2019influenceuse, puis rep\u00e9r\u00e9s par Le Parisien.<\/p>\n<p>\u00ab\u00a0Mme Riffy a \u00e9t\u00e9 victime d\u2019un homejacking terrible vendredi autour de 21h30, quand une personne se faisant passer pour un voisin s\u2019est pr\u00e9sent\u00e9e \u00e0 sa porte avant de faire entrer <strong>d\u2019autres individus arm\u00e9s dans l\u2019appartemen<\/strong><strong>t<\/strong>\u00ab\u00a0, a racont\u00e9 son avocat.<\/p>\n<p>Pendant plus d\u2019une heure et demie, les agresseurs, qui \u00e9taient au moins trois, l\u2019ont \u00ab\u00a0ligot\u00e9e, rou\u00e9e de coups sous la menace d\u2019une arme de poing et de cutters, et menac\u00e9e de mort si elle ne leur donnait pas d\u2019argent\u00a0\u00bb. Toujours selon son avocat, Mme Riffy a perdu connaissance durant son agression, et <strong>s\u2019est r\u00e9veill\u00e9e couverte d\u2019eau de javel<\/strong> \u00ab\u00a0sans doute pour effacer les traces ADN de ses agresseurs\u00a0\u00bb qui ont pris la fuite en emportant notamment \u00ab\u00a0ses cl\u00e9s de maison et de voiture, deux sacs de luxe et une montre Rolex\u00a0\u00bb.<\/p>\n<p>\u00ab\u00a0Je dois quitter les r\u00e9seaux sociaux\u00a0\u00bb<\/p>\n<p>\u00ab\u00a0Ils savaient tr\u00e8s bien qui elle \u00e9tait\u00a0\u00bb, assure Me Michel, expliquant que \u00ab\u00a0comme beaucoup d\u2019influenceuses, Soraya\u00a0Riffy expose sur les r\u00e9seaux un train de vie qui peut para\u00eetre assez luxueux\u00a0\u00bb. Apr\u00e8s avoir d\u00e9fait ses liens, la jeune femme a pu appeler les pompiers et a \u00e9t\u00e9 hospitalis\u00e9e en urgence. \u00ab\u00a0En raison de douleurs et de traces pr\u00e9sentes sur son corps, on a malheureusement <strong>une suspicion d\u2019agression sexuelle, voire de viol<\/strong>\u00ab\u00a0, a-t-il ajout\u00e9.<\/p>\n<p>La jeune femme a d\u00e9pos\u00e9 plainte pour violence aggrav\u00e9e, s\u00e9questration et viol, dans l\u2019attente des expertises m\u00e9dicales. Il y a trois mois, Soraya Riffy avait d\u00e9j\u00e0 t\u00e9moign\u00e9 avoir \u00e9t\u00e9 agress\u00e9e par une femme, et avait eu le nez fractur\u00e9. Selon Me Michel, elle avait \u00ab\u00a0alert\u00e9 \u00e0 plusieurs reprises les autorit\u00e9s sur les menaces qui pesaient sur elle\u00a0\u00bb. Vendredi soir, \u00ab\u00a0ses agresseurs ont encore une fois invoqu\u00e9 sa notori\u00e9t\u00e9 pour justifier leurs actes\u00a0\u00bb, a-t-il soulign\u00e9. \u00ab\u00a0Apr\u00e8s le kidnapping, la s\u00e9questration, viol et torture, je suis sous surveillance. Je dois quitter les r\u00e9seaux sociaux. Ma famille va s&rsquo;en occuper et me permettre de respirer un peu loin de tous ces probl\u00e8mes\u00a0\u00bb, a annonc\u00e9 l&rsquo;infirmi\u00e8re de 30 ans sur X.\u00a0<\/p>\n<p>De source polici\u00e8re, on confirme que les investigations ont \u00e9t\u00e9 confi\u00e9es \u00e0 la division de criminalit\u00e9 territoriale (ex-police judiciaire) : \u00ab\u00a0Nous enqu\u00eatons actuellement \u00e0 partir du r\u00e9cit et de l\u2019intrusion et du vol qui ont \u00e9t\u00e9 d\u00e9crits par la victime\u00a0\u00bb, glisse cette source.<\/p>\n<p>Soraya Riffy s\u2019est fait conna\u00eetre en participant en 2016 \u00e0 l\u2019\u00e9mission t\u00e9l\u00e9vis\u00e9e \u00ab\u00a0Touche pas \u00e0 mon poste\u00a0\u00bb (TPMP), au cours de laquelle <strong>un chroniqueur lui avait embrass\u00e9 la poitrine contre son gr\u00e9<\/strong>, ce qui avait valu \u00e0 la cha\u00eene C8 une mise en demeure du Conseil sup\u00e9rieur de l\u2019audiovisuel (CSA), devenu Arcom.<\/p>\n","protected":false},"excerpt":{"rendered":"L\u2019influenceuse Soraya Riffy a \u00e9t\u00e9 violemment agress\u00e9e lors d\u2019un cambriolage \u00e0 son domicile marseillais vendredi 4 juillet, a&hellip;\n","protected":false},"author":2,"featured_media":230548,"comment_status":"","ping_status":"","sticky":false,"template":"","format":"standard","meta":{"footnotes":""},"categories":[2814],"tags":[17,1111,11,36931,1777,674,274,1011,27,36930,36932,26462,36929,884,12,882,25,36928,36927],"class_list":{"0":"post-230547","1":"post","2":"type-post","3":"status-publish","4":"format-standard","5":"has-post-thumbnail","7":"category-marseille","8":"tag-17","9":"tag-actu","10":"tag-actualites","11":"tag-aspergee","12":"tag-eu","13":"tag-europe","14":"tag-faits-divers-justice","15":"tag-fr","16":"tag-france","17":"tag-frappee","18":"tag-javel","19":"tag-linfluenceuse","20":"tag-ligotee","21":"tag-marseille","22":"tag-news","23":"tag-provence-alpes-cote-dazur","24":"tag-republique-francaise","25":"tag-riffy","26":"tag-soraya"},"share_on_mastodon":{"url":"https:\/\/pubeurope.com\/@fr\/114806595515461715","error":""},"_links":{"self":[{"href":"https:\/\/www.europesays.com\/fr\/wp-json\/wp\/v2\/posts\/230547","targetHints":{"allow":["GET"]}}],"collection":[{"href":"https:\/\/www.europesays.com\/fr\/wp-json\/wp\/v2\/posts"}],"about":[{"href":"https:\/\/www.europesays.com\/fr\/wp-json\/wp\/v2\/types\/post"}],"author":[{"embeddable":true,"href":"https:\/\/www.europesays.com\/fr\/wp-json\/wp\/v2\/users\/2"}],"replies":[{"embeddable":true,"href":"https:\/\/www.europesays.com\/fr\/wp-json\/wp\/v2\/comments?post=230547"}],"version-history":[{"count":0,"href":"https:\/\/www.europesays.com\/fr\/wp-json\/wp\/v2\/posts\/230547\/revisions"}],"wp:featuredmedia":[{"embeddable":true,"href":"https:\/\/www.europesays.com\/fr\/wp-json\/wp\/v2\/media\/230548"}],"wp:attachment":[{"href":"https:\/\/www.europesays.com\/fr\/wp-json\/wp\/v2\/media?parent=230547"}],"wp:term":[{"taxonomy":"category","embeddable":true,"href":"https:\/\/www.europesays.com\/fr\/wp-json\/wp\/v2\/categories?post=230547"},{"taxonomy":"post_tag","embeddable":true,"href":"https:\/\/www.europesays.com\/fr\/wp-json\/wp\/v2\/tags?post=230547"}],"curies":[{"name":"wp","href":"https:\/\/api.w.org\/{rel}","templated":true}]}}