{"id":230549,"date":"2025-07-06T13:46:09","date_gmt":"2025-07-06T13:46:09","guid":{"rendered":"https:\/\/www.europesays.com\/fr\/230549\/"},"modified":"2025-07-06T13:46:09","modified_gmt":"2025-07-06T13:46:09","slug":"lorcanette-de-matthiole-bientot-reintroduite-pres-de-lyon","status":"publish","type":"post","link":"https:\/\/www.europesays.com\/fr\/230549\/","title":{"rendered":"L\u2019Orcanette de Matthiole bient\u00f4t r\u00e9introduite pr\u00e8s de Lyon ?"},"content":{"rendered":"<p itemprop=\"description\"><strong>Le Grand Parc de Miribel Jonage, la M\u00e9tropole de Lyon et le Conservatoire botanique national (CBN) du Massif central s\u2019unissent pour restaurer la biodiversit\u00e9 v\u00e9g\u00e9tale avec notamment la r\u00e9introduction de l\u2019Orcanette de Matthiole.<\/strong><\/p>\n<p>Restaurer la biodiversit\u00e9 v\u00e9g\u00e9tale. C\u2019est ce que souhaite le Grand Parc Miribel Jonage (SYMALIM), la M\u00e9tropole de Lyon et le Conservatoire botanique national (CBN) du Massif central en unissant leurs forces apr\u00e8s la remise en eau de la L\u00f4ne de Jonage et aux \u00e9tudes et travaux sur le ruisseau du Rizan.<\/p>\n<p>Les trois partenaires travaillent au retour d\u2019esp\u00e8ces animales ou v\u00e9g\u00e9tales disparues, et proc\u00e8dent parfois \u00e0 des r\u00e9introductions. C\u2019est le cas de l\u2019Orcanette de Matthiole. Soixante-dix ans apr\u00e8s sa disparition, SYMALIM, le Conservatoire botanique national alpin, le CBN Massif central et la M\u00e9tropole de Lyon ont souhait\u00e9 participer \u00e0 la r\u00e9introduction de cette esp\u00e8ce.<\/p>\n<p>Originaire des pelouses sableuses de la r\u00e9gion m\u00e9diterran\u00e9enne, l\u2019Orcanette de Matthiole pouvait s\u2019observer sur la vall\u00e9e du Rh\u00f4ne jusqu\u2019\u00e0 Miribel-Jonage. Mais cette esp\u00e8ce n\u2019a pas \u00e9t\u00e9 vue dans le d\u00e9partement depuis le milieu du XX\u00e8me si\u00e8cle. Cette esp\u00e8ce \u00ab\u00a0en danger de disparition\u00a0\u00bb selon la Liste rouge de la flore vasculaire menac\u00e9e, fera donc son grand retour au sein du Grand Parc Miribel Jonage.<\/p>\n<p>Le syndicat mixte pour l\u2019am\u00e9nagement et la gestion du Grand Parc de l\u2019\u00eele de Miribel Jonage (SYMALIM) et le Conservatoire botanique national du Massif central ont donc annonc\u00e9 la signature d\u2019une convention de coop\u00e9ration majeure. Un accord qui vise \u00e0 renforcer la connaissance, la conservation, la valorisation et la communication autour de la biodiversit\u00e9 v\u00e9g\u00e9tale sur le territoire du Grand Parc de Miribel Jonage.<\/p>\n<p>La M\u00e9tropole de Lyon a aussi d\u00e9velopp\u00e9 un plan d\u2019action pour sauvegarder la Centaur\u00e9e de Lyon, esp\u00e8ce menac\u00e9e \u00e0 l&rsquo;\u00e9chelle de la France m\u00e9tropolitaine, en 2021.<\/p>\n<p>Enfin, elle m\u00e8ne des actions de renforcement de population avec la r\u00e9introduction du X\u00e9ranth\u00e8me f\u00e9tide, une plante m\u00e9diterran\u00e9enne, consid\u00e9r\u00e9e comme disparue de la r\u00e9gion lyonnaise avant d\u2019\u00eatre retrouv\u00e9e dans le cadre d\u2019\u00e9tudes pr\u00e9alables pour un projet d\u2019am\u00e9nagement urbain.<\/p>\n","protected":false},"excerpt":{"rendered":"Le Grand Parc de Miribel Jonage, la M\u00e9tropole de Lyon et le Conservatoire botanique national (CBN) du Massif&hellip;\n","protected":false},"author":2,"featured_media":230550,"comment_status":"","ping_status":"","sticky":false,"template":"","format":"standard","meta":{"footnotes":""},"categories":[1889],"tags":[1111,11,2813,2190,2430,1109,251,1112,2811,1777,674,118,1011,27,1922,1110,1114,2428,2810,12,241,316,25,2812,517,800],"class_list":{"0":"post-230549","1":"post","2":"type-post","3":"status-publish","4":"format-standard","5":"has-post-thumbnail","7":"category-lyon","8":"tag-actu","9":"tag-actualites","10":"tag-article","11":"tag-asvel","12":"tag-auvergne-rhone-alpes","13":"tag-breves","14":"tag-culture","15":"tag-depeches","16":"tag-economique","17":"tag-eu","18":"tag-europe","19":"tag-faits-divers","20":"tag-fr","21":"tag-france","22":"tag-info","23":"tag-informations","24":"tag-infos","25":"tag-lyon","26":"tag-lyonmag","27":"tag-news","28":"tag-ol","29":"tag-politique","30":"tag-republique-francaise","31":"tag-sociale","32":"tag-sport","33":"tag-transports"},"share_on_mastodon":{"url":"https:\/\/pubeurope.com\/@fr\/114806599511731837","error":""},"_links":{"self":[{"href":"https:\/\/www.europesays.com\/fr\/wp-json\/wp\/v2\/posts\/230549","targetHints":{"allow":["GET"]}}],"collection":[{"href":"https:\/\/www.europesays.com\/fr\/wp-json\/wp\/v2\/posts"}],"about":[{"href":"https:\/\/www.europesays.com\/fr\/wp-json\/wp\/v2\/types\/post"}],"author":[{"embeddable":true,"href":"https:\/\/www.europesays.com\/fr\/wp-json\/wp\/v2\/users\/2"}],"replies":[{"embeddable":true,"href":"https:\/\/www.europesays.com\/fr\/wp-json\/wp\/v2\/comments?post=230549"}],"version-history":[{"count":0,"href":"https:\/\/www.europesays.com\/fr\/wp-json\/wp\/v2\/posts\/230549\/revisions"}],"wp:featuredmedia":[{"embeddable":true,"href":"https:\/\/www.europesays.com\/fr\/wp-json\/wp\/v2\/media\/230550"}],"wp:attachment":[{"href":"https:\/\/www.europesays.com\/fr\/wp-json\/wp\/v2\/media?parent=230549"}],"wp:term":[{"taxonomy":"category","embeddable":true,"href":"https:\/\/www.europesays.com\/fr\/wp-json\/wp\/v2\/categories?post=230549"},{"taxonomy":"post_tag","embeddable":true,"href":"https:\/\/www.europesays.com\/fr\/wp-json\/wp\/v2\/tags?post=230549"}],"curies":[{"name":"wp","href":"https:\/\/api.w.org\/{rel}","templated":true}]}}