{"id":230558,"date":"2025-07-06T13:52:09","date_gmt":"2025-07-06T13:52:09","guid":{"rendered":"https:\/\/www.europesays.com\/fr\/230558\/"},"modified":"2025-07-06T13:52:09","modified_gmt":"2025-07-06T13:52:09","slug":"le-chauffeur-de-bus-ratp-teste-positif-a-lalcool-apres-laccident-qui-a-fait-trois-blesses-a-pantin","status":"publish","type":"post","link":"https:\/\/www.europesays.com\/fr\/230558\/","title":{"rendered":"Le chauffeur de bus RATP test\u00e9 positif \u00e0 l\u2019alcool apr\u00e8s l\u2019accident qui a fait trois bless\u00e9s \u00e0 Pantin"},"content":{"rendered":"<p class=\"paragraph text_align_left lp-f-body-02\">Le choc a \u00e9t\u00e9 particuli\u00e8rement violent si l\u2019on en juge par les images vid\u00e9o qui tournent sur les r\u00e9seaux sociaux, o\u00f9 l\u2019on voit une voiture noire tr\u00e8s ab\u00eem\u00e9e, pare-brise en miettes devant un bus <a href=\"https:\/\/www.leparisien.fr\/info-paris-ile-de-france-oise\/transports\/ratp\/\" target=\"_blank\" rel=\"noreferrer nofollow noopener\">RATP<\/a> de la ligne 75 (Porte de Pantin-Panth\u00e9on), tous deux immobilis\u00e9s sur le trottoir. L\u2019accident qui s\u2019est produit vendredi 4 juillet, vers 23 heures, rue Honor\u00e9-d\u2019Estienne-d\u2019Orves \u00e0 <a href=\"https:\/\/www.leparisien.fr\/seine-saint-denis-93\/pantin-93500\/\" target=\"_blank\" rel=\"noreferrer nofollow noopener\">Pantin<\/a>, a fait trois bless\u00e9s.<\/p>\n<p class=\"paragraph text_align_left lp-f-body-02\">Les victimes sont trois jeunes gens qui \u00e9taient \u00e0 bord du v\u00e9hicule l\u00e9ger et qui souffrent de contusions et d\u2019une fracture pour l\u2019un d\u2019entre eux. Ils ont \u00e9t\u00e9 transport\u00e9s vers les h\u00f4pitaux de la Roseraie \u00e0 Aubervilliers et d\u2019Avicenne, \u00e0 Bobigny. Leur pronostic vital n\u2019a pas \u00e9t\u00e9 engag\u00e9.<\/p>\n<p>Une proc\u00e9dure disciplinaire va \u00eatre engag\u00e9e<\/p>\n<p class=\"paragraph text_align_left lp-f-body-02\">Apr\u00e8s la collision, le chauffeur du bus a pass\u00e9 un test d\u2019alcool\u00e9mie qui s\u2019est r\u00e9v\u00e9l\u00e9 positif, nous a confirm\u00e9 ce dimanche la RATP, qui a ouvert une enqu\u00eate. Pour l\u2019heure, la R\u00e9gie n\u2019a pas donn\u00e9 d\u2019indications sur le taux. Le machiniste \u00ab a imm\u00e9diatement \u00e9t\u00e9 pris en charge par son encadrement et retir\u00e9 de la conduite \u00bb, ajoute l\u2019exploitant, pr\u00e9cisant \u00ab qu\u2019une proc\u00e9dure disciplinaire pouvant aller jusqu\u2019\u00e0 la r\u00e9vocation de l\u2019agent va \u00eatre engag\u00e9e \u00bb.<\/p>\n<p class=\"paragraph text_align_left lp-f-body-02\">La RATP rappelle \u00ab pratiquer la tol\u00e9rance z\u00e9ro \u00bb, concernant la consommation d\u2019alcool et de stup\u00e9fiants et m\u00e8ne r\u00e9guli\u00e8rement, aupr\u00e8s de ses conducteurs, des contr\u00f4les d\u2019impr\u00e9gnation alcoolique, des contr\u00f4les salivaires de stup\u00e9fiants. Lors de leur formation initiale, les machinistes sont d\u2019ailleurs sensibilis\u00e9s au sujet par des experts de la Pr\u00e9fecture de Police de Paris et des sp\u00e9cialistes internes de la pr\u00e9vention dont les m\u00e9decins du travail.<\/p>\n<p class=\"paragraph text_align_left lp-f-body-02\">Toujours selon les premiers \u00e9l\u00e9ments de la RATP sur les circonstances, la \u00ab voiture aurait forc\u00e9 le passage \u00e0 une intersection marqu\u00e9e par un stop \u00bb, avant d\u2019\u00eatre percut\u00e9e par le bus. Le parquet n\u2019a pas \u00e9t\u00e9 en mesure de confirmer cette version ce dimanche.<\/p>\n","protected":false},"excerpt":{"rendered":"Le choc a \u00e9t\u00e9 particuli\u00e8rement violent si l\u2019on en juge par les images vid\u00e9o qui tournent sur les&hellip;\n","protected":false},"author":2,"featured_media":230559,"comment_status":"","ping_status":"","sticky":false,"template":"","format":"standard","meta":{"footnotes":""},"categories":[1888],"tags":[11,1777,674,118,1011,27,1944,12,626,25,1945],"class_list":{"0":"post-230558","1":"post","2":"type-post","3":"status-publish","4":"format-standard","5":"has-post-thumbnail","7":"category-paris","8":"tag-actualites","9":"tag-eu","10":"tag-europe","11":"tag-faits-divers","12":"tag-fr","13":"tag-france","14":"tag-ma-ville","15":"tag-news","16":"tag-paris","17":"tag-republique-francaise","18":"tag-seine-saint-denis"},"share_on_mastodon":{"url":"https:\/\/pubeurope.com\/@fr\/114806623009416307","error":""},"_links":{"self":[{"href":"https:\/\/www.europesays.com\/fr\/wp-json\/wp\/v2\/posts\/230558","targetHints":{"allow":["GET"]}}],"collection":[{"href":"https:\/\/www.europesays.com\/fr\/wp-json\/wp\/v2\/posts"}],"about":[{"href":"https:\/\/www.europesays.com\/fr\/wp-json\/wp\/v2\/types\/post"}],"author":[{"embeddable":true,"href":"https:\/\/www.europesays.com\/fr\/wp-json\/wp\/v2\/users\/2"}],"replies":[{"embeddable":true,"href":"https:\/\/www.europesays.com\/fr\/wp-json\/wp\/v2\/comments?post=230558"}],"version-history":[{"count":0,"href":"https:\/\/www.europesays.com\/fr\/wp-json\/wp\/v2\/posts\/230558\/revisions"}],"wp:featuredmedia":[{"embeddable":true,"href":"https:\/\/www.europesays.com\/fr\/wp-json\/wp\/v2\/media\/230559"}],"wp:attachment":[{"href":"https:\/\/www.europesays.com\/fr\/wp-json\/wp\/v2\/media?parent=230558"}],"wp:term":[{"taxonomy":"category","embeddable":true,"href":"https:\/\/www.europesays.com\/fr\/wp-json\/wp\/v2\/categories?post=230558"},{"taxonomy":"post_tag","embeddable":true,"href":"https:\/\/www.europesays.com\/fr\/wp-json\/wp\/v2\/tags?post=230558"}],"curies":[{"name":"wp","href":"https:\/\/api.w.org\/{rel}","templated":true}]}}