{"id":230562,"date":"2025-07-06T13:54:10","date_gmt":"2025-07-06T13:54:10","guid":{"rendered":"https:\/\/www.europesays.com\/fr\/230562\/"},"modified":"2025-07-06T13:54:10","modified_gmt":"2025-07-06T13:54:10","slug":"la-russie-revendique-la-prise-de-deux-nouvelles-localites-dans-lest-de-lukraine","status":"publish","type":"post","link":"https:\/\/www.europesays.com\/fr\/230562\/","title":{"rendered":"La Russie revendique la prise de deux nouvelles localit\u00e9s dans l\u2019est de l\u2019Ukraine"},"content":{"rendered":"<p>Selon le rapport quotidien du minist\u00e8re russe de la D\u00e9fense, les troupes de Moscou ont captur\u00e9, ce dimanche 6 juillet 2025, le village de Piddoubn\u00e9, dans la r\u00e9gion orientale de Donetsk, une localit\u00e9 situ\u00e9e \u00e0 l\u2019ouest de la ville de Kourakhov\u00e9, prise par les Russes en d\u00e9cembre 2024.<\/p>\n<p>Dans la r\u00e9gion de Kharkiv (nord-est), l\u2019arm\u00e9e russe a aussi revendiqu\u00e9 la prise de la localit\u00e9 de Sobolivka, dans une zone o\u00f9 les positions n\u2019avaient pas boug\u00e9 depuis des mois.<\/p>\n<p>Les gains russes de en juin sont les plus importants depuis novembre 2024<\/p>\n<p>Les forces russes ont <a href=\"https:\/\/www.letelegramme.fr\/monde\/guerre-ukraine-russie\/en-ukraine-larmee-russe-accelere-sa-progression-sur-le-terrain-pour-le-troisieme-mois-consecutif-6846809.php\" target=\"_blank\" rel=\"noopener\">acc\u00e9l\u00e9r\u00e9 leur avanc\u00e9e sur le front<\/a> ces trois derniers mois, apr\u00e8s avoir repris dans leur totalit\u00e9, en mars et avril, les territoires occup\u00e9s depuis l\u2019\u00e9t\u00e9 2024 par les Ukrainiens dans la r\u00e9gion russe frontali\u00e8re de Koursk.<\/p>\n<p>Les gains russes sur le terrain en juin ont \u00e9t\u00e9 les plus importants depuis novembre 2024, selon une analyse des donn\u00e9es fournies par l\u2019Institut pour l\u2019\u00e9tude de la guerre (ISW), un centre de r\u00e9flexion bas\u00e9 \u00e0 Washington.<\/p>\n<p>Parall\u00e8lement, la Russie a men\u00e9 plusieurs vagues de frappes nocturnes massives sur l\u2019Ukraine, ces derni\u00e8res semaines.<\/p>\n<p>Vendredi, <a href=\"https:\/\/www.letelegramme.fr\/monde\/guerre-ukraine-russie\/une-nuit-blanche-et-brutale-lukraine-a-subi-lattaque-de-drones-russes-la-plus-massive-depuis-le-debut-de-la-guerre-6849631.php\" target=\"_blank\" rel=\"noopener\">l\u2019arm\u00e9e russe avait tir\u00e9 plus de 530 drones<\/a> explosifs et une dizaine de missiles, notamment sur Kiev, faisant au moins deux morts. Il s\u2019agissait de l\u2019attaque de drones la plus massive depuis le d\u00e9but du conflit, selon les autorit\u00e9s ukrainiennes.<\/p>\n","protected":false},"excerpt":{"rendered":"Selon le rapport quotidien du minist\u00e8re russe de la D\u00e9fense, les troupes de Moscou ont captur\u00e9, ce dimanche&hellip;\n","protected":false},"author":2,"featured_media":230563,"comment_status":"","ping_status":"","sticky":false,"template":"","format":"standard","meta":{"footnotes":""},"categories":[1591],"tags":[11,765,1887,1146,131,2069,74,12,1885,1886,132,220],"class_list":{"0":"post-230562","1":"post","2":"type-post","3":"status-publish","4":"format-standard","5":"has-post-thumbnail","7":"category-russie","8":"tag-actualites","9":"tag-en-continu","10":"tag-federation-de-russie","11":"tag-guerre","12":"tag-guerre-en-ukraine","13":"tag-guerre-ukraine-russie","14":"tag-monde","15":"tag-news","16":"tag-russia","17":"tag-russian-federation","18":"tag-russie","19":"tag-ukraine"},"share_on_mastodon":{"url":"https:\/\/pubeurope.com\/@fr\/114806630888653996","error":""},"_links":{"self":[{"href":"https:\/\/www.europesays.com\/fr\/wp-json\/wp\/v2\/posts\/230562","targetHints":{"allow":["GET"]}}],"collection":[{"href":"https:\/\/www.europesays.com\/fr\/wp-json\/wp\/v2\/posts"}],"about":[{"href":"https:\/\/www.europesays.com\/fr\/wp-json\/wp\/v2\/types\/post"}],"author":[{"embeddable":true,"href":"https:\/\/www.europesays.com\/fr\/wp-json\/wp\/v2\/users\/2"}],"replies":[{"embeddable":true,"href":"https:\/\/www.europesays.com\/fr\/wp-json\/wp\/v2\/comments?post=230562"}],"version-history":[{"count":0,"href":"https:\/\/www.europesays.com\/fr\/wp-json\/wp\/v2\/posts\/230562\/revisions"}],"wp:featuredmedia":[{"embeddable":true,"href":"https:\/\/www.europesays.com\/fr\/wp-json\/wp\/v2\/media\/230563"}],"wp:attachment":[{"href":"https:\/\/www.europesays.com\/fr\/wp-json\/wp\/v2\/media?parent=230562"}],"wp:term":[{"taxonomy":"category","embeddable":true,"href":"https:\/\/www.europesays.com\/fr\/wp-json\/wp\/v2\/categories?post=230562"},{"taxonomy":"post_tag","embeddable":true,"href":"https:\/\/www.europesays.com\/fr\/wp-json\/wp\/v2\/tags?post=230562"}],"curies":[{"name":"wp","href":"https:\/\/api.w.org\/{rel}","templated":true}]}}