{"id":230564,"date":"2025-07-06T13:55:11","date_gmt":"2025-07-06T13:55:11","guid":{"rendered":"https:\/\/www.europesays.com\/fr\/230564\/"},"modified":"2025-07-06T13:55:11","modified_gmt":"2025-07-06T13:55:11","slug":"un-elu-demande-aux-maires-des-cotes-darmor-de-remettre-en-place-le-drapeau-de-lukraine","status":"publish","type":"post","link":"https:\/\/www.europesays.com\/fr\/230564\/","title":{"rendered":"Un \u00e9lu demande aux maires des C\u00f4tes-d\u2019Armor de remettre en place le drapeau de l\u2019Ukraine"},"content":{"rendered":"<p>Fin juin, d\u00e9but juillet, la plupart des mairies du pays de Saint-Brieuc ont retir\u00e9 les drapeaux de pays \u00e9tranger de leurs frontons. Une d\u00e9cision prise notamment apr\u00e8s la r\u00e9ception, le 20 juin, d\u2019une note de la pr\u00e9fecture des C\u00f4tes-d\u2019Armor rappelant \u00ab aux maires les r\u00e8gles applicables au pavoisement sur les b\u00e2timents publics \u00bb. Des d\u00e9cisions que conteste Corentin Poilbout, conseiller municipal et communautaire d\u2019opposition. Selon l\u2019\u00e9lu, \u00ab la neutralit\u00e9 mal interpr\u00e9t\u00e9e ne peut servir de pr\u00e9texte \u00e0 l\u2019indiff\u00e9rence \u00bb.<\/p>\n<p>Une mauvaise interpr\u00e9tation du droit selon l\u2019\u00e9lu<\/p>\n<p>Avan\u00e7ant sa qualit\u00e9 professionnelle d\u2019avocat, il argumente sa position \u00e0 l\u2019aide de plusieurs \u00ab jurisprudences \u00bb, notamment une d\u00e9cision du tribunal administratif de Versailles datant du 20 d\u00e9cembre 2024, qui \u00ab a solennellement jug\u00e9 que le simple pavoisement aux couleurs de l\u2019Ukraine \u00ab rel\u00e8ve d\u2019un geste symbolique et non partisan \u00bb, en parfaite coh\u00e9rence avec l\u2019\u00e9lan humanitaire port\u00e9 par l\u2019\u00c9tat fran\u00e7ais. \u00bb<\/p>\n<p>En cons\u00e9quence, Corentin Poilbout \u00ab appelle les communes de l\u2019agglom\u00e9ration de Saint-Brieuc &#8211; et plus largement costarmoricaines &#8211; \u00e0 s\u2019inscrire dans cette dynamique juridique et morale \u00bb. Et poursuit : \u00ab \u00c0 compter de ce lundi 7 juillet, les fa\u00e7ades municipales pourraient se parer, c\u00f4te \u00e0 c\u00f4te, des drapeaux fran\u00e7ais, europ\u00e9en et ukrainien \u00bb. \u00ab Cette initiative, loin d\u2019\u00eatre un simple embl\u00e8me, serait l\u2019affirmation claire qu\u2019une lecture \u00e9quilibr\u00e9e du droit administratif permet de concilier neutralit\u00e9 et humanit\u00e9 \u00bb, conclut-il dans son communiqu\u00e9.<\/p>\n<p>Et le drapeau de la Palestine ?<\/p>\n<p>Ce raisonnement est-il valable pour le drapeau palestinien, qui \u00e9tait install\u00e9 il y a encore quelques jours sur la fa\u00e7ade de la mairie de Saint-Brieuc ? Non, r\u00e9pond l\u2019\u00e9lu : \u00ab Afficher ce drapeau ne rel\u00e8ve pas uniquement d\u2019une consid\u00e9ration humanitaire, mais \u00e9galement de la revendication politique ce qui porterait atteinte au principe de neutralit\u00e9 du service public, la Palestine n\u2019\u00e9tant pas reconnue par l\u2019Onu \u00bb, exprime-t-il.<\/p>\n<p>Pr\u00e9cis\u00e9ment, le pays est dot\u00e9 du statut d\u2019observateur permanent, sans \u00eatre membre de plein droit. Pr\u00e8s de 150 pays reconnaissent l\u2019\u00c9tat palestinien et <a href=\"https:\/\/www.letelegramme.fr\/monde\/israel-palestine\/la-reconnaissance-dun-etat-palestinien-est-un-devoir-moral-et-une-exigence-politique-selon-emmanuel-macron-6827131.php\" target=\"_blank\" rel=\"noopener\">Emmanuel Macron a r\u00e9cemment d\u00e9clar\u00e9<\/a> que la France le reconna\u00eetrait \u00e9galement dans les prochains mois.<\/p>\n","protected":false},"excerpt":{"rendered":"Fin juin, d\u00e9but juillet, la plupart des mairies du pays de Saint-Brieuc ont retir\u00e9 les drapeaux de pays&hellip;\n","protected":false},"author":2,"featured_media":230565,"comment_status":"","ping_status":"","sticky":false,"template":"","format":"standard","meta":{"footnotes":""},"categories":[1590],"tags":[11,2171,1777,674,12,4937,11880,220],"class_list":{"0":"post-230564","1":"post","2":"type-post","3":"status-publish","4":"format-standard","5":"has-post-thumbnail","7":"category-ukraine","8":"tag-actualites","9":"tag-cotes-darmor","10":"tag-eu","11":"tag-europe","12":"tag-news","13":"tag-saint-brieuc","14":"tag-solidarite-ukraine","15":"tag-ukraine"},"share_on_mastodon":{"url":"https:\/\/pubeurope.com\/@fr\/114806634799717301","error":""},"_links":{"self":[{"href":"https:\/\/www.europesays.com\/fr\/wp-json\/wp\/v2\/posts\/230564","targetHints":{"allow":["GET"]}}],"collection":[{"href":"https:\/\/www.europesays.com\/fr\/wp-json\/wp\/v2\/posts"}],"about":[{"href":"https:\/\/www.europesays.com\/fr\/wp-json\/wp\/v2\/types\/post"}],"author":[{"embeddable":true,"href":"https:\/\/www.europesays.com\/fr\/wp-json\/wp\/v2\/users\/2"}],"replies":[{"embeddable":true,"href":"https:\/\/www.europesays.com\/fr\/wp-json\/wp\/v2\/comments?post=230564"}],"version-history":[{"count":0,"href":"https:\/\/www.europesays.com\/fr\/wp-json\/wp\/v2\/posts\/230564\/revisions"}],"wp:featuredmedia":[{"embeddable":true,"href":"https:\/\/www.europesays.com\/fr\/wp-json\/wp\/v2\/media\/230565"}],"wp:attachment":[{"href":"https:\/\/www.europesays.com\/fr\/wp-json\/wp\/v2\/media?parent=230564"}],"wp:term":[{"taxonomy":"category","embeddable":true,"href":"https:\/\/www.europesays.com\/fr\/wp-json\/wp\/v2\/categories?post=230564"},{"taxonomy":"post_tag","embeddable":true,"href":"https:\/\/www.europesays.com\/fr\/wp-json\/wp\/v2\/tags?post=230564"}],"curies":[{"name":"wp","href":"https:\/\/api.w.org\/{rel}","templated":true}]}}