{"id":230569,"date":"2025-07-06T13:58:28","date_gmt":"2025-07-06T13:58:28","guid":{"rendered":"https:\/\/www.europesays.com\/fr\/230569\/"},"modified":"2025-07-06T13:58:28","modified_gmt":"2025-07-06T13:58:28","slug":"euro-feminin-2025-lallemagne-a-la-conquete-dune-neuvieme-titre-europeen-sport-maville-angers","status":"publish","type":"post","link":"https:\/\/www.europesays.com\/fr\/230569\/","title":{"rendered":"Euro f\u00e9minin 2025. L&#039;Allemagne \u00e0 la conqu\u00eate d&#039;une neuvi\u00e8me titre europ\u00e9en . Sport &#8211; Maville Angers"},"content":{"rendered":"<ol>\n<li><a href=\"https:\/\/news.google.com\/rss\/articles\/CBMizwFBVV95cUxNMnpqdzhkeE9tU3VXTHlQTlNIQ2pHU1FteFhJLVRKazJsRzYyVnF6ZEZ6Ykd0VnBfVEJtYlc3bzIwUjRqWEgxSUFUVXZKdmUwRV9qUUNNTUktRXRndEVmMjFPU3VTOFFLQVRabHJaOXhhM3JJSmU1N1ZGSnVnTUlia01hcjItY0RXLVlZRkZjVjFWa3RNZElVbFpDWlk5cW9mcnUySzh6anp5MWh4OU9FWHhXaWVLRkZFLUdLaTBpYWt6UjhPMS1yajc1N2hHOWM?oc=5\" target=\"_blank\" rel=\"noopener\">Euro f\u00e9minin 2025. L&rsquo;Allemagne \u00e0 la conqu\u00eate d&rsquo;une neuvi\u00e8me titre europ\u00e9en . Sport<\/a>&nbsp;&nbsp;Maville Angers<\/li>\n<li><a href=\"https:\/\/news.google.com\/rss\/articles\/CBMi9AFBVV95cUxNcnQwTmNJNnZWU1JlVnQxS1g1RW02b2xtaXVkYm9UYTFaTmZpLXlJcHBUVlRERWEzdTZ4eW5tX1hEYXFPX2N6aWhVZEo4Q2FEYnRzUXlrVkl3Q1A3eFFRQ2pMXzdWWk9qVktydU11cHMzRDdBUlpQYjR6V2lxNGNHVWp5QWNFNzVnTTZ1UW9DbjY3VmR2QU5VUkJEeHo1RmJ0Y0cyYnlhNnd1c0poZFNBNEpnaXdPaTktRFZmVFZOTjZTUmpOLWF1Vl9mRHE0Q0pEM1VjajBSTm9TT0RRY3MtMDN2SDA5THMtVkdTTDdZaFlvTjdk?oc=5\" target=\"_blank\" rel=\"noopener\">La capitaine allemande Giulia Gwinn, bless\u00e9e au genou gauche contre la Pologne, est forfait pour la fin de l&rsquo;Euro<\/a>&nbsp;&nbsp;L&rsquo;\u00c9quipe<\/li>\n<li><a href=\"https:\/\/news.google.com\/rss\/articles\/CBMi2gFBVV95cUxQWm1MakxydmNXNEVCdHFCS1VENmx4aEloWGhjd0FYaFQ3VTVZYmdCT0czbjFONnJnUXhiODBNRHZUeDRpOTV3cF9xMkcxZUZIajlYb0FPYXpxeTdsUTJtOVd0SnROTFp3SU1PaFJzNEotQVRXS3pVTnZ2UGdOWDQ3QVpTYlU0bVpLM1FQUFV4SGxRNW5kY1FLa2xGYlNvOGpUNGVON3NHWkhWOWJMVnhiQndEQVRwU2tScnR4ODBVRjVYeUJrYXlieTBRcmJFT25rN01vUG5pVGpHUQ?oc=5\" target=\"_blank\" rel=\"noopener\">Euro f\u00e9minin : bless\u00e9e \u00e0 un genou, la capitaine de l\u2019Allemagne Giulia Gwinn d\u00e9clare forfait<\/a>&nbsp;&nbsp;Le Figaro<\/li>\n<li><a href=\"https:\/\/news.google.com\/rss\/articles\/CBMiX0FVX3lxTFBqbXlUdEQwWG1yVDJDc1k4TERKMXhzQXZVZHQ4NzVnNWpqcHhtRlpPVHVaVDcwa3kxR3hZcWZUOW4xeDczM2E2bWt3SjI2N3BwV18yb0RQSGZUM2Y2aXo0?oc=5\" target=\"_blank\" rel=\"noopener\">Marinette et ses copines<\/a>&nbsp;&nbsp;Les Cahiers du football<\/li>\n<li><a href=\"https:\/\/news.google.com\/rss\/articles\/CBMi0AFBVV95cUxOaUhNYms4TGpNQkZQZFRIN2x1ejR6X21NZFR6VlkxWVJxbElSM3pvLS1rQ0JlWTVZS08tTkEzMUVOLTdDWUVIWUM4SEF3Mm12THViN3J0eUZ6bEU4TjVkYkxJTXFyeDI5QnY2czVqVnVyR0ZoSEVNdm9TR283YVhjbDB4QWMtZnNNeTUzcmFmTFBWa1lPaVAzeTZtUTZUUDV0SGZ6ZHNBSVl3ZDE4U0lfMGdfczR1SmItcnpRSjFFUWtoaUJ6NU8zSXMxeWlWYjk2?oc=5\" target=\"_blank\" rel=\"noopener\">Euro 2025 I L&rsquo;Allemagne surclasse la Pologne mais tremble pour Gwinn<\/a>&nbsp;&nbsp;Eurosport<\/li>\n<\/ol>\n","protected":false},"excerpt":{"rendered":"Euro f\u00e9minin 2025. L&rsquo;Allemagne \u00e0 la conqu\u00eate d&rsquo;une neuvi\u00e8me titre europ\u00e9en . Sport&nbsp;&nbsp;Maville Angers La capitaine allemande Giulia&hellip;\n","protected":false},"author":2,"featured_media":230570,"comment_status":"","ping_status":"","sticky":false,"template":"","format":"standard","meta":{"footnotes":""},"categories":[1587],"tags":[1111,11,672,1438,3809,1465,1804,1805,1803,1777,674,63,1801,1792,1922,12,1802,479,517,1470],"class_list":{"0":"post-230569","1":"post","2":"type-post","3":"status-publish","4":"format-standard","5":"has-post-thumbnail","7":"category-allemagne","8":"tag-actu","9":"tag-actualites","10":"tag-allemagne","11":"tag-angers","12":"tag-ball","13":"tag-basket","14":"tag-bundesrepublik-deutschland","15":"tag-de","16":"tag-deutschland","17":"tag-eu","18":"tag-europe","19":"tag-football","20":"tag-germany","21":"tag-handball","22":"tag-info","23":"tag-news","24":"tag-republique-federale-dallemagne","25":"tag-rugby","26":"tag-sport","27":"tag-volley"},"share_on_mastodon":{"url":"https:\/\/pubeurope.com\/@fr\/114806646633471815","error":""},"_links":{"self":[{"href":"https:\/\/www.europesays.com\/fr\/wp-json\/wp\/v2\/posts\/230569","targetHints":{"allow":["GET"]}}],"collection":[{"href":"https:\/\/www.europesays.com\/fr\/wp-json\/wp\/v2\/posts"}],"about":[{"href":"https:\/\/www.europesays.com\/fr\/wp-json\/wp\/v2\/types\/post"}],"author":[{"embeddable":true,"href":"https:\/\/www.europesays.com\/fr\/wp-json\/wp\/v2\/users\/2"}],"replies":[{"embeddable":true,"href":"https:\/\/www.europesays.com\/fr\/wp-json\/wp\/v2\/comments?post=230569"}],"version-history":[{"count":0,"href":"https:\/\/www.europesays.com\/fr\/wp-json\/wp\/v2\/posts\/230569\/revisions"}],"wp:featuredmedia":[{"embeddable":true,"href":"https:\/\/www.europesays.com\/fr\/wp-json\/wp\/v2\/media\/230570"}],"wp:attachment":[{"href":"https:\/\/www.europesays.com\/fr\/wp-json\/wp\/v2\/media?parent=230569"}],"wp:term":[{"taxonomy":"category","embeddable":true,"href":"https:\/\/www.europesays.com\/fr\/wp-json\/wp\/v2\/categories?post=230569"},{"taxonomy":"post_tag","embeddable":true,"href":"https:\/\/www.europesays.com\/fr\/wp-json\/wp\/v2\/tags?post=230569"}],"curies":[{"name":"wp","href":"https:\/\/api.w.org\/{rel}","templated":true}]}}