{"id":230581,"date":"2025-07-06T14:05:11","date_gmt":"2025-07-06T14:05:11","guid":{"rendered":"https:\/\/www.europesays.com\/fr\/230581\/"},"modified":"2025-07-06T14:05:11","modified_gmt":"2025-07-06T14:05:11","slug":"pour-ses-60-ans-le-sec-volley-est-pret-a-passer-dans-une-nouvelle-dimension","status":"publish","type":"post","link":"https:\/\/www.europesays.com\/fr\/230581\/","title":{"rendered":"Pour ses 60 ans, le Sec Volley est pr\u00eat \u00e0 passer dans une nouvelle dimension"},"content":{"rendered":"<p>            Par<br \/>\n        <strong><br \/>\n            <a href=\"https:\/\/actu.fr\/auteur\/flavien-fritz-actu-fr\" title=\"Consulter tous les articles de Flavien Fritz\" rel=\"nofollow noopener\" target=\"_blank\">Flavien Fritz<\/a><br \/>\n        <\/strong><\/p>\n<p>        Publi\u00e9 le<\/p>\n<p>            6 juil. 2025 \u00e0 8h53        <\/p>\n<p>La saison 2024-2025 a \u00e9t\u00e9 concluante sur bien des points pour le Sec Volleyball.<\/p>\n<p class=\" wall-content\">Entre apprentissage et performances sportives, les co-pr\u00e9sidents ne tirent aucun point n\u00e9gatif de cette saison qui a compt\u00e9 <b>240\u00a0licenci\u00e9s<\/b>.<\/p>\n<p class=\" wall-content\">De plus, l\u2019effet Jeux olympiques de Paris 2024 s\u2019est largement fait ressentir au club avec \u00ab la cr\u00e9ation d\u2019une \u00e9quipe M18 masculine \u00bb.<\/p>\n<p>Une redescente, mais en apprenant<\/p>\n<p class=\" wall-content\">Pour cette saison 2024-2025, l\u2019\u00e9quipe masculine du Sec montait en Pr\u00e9nationale.<\/p>\n<p class=\" wall-content\">Et le moins que l\u2019on puisse dire, c\u2019est que la saison a \u00e9t\u00e9 compliqu\u00e9e. Tr\u00e8s compliqu\u00e9e. <b>18 d\u00e9faites en 18 matchs <\/b>et seulement un point glan\u00e9 sur l\u2019enti\u00e8ret\u00e9 de la saison (gr\u00e2ce \u00e0 une d\u00e9faite sur le score de 2-3).<\/p>\n<p class=\" wall-content\">Des r\u00e9sultats qui s\u2019expliquent par le fait que \u00ab beaucoup d\u2019anciens ont arr\u00eat\u00e9, quatre joueurs de M18 sont mont\u00e9s renforcer l\u2019effectif \u00bb.<\/p>\n<p>Vid\u00e9os : en ce moment sur Actu<\/p>\n<p class=\" wall-content\">Une jeune \u00e9quipe donc, qui aura eu des difficult\u00e9s \u00e0 jouer en Pr\u00e9nationale, mais qui aura engrang\u00e9 \u00ab beaucoup d\u2019exp\u00e9rience \u00bb, se r\u00e9jouissent les co-pr\u00e9sidents.<\/p>\n<p class=\" wall-content\">L\u2019\u00e9quipe <b>repart au niveau r\u00e9gional <\/b>et aura \u00e0 c\u0153ur de remonter \u00ab dans les deux ans \u00bb et revenir au niveau Pr\u00e9nationale pleine d\u2019exp\u00e9rience et revancharde.<\/p>\n<p>Finir devant des clubs historiques<\/p>\n<p class=\" wall-content\">Du c\u00f4t\u00e9 des f\u00e9minines, la saison est parfaite.<\/p>\n<p class=\" wall-content\">Malgr\u00e9 quelques d\u00e9parts et une redescente de Pr\u00e9nationale l\u2019ann\u00e9e pr\u00e9c\u00e9dente, les Sablaises visaient le podium.<\/p>\n<p class=\" wall-content\"><b>Objectif accompli<\/b> avec cette 3e place qui leur a permis de jouer le tournoi des 2e et 3e des championnats de R\u00e9gional 1. Alors que le tournoi les confrontait aux Neptunes de Nantes et \u00e0 Saint-Nazaire, des clubs historiques du volley, les Sablaises se sont impos\u00e9es et ont d\u00e9croch\u00e9 leur billet pour la Pr\u00e9nationale.<\/p>\n<p class=\" wall-content\">Une performance encore plus grande quand on sait que le groupe i<b>nt\u00e9grait des jeunes M18 et m\u00eame des U13<\/b>.<\/p>\n<p class=\" wall-content\">En plus de leur magnifique championnat, les Sablaises se sont offertes un beau parcours en coupe de Vend\u00e9e o\u00f9 elles ont but\u00e9 <b>en demi-finale<\/b> face \u00e0 La Roche-sur-Yon.<\/p>\n<p class=\" wall-content\">Pour la prochaine saison, l\u2019objectif sera de \u00ab se maintenir et d\u2019int\u00e9grer des M18 avec les s\u00e9niors \u00bb. Les deux co-pr\u00e9sidents sont \u00e9galement satisfaits de voir \u00ab le bon d\u00e9veloppement du p\u00f4le f\u00e9minin au club \u00bb.<\/p>\n<p>    <img   decoding=\"async\" loading=\"lazy\" class=\"size-large\" src=\"https:\/\/www.europesays.com\/fr\/wp-content\/uploads\/2025\/07\/885f65fba36866c5f65fba368506f6v-768x640.jpg\" alt=\"M\u00e9lanie Papin et Yoan Dubuc lors de l'Assembl\u00e9e g\u00e9n\u00e9rale\u00a0\" width=\"768\" height=\"640\"\/><br \/>\n    M\u00e9lanie Papin et Yoan Dubuc avec une lettre de f\u00e9licitations de la f\u00e9d\u00e9ration de volley. \u00a9Facebook de G\u00e9rard HechtUn renouveau ?<\/p>\n<p class=\" wall-content\">En 2026, le Sec Volley<b> f\u00eatera ses 60\u00a0ans<\/b>. Si le club a d\u00e9j\u00e0 \u00e9volu\u00e9 et s\u2019est donn\u00e9 un nouvel \u00e9lan en d\u00e9veloppant ses activit\u00e9s telles que Volley Sant\u00e9 et Volley Entreprises, M\u00e9lanie Papin et Yoan Dubuc souhaitent \u00ab donner une nouvelle dimension au club \u00bb.<\/p>\n<p class=\" wall-content\">Et ces projets seront bien aid\u00e9s par le nouveau gymnase du centre-ville des Sables, dans lequel le Sec va <b>faire sa rentr\u00e9e en septembre<\/b>. Le club l\u2019avait quitt\u00e9 en 2023 pour une refonte totale du b\u00e2timent.<\/p>\n<p class=\" wall-content\">La salle r\u00e9serv\u00e9e au volley se nommera Hubert Thil, un b\u00e9n\u00e9vole et coach qui a fait l\u2019enti\u00e8ret\u00e9 de sa carri\u00e8re, jusqu\u2019\u00e0 ses 93\u00a0ans, au club du Sec Volley.<\/p>\n<p class=\" wall-content\">Le nom du club est \u00e9galement en possible r\u00e9flexion. Sables Etudiant Club n\u2019ayant pas une signification forte et le surnom \u00ab Sec \u00bb pouvant \u00eatre confondu avec le handball ou l\u2019athl\u00e9tisme (Sec Handball et Sec Athl\u00e9tisme).<\/p>\n<p class=\" wall-content\">Suivez toute l\u2019actualit\u00e9 de vos villes et m\u00e9dias favoris en vous inscrivant \u00e0 <a href=\"https:\/\/moncompte.actu.fr\" title=\"D\u00e9couvez Mon Actu\" rel=\"nofollow noopener\" data-trk=\"{&quot;cta&quot;:{&quot;action&quot;:&quot;https:\\\/\\\/moncompte.actu.fr&quot;,&quot;category&quot;:&quot;mon compte&quot;,&quot;from&quot;:&quot;article footer&quot;,&quot;name&quot;:&quot;Mon actu&quot;,&quot;type&quot;:&quot;cta&quot;}}\" target=\"_blank\">Mon Actu<\/a>.<\/p>\n","protected":false},"excerpt":{"rendered":"Par Flavien Fritz Publi\u00e9 le 6 juil. 2025 \u00e0 8h53 La saison 2024-2025 a \u00e9t\u00e9 concluante sur bien&hellip;\n","protected":false},"author":2,"featured_media":230582,"comment_status":"","ping_status":"","sticky":false,"template":"","format":"standard","meta":{"footnotes":""},"categories":[1417],"tags":[1011,27,60,1470,1469],"class_list":{"0":"post-230581","1":"post","2":"type-post","3":"status-publish","4":"format-standard","5":"has-post-thumbnail","7":"category-volley","8":"tag-fr","9":"tag-france","10":"tag-sports","11":"tag-volley","12":"tag-volleyball"},"share_on_mastodon":{"url":"https:\/\/pubeurope.com\/@fr\/114806674190413177","error":""},"_links":{"self":[{"href":"https:\/\/www.europesays.com\/fr\/wp-json\/wp\/v2\/posts\/230581","targetHints":{"allow":["GET"]}}],"collection":[{"href":"https:\/\/www.europesays.com\/fr\/wp-json\/wp\/v2\/posts"}],"about":[{"href":"https:\/\/www.europesays.com\/fr\/wp-json\/wp\/v2\/types\/post"}],"author":[{"embeddable":true,"href":"https:\/\/www.europesays.com\/fr\/wp-json\/wp\/v2\/users\/2"}],"replies":[{"embeddable":true,"href":"https:\/\/www.europesays.com\/fr\/wp-json\/wp\/v2\/comments?post=230581"}],"version-history":[{"count":0,"href":"https:\/\/www.europesays.com\/fr\/wp-json\/wp\/v2\/posts\/230581\/revisions"}],"wp:featuredmedia":[{"embeddable":true,"href":"https:\/\/www.europesays.com\/fr\/wp-json\/wp\/v2\/media\/230582"}],"wp:attachment":[{"href":"https:\/\/www.europesays.com\/fr\/wp-json\/wp\/v2\/media?parent=230581"}],"wp:term":[{"taxonomy":"category","embeddable":true,"href":"https:\/\/www.europesays.com\/fr\/wp-json\/wp\/v2\/categories?post=230581"},{"taxonomy":"post_tag","embeddable":true,"href":"https:\/\/www.europesays.com\/fr\/wp-json\/wp\/v2\/tags?post=230581"}],"curies":[{"name":"wp","href":"https:\/\/api.w.org\/{rel}","templated":true}]}}