{"id":230583,"date":"2025-07-06T14:06:09","date_gmt":"2025-07-06T14:06:09","guid":{"rendered":"https:\/\/www.europesays.com\/fr\/230583\/"},"modified":"2025-07-06T14:06:09","modified_gmt":"2025-07-06T14:06:09","slug":"xv-de-france-deux-titulaires-absents-chez-les-all-blacks-pour-le-deuxieme-test-face-aux-bleus","status":"publish","type":"post","link":"https:\/\/www.europesays.com\/fr\/230583\/","title":{"rendered":"XV de France. Deux titulaires absents chez les All Blacks pour le deuxi\u00e8me test face aux Bleus\u00a0?"},"content":{"rendered":"<p>            Par<br \/>\n        <strong><br \/>\n            <a href=\"https:\/\/actu.fr\/auteur\/lucas-bertolotto\" title=\"Consulter tous les articles de Lucas Bertolotto\" rel=\"nofollow noopener\" target=\"_blank\">Lucas Bertolotto<\/a><br \/>\n        <\/strong><\/p>\n<p>        Publi\u00e9 le<\/p>\n<p>            6 juil. 2025 \u00e0 14h21        <\/p>\n<p>Il y a eu de la casse chez les <strong>All Blacks<\/strong>. Lors du premier test face au <strong>XV de France<\/strong> ce samedi, la <strong>Nouvelle-Z\u00e9lande<\/strong> <a href=\"https:\/\/actu.fr\/sports\/rugby\/pro\/xv-de-france-ca-touche-l-ego-dans-le-coup-jusqu-au-bout-presque-top-les-reactions-des-bleus_62873324.html\" rel=\"nofollow noopener\" target=\"_blank\">s\u2019est impos\u00e9e d\u2019une courte t\u00eate<\/a> (31-27) mais a perdu plusieurs joueurs sur blessure qui pourraient d\u00e9clarer forfait pour le deuxi\u00e8me match programm\u00e9 samedi \u00e0 Wellington.\u00a0<\/p>\n<p>Sevu Reece sorti sur commotion<\/p>\n<p class=\" wall-content\">Ca a \u00e9t\u00e9 un coup dur d\u00e8s le d\u00e9but du match pour les All Blacks. L\u2019ailier <strong>Sevu Reece<\/strong> s\u2019est assomm\u00e9 en voulant plaquer <strong>Joris Segonds<\/strong> d\u00e8s la premi\u00e8re minute de jeu et a \u00e9t\u00e9 contraint de c\u00e9der sa place \u00e0 <strong>Damian McKenzie<\/strong>. Le joueur des Crusaders n\u2019a pas \u00e9t\u00e9 autoris\u00e9 \u00e0 revenir sur le terrain apr\u00e8s avoir subi une commotion c\u00e9r\u00e9brale mais il a \u00e9t\u00e9 parfaitement suppl\u00e9\u00e9 sur l\u2019aile par Will Jordan, auteur d\u2019un doubl\u00e9 <a href=\"https:\/\/actu.fr\/sports\/rugby\/pro\/les-notes-de-nouvelle-zelande-france-31-27-fischer-le-secateur-l-envie-de-villiere-le-garrec-timide_62872390.html\" rel=\"nofollow noopener\" target=\"_blank\">contre les Bleus<\/a>.<\/p>\n<p class=\" wall-content\">\n<p class=\" wall-content\">Une commotion c\u00e9r\u00e9brale qui devrait entra\u00eener le forfait de <strong>Sevu Reece<\/strong> pour le deuxi\u00e8me test programm\u00e9 \u00e0 Wellington ce samedi comme l\u2019a confi\u00e9 l\u2019entraineur des avants <strong>Jason Ryan<\/strong> dans les colonnes de L\u2019\u00c9quipe : \u00ab Sevu va devoir observer une p\u00e9riode de repos en raison de son protocole commotion. \u00bb<\/p>\n<p class=\" wall-content\">Une nouvelle perte pour la <strong>Nouvelle-Z\u00e9lande<\/strong> qui doit d\u00e9j\u00e0 se passer des piliers Tyrel Lomax et Tamaiti Williams et des troisi\u00e8mes ligne Luke Jacobson et Wallace Sititi, tous touch\u00e9s <a href=\"https:\/\/actu.fr\/sports\/rugby\/xv-de-france\/all-blacks-les-4-enseignements-a-retenir-de-la-liste-retenue-pour-affronter-le-xv-de-france_62809463.html\" rel=\"nofollow noopener\" target=\"_blank\">avant le premier test<\/a>. Mais un autre coup dur pourrait se pr\u00e9senter au staff n\u00e9o-z\u00e9landais avant son deuxi\u00e8me match contre le <strong>XV de France<\/strong>.\u00a0<\/p>\n<p>Scott Barrett touch\u00e9 \u00e0 un tendon d\u2019Achille<\/p>\n<p class=\" wall-content\">Le deuxi\u00e8me ligne et capitaine<strong> Scott Barrett<\/strong> a quitt\u00e9 ses partenaires juste avant l\u2019heure de jeu, remplac\u00e9 par <strong>Samipeni Finau<\/strong>. \u00ab Scott a un petit souci au tendon d\u2019Achille, c\u2019est pour \u00e7a qu\u2019il est sorti \u00bb a annonc\u00e9 <strong>Jason Ryan<\/strong>, toujours aupr\u00e8s de L\u2019\u00c9quipe. Une sortie sur blessure qui ne rassure pas et qui rend le joueur de 31 ans incertain pour le prochain affrontement.\u00a0<\/p>\n<p>Vid\u00e9os : en ce moment sur Actu<\/p>\n<p class=\" wall-content\">Suivez toute l\u2019actualit\u00e9 de vos villes et m\u00e9dias favoris en vous inscrivant \u00e0 <a href=\"https:\/\/moncompte.actu.fr\" title=\"D\u00e9couvez Mon Actu\" rel=\"nofollow noopener\" data-trk=\"{&quot;cta&quot;:{&quot;action&quot;:&quot;https:\\\/\\\/moncompte.actu.fr&quot;,&quot;category&quot;:&quot;mon compte&quot;,&quot;from&quot;:&quot;article footer&quot;,&quot;name&quot;:&quot;Mon actu&quot;,&quot;type&quot;:&quot;cta&quot;}}\" target=\"_blank\">Mon Actu<\/a>.<\/p>\n","protected":false},"excerpt":{"rendered":"Par Lucas Bertolotto Publi\u00e9 le 6 juil. 2025 \u00e0 14h21 Il y a eu de la casse chez&hellip;\n","protected":false},"author":2,"featured_media":230584,"comment_status":"","ping_status":"","sticky":false,"template":"","format":"standard","meta":{"footnotes":""},"categories":[1416],"tags":[2305,1011,27,3788,479,1468,60,513],"class_list":{"0":"post-230583","1":"post","2":"type-post","3":"status-publish","4":"format-standard","5":"has-post-thumbnail","7":"category-rugby","8":"tag-all-blacks","9":"tag-fr","10":"tag-france","11":"tag-pro","12":"tag-rugby","13":"tag-rugby-football","14":"tag-sports","15":"tag-xv-de-france"},"share_on_mastodon":{"url":"https:\/\/pubeurope.com\/@fr\/114806678047996355","error":""},"_links":{"self":[{"href":"https:\/\/www.europesays.com\/fr\/wp-json\/wp\/v2\/posts\/230583","targetHints":{"allow":["GET"]}}],"collection":[{"href":"https:\/\/www.europesays.com\/fr\/wp-json\/wp\/v2\/posts"}],"about":[{"href":"https:\/\/www.europesays.com\/fr\/wp-json\/wp\/v2\/types\/post"}],"author":[{"embeddable":true,"href":"https:\/\/www.europesays.com\/fr\/wp-json\/wp\/v2\/users\/2"}],"replies":[{"embeddable":true,"href":"https:\/\/www.europesays.com\/fr\/wp-json\/wp\/v2\/comments?post=230583"}],"version-history":[{"count":0,"href":"https:\/\/www.europesays.com\/fr\/wp-json\/wp\/v2\/posts\/230583\/revisions"}],"wp:featuredmedia":[{"embeddable":true,"href":"https:\/\/www.europesays.com\/fr\/wp-json\/wp\/v2\/media\/230584"}],"wp:attachment":[{"href":"https:\/\/www.europesays.com\/fr\/wp-json\/wp\/v2\/media?parent=230583"}],"wp:term":[{"taxonomy":"category","embeddable":true,"href":"https:\/\/www.europesays.com\/fr\/wp-json\/wp\/v2\/categories?post=230583"},{"taxonomy":"post_tag","embeddable":true,"href":"https:\/\/www.europesays.com\/fr\/wp-json\/wp\/v2\/tags?post=230583"}],"curies":[{"name":"wp","href":"https:\/\/api.w.org\/{rel}","templated":true}]}}