{"id":230587,"date":"2025-07-06T14:09:13","date_gmt":"2025-07-06T14:09:13","guid":{"rendered":"https:\/\/www.europesays.com\/fr\/230587\/"},"modified":"2025-07-06T14:09:13","modified_gmt":"2025-07-06T14:09:13","slug":"le-programme-du-gp-dallemagne-motogp-2025","status":"publish","type":"post","link":"https:\/\/www.europesays.com\/fr\/230587\/","title":{"rendered":"Le programme du GP d&rsquo;Allemagne MotoGP 2025"},"content":{"rendered":"<p>Le paddock se rend le week-end prochain \u00e0 Chemnitz, petite ville allemande habitu\u00e9e \u00e0 vivre au rythme des courses auto et moto depuis pr\u00e8s d&rsquo;un si\u00e8cle. Apr\u00e8s l&rsquo;\u00e2ge d&rsquo;or des comp\u00e9titions sur routes ferm\u00e9es, le championnat du monde y a organis\u00e9 un Grand Prix d&rsquo;Allemagne de l&rsquo;Est, sur un premier circuit qui n&rsquo;\u00e9tait pas encore baptis\u00e9 Sachsenring. Malmen\u00e9e par les tumultes de l&rsquo;Histoire et les accidents dramatiques, l&rsquo;\u00e9preuve s&rsquo;est finalement \u00e9tablie sur un nouveau trac\u00e9, dessin\u00e9 dans l&rsquo;enceinte de l&rsquo;ancien, pour le GP d&rsquo;Allemagne tel qu&rsquo;on le conna\u00eet aujourd&rsquo;hui.<\/p>\n<p>Rendez-vous fixe du championnat depuis 1998, le d\u00e9placement dans la Saxe n&rsquo;a manqu\u00e9 \u00e0 l&rsquo;appel qu&rsquo;en 2020 \u00e0 cause de la pand\u00e9mie de COVID-19. Une \u00e9preuve atypique, avec un des rares circuits dont le trac\u00e9 tourne dans le sens inverse des aiguilles d&rsquo;une montre, et qui s&rsquo;est taill\u00e9e la r\u00e9putation de\u00a0chasse gard\u00e9e de Honda mais surtout de <a href=\"https:\/\/fr.motorsport.com\/driver\/marc-marquez\/92646\/\" target=\"_blank\" rel=\"noopener\">Marc M\u00e1rquez<\/a>&#8230; jusqu&rsquo;\u00e0 une \u00e9dition 2023 qui a tourn\u00e9 \u00e0 la catastrophe et provoqu\u00e9, par effet domino, son d\u00e9part du HRC.<\/p>\n<p>L&rsquo;Espagnol a retrouv\u00e9 le podium lorsqu&rsquo;il est venu sur place pour la premi\u00e8re fois avec une Ducati, l&rsquo;an dernier, et aujourd&rsquo;hui le MotoGP tout entier attend de voir ce qu&rsquo;il sortira de son chapeau sachant le niveau qui est le sien en 2025.<\/p>\n<p>Lire aussi :<\/p>\n<p>Les horaires du GP d&rsquo;Allemagne<\/p>\n<tr>\n<p style=\"text-align: left;\"><strong>Date<\/strong><\/p>\n<p>\u00a0<\/p>\n<p style=\"text-align: left;\"><strong>S\u00e9ance<\/strong><\/p>\n<p style=\"text-align: left;\"><strong>Heure fran\u00e7aise<\/strong><\/p>\n<\/tr>\n<tr>\n<td style=\"width: 34%;\"><strong>Vendredi 11 juillet<\/strong><\/td>\n<td style=\"width: 33%;\">Essais Libres 1<\/td>\n<td style=\"width: 33%;\">10h45 &#8211; 11h30<\/td>\n<\/tr>\n<tr>\n<td style=\"width: 34%;\">\u00a0<\/td>\n<td style=\"width: 33%;\">Essais<\/td>\n<td style=\"width: 33%;\">15h00 &#8211; 16h00<\/td>\n<\/tr>\n<tr>\n<td style=\"width: 34%;\">\u00a0<\/td>\n<td style=\"width: 33%;\">\u00a0<\/td>\n<td style=\"width: 33%;\">\u00a0<\/td>\n<\/tr>\n<tr>\n<td style=\"width: 34%;\"><strong>Samedi 12 juillet<\/strong><\/td>\n<td style=\"width: 33%;\">Essais Libres 2<\/td>\n<td style=\"width: 33%;\">10h10 &#8211; 10h40<\/td>\n<\/tr>\n<tr>\n<td style=\"width: 34%;\">\u00a0<\/td>\n<td style=\"width: 33%;\">Qualifications<\/td>\n<td style=\"width: 33%;\">10h50 &#8211; 11h30<\/td>\n<\/tr>\n<tr>\n<td style=\"width: 34%;\">\u00a0<\/td>\n<td style=\"width: 33%;\">Course sprint<\/td>\n<td style=\"width: 33%;\">15h00<\/td>\n<\/tr>\n<tr>\n<td style=\"width: 34%;\">\u00a0<\/td>\n<td style=\"width: 33%;\">\u00a0<\/td>\n<td style=\"width: 33%;\">\u00a0<\/td>\n<\/tr>\n<tr>\n<td style=\"width: 34%;\"><strong>Dimanche 13 juillet<\/strong><\/td>\n<td style=\"width: 33%;\">Warm-up<\/td>\n<td style=\"width: 33%;\">9h40 &#8211; 9h50<\/td>\n<\/tr>\n<tr>\n<td style=\"width: 34%;\">\u00a0<\/td>\n<td style=\"width: 33%;\">Course<\/td>\n<td style=\"width: 33%;\">14h00<\/td>\n<\/tr>\n<p>Le programme classique des Grands Prix europ\u00e9ens s&rsquo;applique. Le d\u00e9part de la course principale MotoGP sera donc donn\u00e9 dimanche \u00e0 14h, tandis que le sprint se courra samedi \u00e0 15h.<\/p>\n<p>Retrouvez le programme \u00e0 votre heure <a href=\"https:\/\/fr.motorsport.com\/location\/sachsenring\/1564\/\" target=\"_self\" rel=\"noopener\">ici<\/a>.<\/p>\n<p>Comment suivre le Grand Prix d&rsquo;Allemagne\u00a0?<\/p>\n<p>Les cha\u00eenes du groupe Canal+ sont le diffuseur officiel du MotoGP en France. Comme \u00e0 l&rsquo;accoutum\u00e9e, elles retransmettront l&rsquo;int\u00e9gralit\u00e9 du programme du GP d&rsquo;Allemagne cette semaine. Il faudra s&rsquo;installer sur Canal+ Sport 360 pour suivre les deux premi\u00e8res journ\u00e9es, pour les trois cat\u00e9gories, ce qui inclut les essais, les qualifications et la course sprint MotoGP. Dimanche, le warm-up sera toujours diffus\u00e9 sur Canal+ Sport 360, de m\u00eame que les courses des cat\u00e9gories Moto2 et Moto3. Il faudra ensuite basculer sur Canal+ pour la course MotoGP.<\/p>\n<p>Le circuit du Sachsenring<\/p>\n<p>La manche allemande confronte les pilotes avec le circuit le plus court du championnat (3,671\u00a0km), compos\u00e9 d&rsquo;une ligne droite de 700\u00a0m et de 13 virages, en grande majorit\u00e9 \u00e0 gauche, le tout \u00e0 parcourir dans le sens inverse des aiguilles d&rsquo;une montre. Resurfac\u00e9e en 2017, la piste est une \u00e9preuve de force pour le flanc gauche des pneus, sollicit\u00e9 de mani\u00e8re quasi incessante durant 30 tours. Cela impose une allocation pneumatique bien sp\u00e9cifique, avec uniquement des pneus asym\u00e9triques pour les slicks, \u00e0 l&rsquo;avant comme \u00e0 l&rsquo;arri\u00e8re.<\/p>\n<p><img decoding=\"async\" class=\"sizer\" draggable=\"false\" src=\"blob:https:\/\/fr-thewall.motorsport.com\/e29fd376-6f22-423a-acbe-f30ec8e78d35\" alt=\"\" loading=\"lazy\"\/><\/p>\n<p class=\"title\">VID\u00c9O &#8211; Un tour en cam\u00e9ra embarqu\u00e9e au Sachsenring avec Johann Zarco<\/p>\n<p><strong>Caract\u00e9ristiques de la piste\u00a0:<\/strong><\/p>\n<tr>\n<td style=\"width: 50%;\"><strong>Construction<\/strong><\/td>\n<td style=\"width: 50%;\">1996<\/td>\n<\/tr>\n<tr>\n<td style=\"width: 50%;\"><strong>Longueur de la piste<\/strong><\/td>\n<td style=\"width: 50%;\">3,671 km<\/td>\n<\/tr>\n<tr>\n<td style=\"width: 50%;\"><strong>Largeur de la piste<\/strong><\/td>\n<td style=\"width: 50%;\">12 m<\/td>\n<\/tr>\n<tr>\n<td style=\"width: 50%;\"><strong>Virages<\/strong><\/td>\n<td style=\"width: 50%;\">10 gauche &#8211; 3 droite<\/td>\n<\/tr>\n<tr>\n<td style=\"width: 50%;\"><strong>Plus longue ligne droite<\/strong><\/td>\n<td style=\"width: 50%;\">700 m<\/td>\n<\/tr>\n<tr>\n<td style=\"width: 50%;\"><strong>Pole position<\/strong><\/td>\n<td style=\"width: 50%;\">\u00e0 gauche<\/td>\n<\/tr>\n<tr>\n<td style=\"width: 50%;\"><strong>Distance de la course MotoGP<\/strong><\/td>\n<td style=\"width: 50%;\">110,130 km (30 tours)<\/td>\n<\/tr>\n<tr>\n<td style=\"width: 50%;\"><strong>Distance de la course sprint<\/strong><\/td>\n<td style=\"width: 50%;\">55,065 km (15 tours)<\/td>\n<\/tr>\n<p><strong>Records en vigueur\u00a0:<\/strong><\/p>\n<tr>\n<td style=\"width: 32%;\"><strong>Record absolu<\/strong><\/td>\n<td style=\"width: 32%;\"><img decoding=\"async\" src=\"https:\/\/www.europesays.com\/fr\/wp-content\/uploads\/2025\/04\/Ducati.png\" width=\"20\" loading=\"lazy\"\/>\u00a0J. Mart\u00edn<\/td>\n<td style=\"width: 18%;\">1&rsquo;19&Prime;423<\/td>\n<td style=\"width: 18%;\">2024<\/td>\n<\/tr>\n<tr>\n<td style=\"width: 32%;\"><strong>Meilleur temps en course<\/strong><\/td>\n<td style=\"width: 32%;\"><img decoding=\"async\" src=\"https:\/\/www.europesays.com\/fr\/wp-content\/uploads\/2025\/04\/Ducati.png\" width=\"20\" loading=\"lazy\"\/> J. Mart\u00edn<\/td>\n<td style=\"width: 18%;\">1&rsquo;20&Prime;667<\/td>\n<td style=\"width: 18%;\">2024<\/td>\n<\/tr>\n<tr>\n<td style=\"width: 32%;\"><strong>Record V-max<\/strong><\/td>\n<td style=\"width: 32%;\"><img decoding=\"async\" src=\"https:\/\/www.europesays.com\/fr\/wp-content\/uploads\/2025\/04\/KTM.png\" width=\"20\" loading=\"lazy\"\/> P. Acosta<\/td>\n<td style=\"width: 18%;\">306,8 km\/h<\/td>\n<td style=\"width: 18%;\">2024<\/td>\n<\/tr>\n<tr>\n<td style=\"width: 32%;\"><strong>Record vitesse moyenne<\/strong><\/td>\n<td style=\"width: 32%;\"><img decoding=\"async\" src=\"https:\/\/www.europesays.com\/fr\/wp-content\/uploads\/2025\/04\/Ducati.png\" width=\"20\" loading=\"lazy\"\/>\u00a0J. Mart\u00edn<\/td>\n<td style=\"width: 18%;\">166,3 km\/h<\/td>\n<td style=\"width: 18%;\">2024<\/td>\n<\/tr>\n<p>Le palmar\u00e8s du GP d&rsquo;Allemagne<\/p>\n<p>Tr\u00e8s longtemps, le Grand Prix d&rsquo;Allemagne a \u00e9t\u00e9 la chasse gard\u00e9e de Honda, et plus particuli\u00e8rement de Marc M\u00e1rquez. L&rsquo;Espagnol y avait m\u00eame cr\u00e9\u00e9 l&rsquo;\u00e9v\u00e9nement en 2021, en retrouvant la victoire pr\u00e8s d&rsquo;un an apr\u00e8s la blessure ayant marqu\u00e9 un coup d&rsquo;arr\u00eat majeur dans sa carri\u00e8re. Lui qui \u00e9tait invaincu sur place depuis toujours, d\u00e9tenteur des records et vainqueur sans discontinuer depuis 2010 en qualifications comme en course, en Moto2 et en MotoGP, il avait r\u00e9ussi \u00e0 passer outre une condition physique encore imparfaite pour prendre la t\u00eate d\u00e8s le premier tour et s&rsquo;\u00e9chapper.<\/p>\n<p>La donne a chang\u00e9 en 2022, quand pour la premi\u00e8re fois, M\u00e1rquez a c\u00e9d\u00e9 sa place, contraint au forfait \u00e0 cause d&rsquo;une \u00e9ni\u00e8me op\u00e9ration. C&rsquo;est <a href=\"https:\/\/fr.motorsport.com\/driver\/fabio-quartararo\/109400\/\" target=\"_blank\" rel=\"noopener\">Fabio Quartararo<\/a> qui l&rsquo;a remplac\u00e9 au palmar\u00e8s, d\u00e9crochant au guidon de la Yamaha ce qui reste \u00e0 ce jour sa derni\u00e8re victoire en date.<\/p>\n<p>Dans l&rsquo;exercice des qualifications, M\u00e1rquez a aussi trouv\u00e9 des successeurs, d&rsquo;abord\u00a0<a href=\"https:\/\/fr.motorsport.com\/driver\/johann-zarco\/96107\/\" target=\"_blank\" rel=\"noopener\">Johann Zarco<\/a>,\u00a0puis <a href=\"https:\/\/fr.motorsport.com\/driver\/pecco-bagnaia\/109394\/\" target=\"_blank\" rel=\"noopener\">Pecco Bagnaia<\/a>\u00a0et <a href=\"https:\/\/fr.motorsport.com\/driver\/jorge-martin\/109391\/\" target=\"_blank\" rel=\"noopener\">Jorge Mart\u00edn<\/a>. Leur point commun ? Ils pilotaient tous une Ducati, moto sur laquelle le #93 \u00e9volue aujourd&rsquo;hui avec brio. En course aussi, la moto italienne a domin\u00e9 derni\u00e8rement. Bagnaia avait men\u00e9 puis chut\u00e9 en 2022, puis il s&rsquo;est fait battre par Mart\u00edn en 2023 et s&rsquo;est impos\u00e9 la saison derni\u00e8re.<\/p>\n<p>Mais personne ne se fait d&rsquo;illusions : un Marc M\u00e1rquez au sommet de sa forme n&rsquo;aura d&rsquo;autre objectif cette ann\u00e9e que de renouer avec la victoire dans un de ses \u00ab\u00a0jardins\u00a0\u00bb.<\/p>\n<p><strong>Les derniers polemen et vainqueurs au Grand Prix d&rsquo;Allemagne :<\/strong><\/p>\n<p><strong>Course suivante\u00a0:<\/strong> Grand Prix de R\u00e9publique tch\u00e8que (18-20 juillet)<\/p>\n<p><a href=\"https:\/\/fr.motorsport.com\/motogp\/schedule\/2025\/?event_types%5B%5D=race\" target=\"_self\" rel=\"noopener\">Calendrier MotoGP<\/a><\/p>\n<p>Dans cet article<\/p>\n<p>Soyez le premier inform\u00e9 et souscrivez aux alertes mails pour recevoir les infos en temps r\u00e9el<\/p>\n<p>    S&rsquo;abonner aux alertes de news<\/p>\n","protected":false},"excerpt":{"rendered":"Le paddock se rend le week-end prochain \u00e0 Chemnitz, petite ville allemande habitu\u00e9e \u00e0 vivre au rythme des&hellip;\n","protected":false},"author":2,"featured_media":230588,"comment_status":"","ping_status":"","sticky":false,"template":"","format":"standard","meta":{"footnotes":""},"categories":[1413],"tags":[1011,27,36254,1457,1456,1458,36255,60],"class_list":{"0":"post-230587","1":"post","2":"type-post","3":"status-publish","4":"format-standard","5":"has-post-thumbnail","7":"category-moto","8":"tag-fr","9":"tag-france","10":"tag-gp-dallemagne","11":"tag-moto","12":"tag-motocycle","13":"tag-motogp","14":"tag-sachsenring","15":"tag-sports"},"share_on_mastodon":{"url":"https:\/\/pubeurope.com\/@fr\/114806690092078926","error":""},"_links":{"self":[{"href":"https:\/\/www.europesays.com\/fr\/wp-json\/wp\/v2\/posts\/230587","targetHints":{"allow":["GET"]}}],"collection":[{"href":"https:\/\/www.europesays.com\/fr\/wp-json\/wp\/v2\/posts"}],"about":[{"href":"https:\/\/www.europesays.com\/fr\/wp-json\/wp\/v2\/types\/post"}],"author":[{"embeddable":true,"href":"https:\/\/www.europesays.com\/fr\/wp-json\/wp\/v2\/users\/2"}],"replies":[{"embeddable":true,"href":"https:\/\/www.europesays.com\/fr\/wp-json\/wp\/v2\/comments?post=230587"}],"version-history":[{"count":0,"href":"https:\/\/www.europesays.com\/fr\/wp-json\/wp\/v2\/posts\/230587\/revisions"}],"wp:featuredmedia":[{"embeddable":true,"href":"https:\/\/www.europesays.com\/fr\/wp-json\/wp\/v2\/media\/230588"}],"wp:attachment":[{"href":"https:\/\/www.europesays.com\/fr\/wp-json\/wp\/v2\/media?parent=230587"}],"wp:term":[{"taxonomy":"category","embeddable":true,"href":"https:\/\/www.europesays.com\/fr\/wp-json\/wp\/v2\/categories?post=230587"},{"taxonomy":"post_tag","embeddable":true,"href":"https:\/\/www.europesays.com\/fr\/wp-json\/wp\/v2\/tags?post=230587"}],"curies":[{"name":"wp","href":"https:\/\/api.w.org\/{rel}","templated":true}]}}