{"id":230592,"date":"2025-07-06T14:12:11","date_gmt":"2025-07-06T14:12:11","guid":{"rendered":"https:\/\/www.europesays.com\/fr\/230592\/"},"modified":"2025-07-06T14:12:11","modified_gmt":"2025-07-06T14:12:11","slug":"le-fenerbahce-avance-pour-2-joueurs-du-psg","status":"publish","type":"post","link":"https:\/\/www.europesays.com\/fr\/230592\/","title":{"rendered":"Le Fenerbah\u00e7e avance pour 2 joueurs du PSG"},"content":{"rendered":"<p><strong>Arriv\u00e9 au mercato estival 2023 en provenance de l\u2019Inter Milan, Milan Skriniar, d\u00e9fenseur de 30 ans, ne s\u2019est pas fait une place au Paris Saint-Germain. Son contrat se termine en juin 2028 et il a \u00e9t\u00e9 pr\u00eat\u00e9 pour la seconde partie de saison 2024-2025 au Fenerbah\u00e7e. Il s\u2019est bien relanc\u00e9 et il a \u00e9t\u00e9 question d\u2019un transfert d\u00e9finitif cet \u00e9t\u00e9 au sein du club turc. Ce dimanche, Fanatik\u00a0indique que la discussion continue, pour Marco Asensio (milieu offensif\/attaquant de 29 ans) \u00e9galement. Avec un atout important.<\/strong><\/p>\n<blockquote class=\"twitter-tweet\" data-width=\"550\" data-dnt=\"true\">\n<p lang=\"fr\" dir=\"ltr\">\u2139\ufe0f Fenerbah\u00e7e poursuit ses n\u00e9gociations avec le PSG pour Asensio et Skrinar.<\/p>\n<p>\ud83e\udd1d Les relations positives du pr\u00e9sident Ali Ko\u00e7 avec la direction du Paris Saint-Germain au fil des ans constituent un avantage important dans ce processus de transfert.<\/p>\n<p>\ud83d\uddde Fanatik <a href=\"https:\/\/t.co\/gsKy8tBLFC\">pic.twitter.com\/gsKy8tBLFC<\/a><\/p>\n<p>\u2014 ParisSG INFOS (@Paris_sginfos) <a href=\"https:\/\/twitter.com\/Paris_sginfos\/status\/1941763426256068929?ref_src=twsrc%5Etfw\" target=\"_blank\" rel=\"noopener\">July 6, 2025<\/a><\/p>\n<\/blockquote>\n<p>Des affirmations cr\u00e9dibles, puisque les m\u00e9dias vont tous dans le m\u00eame sens dans ce dossier. Il semble au moins que les discussions existent et les transferts auraient du sens. Cependant, il n\u2019y a rien de s\u00fbr. Les deux dossiers pourraient se bloquer, ou un sur deux. C\u2019est encore tr\u00e8s ouvert. Il n\u2019y a pas d\u2019autre choix que d\u2019attendre.<\/p>\n<p>\t\t\t\t\t\t\t\t\t\t\t\t\t\t\t\t\t\t\t\t\t\t\t<img loading=\"lazy\" src=\"https:\/\/www.europesays.com\/fr\/wp-content\/uploads\/2025\/04\/ParisFans_Logo.png\" decoding=\"async\" class=\"lazyload\" width=\"240\" height=\"54\" data-eio-rwidth=\"240\" data-eio-rheight=\"54\"\/><\/p>\n<p>\t\t\t\t\t\t\t\t<script async src=\"https:\/\/platform.twitter.com\/widgets.js\" charset=\"utf-8\"><\/script><\/p>\n","protected":false},"excerpt":{"rendered":"Arriv\u00e9 au mercato estival 2023 en provenance de l\u2019Inter Milan, Milan Skriniar, d\u00e9fenseur de 30 ans, ne s\u2019est&hellip;\n","protected":false},"author":2,"featured_media":230593,"comment_status":"","ping_status":"","sticky":false,"template":"","format":"standard","meta":{"footnotes":""},"categories":[1410],"tags":[63,1011,27,27992,60,96],"class_list":{"0":"post-230592","1":"post","2":"type-post","3":"status-publish","4":"format-standard","5":"has-post-thumbnail","7":"category-football","8":"tag-football","9":"tag-fr","10":"tag-france","11":"tag-milan-skriniar","12":"tag-sports","13":"tag-une"},"share_on_mastodon":{"url":"https:\/\/pubeurope.com\/@fr\/114806701744248128","error":""},"_links":{"self":[{"href":"https:\/\/www.europesays.com\/fr\/wp-json\/wp\/v2\/posts\/230592","targetHints":{"allow":["GET"]}}],"collection":[{"href":"https:\/\/www.europesays.com\/fr\/wp-json\/wp\/v2\/posts"}],"about":[{"href":"https:\/\/www.europesays.com\/fr\/wp-json\/wp\/v2\/types\/post"}],"author":[{"embeddable":true,"href":"https:\/\/www.europesays.com\/fr\/wp-json\/wp\/v2\/users\/2"}],"replies":[{"embeddable":true,"href":"https:\/\/www.europesays.com\/fr\/wp-json\/wp\/v2\/comments?post=230592"}],"version-history":[{"count":0,"href":"https:\/\/www.europesays.com\/fr\/wp-json\/wp\/v2\/posts\/230592\/revisions"}],"wp:featuredmedia":[{"embeddable":true,"href":"https:\/\/www.europesays.com\/fr\/wp-json\/wp\/v2\/media\/230593"}],"wp:attachment":[{"href":"https:\/\/www.europesays.com\/fr\/wp-json\/wp\/v2\/media?parent=230592"}],"wp:term":[{"taxonomy":"category","embeddable":true,"href":"https:\/\/www.europesays.com\/fr\/wp-json\/wp\/v2\/categories?post=230592"},{"taxonomy":"post_tag","embeddable":true,"href":"https:\/\/www.europesays.com\/fr\/wp-json\/wp\/v2\/tags?post=230592"}],"curies":[{"name":"wp","href":"https:\/\/api.w.org\/{rel}","templated":true}]}}