{"id":230594,"date":"2025-07-06T14:13:10","date_gmt":"2025-07-06T14:13:10","guid":{"rendered":"https:\/\/www.europesays.com\/fr\/230594\/"},"modified":"2025-07-06T14:13:10","modified_gmt":"2025-07-06T14:13:10","slug":"linfluenceuse-soraya-riffy-violemment-agressee-lors-dun-cambriolage","status":"publish","type":"post","link":"https:\/\/www.europesays.com\/fr\/230594\/","title":{"rendered":"L\u2019influenceuse Soraya Riffy violemment agress\u00e9e lors d\u2019un cambriolage"},"content":{"rendered":"<p>Elle est suivie par plus d\u20191\u00a0million d\u2019abonn\u00e9s sur <a href=\"https:\/\/www.20minutes.fr\/high-tech\/instagram\/\" class=\"color-ultramarine c-link\" target=\"_blank\" rel=\"noopener\">Instagram<\/a>. <a href=\"https:\/\/www.20minutes.fr\/television\/2245943-20180329-video-agression-sexuelle-tpmp-soraya-riffy-affirme-avoir-porte-plainte-contre-jean-michel-maire\" class=\"color-ultramarine c-link\" target=\"_blank\" rel=\"noopener\">L\u2019influenceuse Soraya Riffy<\/a> a \u00e9t\u00e9 violemment agress\u00e9e lors d\u2019un cambriolage \u00e0 son domicile marseillais vendredi soir par trois individus arm\u00e9s qui l\u2019ont \u00ab\u00a0ligot\u00e9e, tabass\u00e9e et asperg\u00e9e d\u2019eau de javel\u00a0\u00bb avant de prendre la fuite, a-t-on appris dimanche aupr\u00e8s de son avocat.<\/p>\n<p>Ag\u00e9e de 30 ans, elle a \u00e9t\u00e9 hospitalis\u00e9e et souffre de \u00ab\u00a0plusieurs fractures au visage et de nombreuses coupures sur tout le corps\u00a0\u00bb, a pr\u00e9cis\u00e9 Me Tom Michel, confirmant une information du <a href=\"https:\/\/www.leparisien.fr\/faits-divers\/ligotee-aspergee-deau-de-javel-violee-linfluenceuse-soraya-victime-dun-violent-home-jacking-a-marseille-06-07-2025-4Y7GLKOVAFGRDLFI3CZPHTM224.php\" rel=\"nofollow noopener\" target=\"_blank\" class=\"color-ultramarine c-link\">Parisien<\/a>. \u00ab\u00a0Soraya Riffy a \u00e9t\u00e9 victime d\u2019un <a href=\"https:\/\/www.20minutes.fr\/dossier\/home_jacking\" class=\"color-ultramarine c-link\" target=\"_blank\" rel=\"noopener\">homejacking<\/a> terrible vendredi autour de 21h30, quand une personne se faisant passer pour un voisin s\u2019est pr\u00e9sent\u00e9e \u00e0 sa porte avant de faire entrer d\u2019autres individus arm\u00e9s dans l\u2019appartement\u00a0\u00bb, a racont\u00e9 son avocat.<\/p>\n<p>\u00ab\u00a0Une suspicion d\u2019agression sexuelle, voire de viol\u00a0\u00bb<\/p>\n<p>Pendant plus d\u2019une heure et demie, les agresseurs, qui \u00e9taient au moins trois, l\u2019ont \u00ab\u00a0ligot\u00e9e, rou\u00e9e de coups sous la menace d\u2019une arme de poing et de cutters, et menac\u00e9e de mort si elle ne leur donnait pas d\u2019argent\u00a0\u00bb.<\/p>\n<p>Selon son avocat, Soraya Riffy a perdu connaissance durant son agression, et s\u2019est r\u00e9veill\u00e9e couverte d\u2019eau de javel \u00ab\u00a0sans doute pour effacer les traces ADN de ses agresseurs\u00a0\u00bb qui ont pris la fuite en emportant notamment \u00ab\u00a0ses cl\u00e9s de maison et de voiture, deux sacs de luxe et une montre Rolex\u00a0\u00bb.<\/p>\n<p>\u00ab\u00a0Ils savaient tr\u00e8s bien qui elle \u00e9tait\u00a0\u00bb, assure Me Michel, expliquant que \u00ab\u00a0comme beaucoup d\u2019influenceuses, Soraya Riffy expose sur les r\u00e9seaux un train de vie qui peut para\u00eetre assez luxueux\u00a0\u00bb. Apr\u00e8s avoir d\u00e9fait ses liens, la jeune femme a pu appeler les pompiers et a \u00e9t\u00e9 hospitalis\u00e9e en urgence. \u00ab\u00a0En raison de douleurs et de traces pr\u00e9sentes sur son corps, on a malheureusement une suspicion d\u2019agression sexuelle, voire de viol\u00a0\u00bb, a-t-il ajout\u00e9.<\/p>\n<p>D\u00e9j\u00e0 agress\u00e9e il y a trois mois<\/p>\n<p>La jeune femme a \u00e9t\u00e9 entendue par les policiers \u00e0 l\u2019h\u00f4pital dans le cadre d\u2019une enqu\u00eate de flagrance, et une plainte a \u00e9t\u00e9 d\u00e9pos\u00e9e pour violence aggrav\u00e9e, s\u00e9questration et viol, dans l\u2019attente des expertises m\u00e9dicales, a-t-il ajout\u00e9.<\/p>\n<\/p>\n<p>Il y a trois mois, Soraya Riffy avait d\u00e9j\u00e0 \u00e9t\u00e9 agress\u00e9e par une femme, et avait eu le nez fractur\u00e9. Selon Me Michel, elle avait \u00ab\u00a0alert\u00e9 \u00e0 plusieurs reprises les autorit\u00e9s sur les menaces qui pesaient sur elle\u00a0\u00bb. Vendredi soir, \u00ab\u00a0ses agresseurs ont encore une fois invoqu\u00e9 sa notori\u00e9t\u00e9 pour justifier leurs actes\u00a0\u00bb, a-t-il soulign\u00e9.<\/p>\n<p>Soraya Riffy s\u2019est notamment fait conna\u00eetre du grand public en participant en\u00a02016 \u00e0 l\u2019\u00e9mission t\u00e9l\u00e9vis\u00e9e Touche pas \u00e0 mon poste (TPMP), au cours de laquelle un chroniqueur <a href=\"https:\/\/www.20minutes.fr\/television\/2246523-20180330-video-agression-sexuelle-tpmp-jean-michel-maire-confirme-avoir-convoque-police\" class=\"color-ultramarine c-link\" target=\"_blank\" rel=\"noopener\">lui avait embrass\u00e9 la poitrine contre son gr\u00e9<\/a>, ce qui avait valu \u00e0 la cha\u00eene C8 une mise en demeure du Conseil sup\u00e9rieur de l\u2019audiovisuel (CSA).<\/p>\n","protected":false},"excerpt":{"rendered":"Elle est suivie par plus d\u20191\u00a0million d\u2019abonn\u00e9s sur Instagram. L\u2019influenceuse Soraya Riffy a \u00e9t\u00e9 violemment agress\u00e9e lors d\u2019un&hellip;\n","protected":false},"author":2,"featured_media":230595,"comment_status":"","ping_status":"","sticky":false,"template":"","format":"standard","meta":{"footnotes":""},"categories":[1359],"tags":[47,1120,885,1174,58,1067,59,118,1011,27,9816,884,883,973,882,7279],"class_list":{"0":"post-230594","1":"post","2":"type-post","3":"status-publish","4":"format-standard","5":"has-post-thumbnail","7":"category-people","8":"tag-actualite","9":"tag-agression","10":"tag-bouches-du-rhone","11":"tag-cambriolage","12":"tag-divertissement","13":"tag-enquete","14":"tag-entertainment","15":"tag-faits-divers","16":"tag-fr","17":"tag-france","18":"tag-home-jacking","19":"tag-marseille","20":"tag-paca","21":"tag-people","22":"tag-provence-alpes-cote-dazur","23":"tag-touche-pas-a-mon-poste-tpmp"},"share_on_mastodon":{"url":"https:\/\/pubeurope.com\/@fr\/114806705620676487","error":""},"_links":{"self":[{"href":"https:\/\/www.europesays.com\/fr\/wp-json\/wp\/v2\/posts\/230594","targetHints":{"allow":["GET"]}}],"collection":[{"href":"https:\/\/www.europesays.com\/fr\/wp-json\/wp\/v2\/posts"}],"about":[{"href":"https:\/\/www.europesays.com\/fr\/wp-json\/wp\/v2\/types\/post"}],"author":[{"embeddable":true,"href":"https:\/\/www.europesays.com\/fr\/wp-json\/wp\/v2\/users\/2"}],"replies":[{"embeddable":true,"href":"https:\/\/www.europesays.com\/fr\/wp-json\/wp\/v2\/comments?post=230594"}],"version-history":[{"count":0,"href":"https:\/\/www.europesays.com\/fr\/wp-json\/wp\/v2\/posts\/230594\/revisions"}],"wp:featuredmedia":[{"embeddable":true,"href":"https:\/\/www.europesays.com\/fr\/wp-json\/wp\/v2\/media\/230595"}],"wp:attachment":[{"href":"https:\/\/www.europesays.com\/fr\/wp-json\/wp\/v2\/media?parent=230594"}],"wp:term":[{"taxonomy":"category","embeddable":true,"href":"https:\/\/www.europesays.com\/fr\/wp-json\/wp\/v2\/categories?post=230594"},{"taxonomy":"post_tag","embeddable":true,"href":"https:\/\/www.europesays.com\/fr\/wp-json\/wp\/v2\/tags?post=230594"}],"curies":[{"name":"wp","href":"https:\/\/api.w.org\/{rel}","templated":true}]}}