{"id":230598,"date":"2025-07-06T14:15:12","date_gmt":"2025-07-06T14:15:12","guid":{"rendered":"https:\/\/www.europesays.com\/fr\/230598\/"},"modified":"2025-07-06T14:15:12","modified_gmt":"2025-07-06T14:15:12","slug":"verze-un-livre-offert-a-chaque-cm2-par-la-societe-des-ecoles","status":"publish","type":"post","link":"https:\/\/www.europesays.com\/fr\/230598\/","title":{"rendered":"Verz\u00e9. Un livre offert \u00e0 chaque CM2 par la Soci\u00e9t\u00e9 des \u00e9coles"},"content":{"rendered":"<p>La Soci\u00e9t\u00e9 des \u00e9coles de Verz\u00e9 (SEV) r\u00e9compense chaque ann\u00e9e les \u00e9l\u00e8ves de CM2 pour leur bonne scolarit\u00e9 \u00e0 l\u2019\u00e9cole primaire. Vendredi en fin d\u2019apr\u00e8s-midi, un jour avant la kermesse, Fabien Bonnot le pr\u00e9sident, accueillait les enseignantes, les parents et les \u00e9coliers pour un go\u00fbter de fin d\u2019ann\u00e9e. Et \u00e0 cette occasion, il remettait aux futurs coll\u00e9giens un ouvrage qu\u2019ils avaient choisi parmi une liste de romans, BD, livres \u00e9ducatifs, fournie par le Cadran Lunaire. Tout le monde \u00e9tait tr\u00e8s \u00e9mu lors de cette c\u00e9r\u00e9monie qui marque le d\u00e9part de leur ch\u00e8re \u00e9cole.<\/p>\n","protected":false},"excerpt":{"rendered":"La Soci\u00e9t\u00e9 des \u00e9coles de Verz\u00e9 (SEV) r\u00e9compense chaque ann\u00e9e les \u00e9l\u00e8ves de CM2 pour leur bonne scolarit\u00e9&hellip;\n","protected":false},"author":2,"featured_media":230599,"comment_status":"","ping_status":"","sticky":false,"template":"","format":"standard","meta":{"footnotes":""},"categories":[1357],"tags":[1379,58,3718,1057,59,107,1011,27,1380,5981,36934],"class_list":{"0":"post-230598","1":"post","2":"type-post","3":"status-publish","4":"format-standard","5":"has-post-thumbnail","7":"category-livres","8":"tag-books","9":"tag-divertissement","10":"tag-edition-macon","11":"tag-education","12":"tag-entertainment","13":"tag-fil-info","14":"tag-fr","15":"tag-france","16":"tag-livres","17":"tag-macon-bassin","18":"tag-verze"},"share_on_mastodon":{"url":"https:\/\/pubeurope.com\/@fr\/114806713454581760","error":""},"_links":{"self":[{"href":"https:\/\/www.europesays.com\/fr\/wp-json\/wp\/v2\/posts\/230598","targetHints":{"allow":["GET"]}}],"collection":[{"href":"https:\/\/www.europesays.com\/fr\/wp-json\/wp\/v2\/posts"}],"about":[{"href":"https:\/\/www.europesays.com\/fr\/wp-json\/wp\/v2\/types\/post"}],"author":[{"embeddable":true,"href":"https:\/\/www.europesays.com\/fr\/wp-json\/wp\/v2\/users\/2"}],"replies":[{"embeddable":true,"href":"https:\/\/www.europesays.com\/fr\/wp-json\/wp\/v2\/comments?post=230598"}],"version-history":[{"count":0,"href":"https:\/\/www.europesays.com\/fr\/wp-json\/wp\/v2\/posts\/230598\/revisions"}],"wp:featuredmedia":[{"embeddable":true,"href":"https:\/\/www.europesays.com\/fr\/wp-json\/wp\/v2\/media\/230599"}],"wp:attachment":[{"href":"https:\/\/www.europesays.com\/fr\/wp-json\/wp\/v2\/media?parent=230598"}],"wp:term":[{"taxonomy":"category","embeddable":true,"href":"https:\/\/www.europesays.com\/fr\/wp-json\/wp\/v2\/categories?post=230598"},{"taxonomy":"post_tag","embeddable":true,"href":"https:\/\/www.europesays.com\/fr\/wp-json\/wp\/v2\/tags?post=230598"}],"curies":[{"name":"wp","href":"https:\/\/api.w.org\/{rel}","templated":true}]}}