{"id":230608,"date":"2025-07-06T14:20:10","date_gmt":"2025-07-06T14:20:10","guid":{"rendered":"https:\/\/www.europesays.com\/fr\/230608\/"},"modified":"2025-07-06T14:20:10","modified_gmt":"2025-07-06T14:20:10","slug":"la-police-enquete-apres-une-nuit-cauchemardesque-chez-cofidis","status":"publish","type":"post","link":"https:\/\/www.europesays.com\/fr\/230608\/","title":{"rendered":"la police enqu\u00eate apr\u00e8s une nuit cauchemardesque chez Cofidis"},"content":{"rendered":"<p><strong>LE SCAN SPORT &#8211; <\/strong>L\u2019\u00e9quipe fran\u00e7aise a d\u00e9plor\u00e9 un cambriolage et le vol de onze v\u00e9los durant la nuit de samedi \u00e0 dimanche.<\/p>\n<p class=\"fig-paragraph\">Les lendemains de jour de f\u00eate sont difficiles pour l\u2019\u00e9quipe Cofidis. Apr\u00e8s avoir c\u00e9l\u00e9br\u00e9\u00a0<a href=\"http:\/\/www.lefigaro.fr\/sports\/cyclisme\/tour-de-france\/tour-de-france-le-sprint-letal-de-philipsen-l-erreur-de-thomas-les-tops-et-les-flops-de-la-1re-etape-autour-de-lille-20250705\" data-fig-type=\"NewsFlash\" data-gtm-custom-categorie=\"navigation\" data-gtm-custom-action=\"crossclick\" data-gtm-custom-label=\"Contextuel\" data-gtm-event=\"customEventSPE\" data-fig-domain=\"LEFIGARO\" target=\"_blank\" rel=\"noopener\">la prise du maillot \u00e0 pois par Benjamin Thomas<\/a>\u00a0\u00e0 l\u2019issue de la premi\u00e8re \u00e9tape \u00e0 Lille, la formation nordiste a eu la douleur de constater que ses camions avaient \u00e9t\u00e9 cambriol\u00e9s dans la nuit\u00a0<a href=\"https:\/\/www.lefigaro.fr\/sports\/cyclisme\/tour-de-france\/en-direct-tour-de-france-2025-suivez-la-deuxieme-etape-avec-un-depart-inedit-a-lewin-planque-20250706\" data-fig-type=\"Live\" data-gtm-custom-categorie=\"navigation\" data-gtm-custom-action=\"crossclick\" data-gtm-custom-label=\"Contextuel\" data-gtm-event=\"customEventSPE\" data-fig-domain=\"LEFIGARO\" target=\"_blank\" rel=\"noopener\">avant le d\u00e9part de la deuxi\u00e8me \u00e9tape<\/a>. La porte du camion-atelier a \u00e9t\u00e9 forc\u00e9e et onze v\u00e9los ont \u00e9t\u00e9 d\u00e9rob\u00e9s.<\/p>\n<p>Chaque v\u00e9lo est vendu 14.000 euros environ<\/p>\n<p class=\"fig-paragraph\">La formation fran\u00e7aise a pr\u00e9cis\u00e9 qu\u2019un dispositif de s\u00e9curit\u00e9 avait pourtant \u00e9t\u00e9 mis en place \u00e0 l\u2019h\u00f4tel. \u00abDes membres de la police se sont rendus \u00e0 l\u2019h\u00f4tel dans la matin\u00e9e afin de constater l\u2019infraction et d\u00e9buter leur investigation\u00bb, a pr\u00e9cis\u00e9 l\u2019\u00e9quipe de C\u00e9dric Vasseur qui a \u00abcondamn\u00e9 fermement cet acte d\u2019incivilit\u00e9 en appelant les auteurs de ces faits au civisme et \u00e0 la responsabilit\u00e9.\u00bb\u00a0<\/p>\n<p>                                    <a class=\"fig-a11y-skip a11y-hidden\" href=\"#fig-a11y-skip-main-inarticle\"><br \/>\n        Passer la publicit\u00e9<br \/>\n    <\/a><\/p>\n<p class=\"fig-paragraph\">Le montant du pr\u00e9judice n\u2019a pas \u00e9t\u00e9 pr\u00e9cis\u00e9 mais le nouveau v\u00e9lo utilis\u00e9 par Cofidis sur la Grande Boucle est commercialis\u00e9 au tarif de 13.999 euros. Le service course \u00e9tant install\u00e9 dans le nord de la France, l\u2019\u00e9quipe a rapidement pu \u00eatre approvisionn\u00e9e en nouveaux v\u00e9los.<\/p>\n<p>Les vols de v\u00e9lo, hantise des \u00e9quipes professionnelles<\/p>\n<p class=\"fig-paragraph\">Malgr\u00e9 une vigilance accrue, les vols de v\u00e9los sont de plus en plus fr\u00e9quents au sein des \u00e9quipes cyclistes lors des grandes comp\u00e9titions, \u00e0 chaque fois lorsque les camions stationnent sur les parkings des \u00e9tablissements h\u00f4teliers. En 2024,\u00a0<a href=\"http:\/\/www.lefigaro.fr\/sports\/cyclisme\/tour-de-france\/tour-de-france-l-equipe-totalenergies-cambriolee-150-000-euros-de-prejudice-estime-20240711\" data-fig-type=\"NewsFlash\" data-gtm-custom-categorie=\"navigation\" data-gtm-custom-action=\"crossclick\" data-gtm-custom-label=\"Contextuel\" data-gtm-event=\"customEventSPE\" data-fig-domain=\"LEFIGARO\" target=\"_blank\" rel=\"noopener\">l\u2019\u00e9quipe TotalEnergies avait subi le m\u00eame sort avant la 12e \u00e9tape<\/a>. Onze v\u00e9los, chacun d\u2019une valeur d\u2019environ 14 000 euros, avaient \u00e9t\u00e9 d\u00e9rob\u00e9s.<\/p>\n","protected":false},"excerpt":{"rendered":"LE SCAN SPORT &#8211; L\u2019\u00e9quipe fran\u00e7aise a d\u00e9plor\u00e9 un cambriolage et le vol de onze v\u00e9los durant la&hellip;\n","protected":false},"author":2,"featured_media":230609,"comment_status":"","ping_status":"","sticky":false,"template":"","format":"standard","meta":{"footnotes":""},"categories":[9],"tags":[36937,1011,27,4977,60,210],"class_list":{"0":"post-230608","1":"post","2":"type-post","3":"status-publish","4":"format-standard","5":"has-post-thumbnail","7":"category-sports","8":"tag-cofidis","9":"tag-fr","10":"tag-france","11":"tag-le-scan-sport","12":"tag-sports","13":"tag-tour-de-france"},"share_on_mastodon":{"url":"https:\/\/pubeurope.com\/@fr\/114806733071352325","error":""},"_links":{"self":[{"href":"https:\/\/www.europesays.com\/fr\/wp-json\/wp\/v2\/posts\/230608","targetHints":{"allow":["GET"]}}],"collection":[{"href":"https:\/\/www.europesays.com\/fr\/wp-json\/wp\/v2\/posts"}],"about":[{"href":"https:\/\/www.europesays.com\/fr\/wp-json\/wp\/v2\/types\/post"}],"author":[{"embeddable":true,"href":"https:\/\/www.europesays.com\/fr\/wp-json\/wp\/v2\/users\/2"}],"replies":[{"embeddable":true,"href":"https:\/\/www.europesays.com\/fr\/wp-json\/wp\/v2\/comments?post=230608"}],"version-history":[{"count":0,"href":"https:\/\/www.europesays.com\/fr\/wp-json\/wp\/v2\/posts\/230608\/revisions"}],"wp:featuredmedia":[{"embeddable":true,"href":"https:\/\/www.europesays.com\/fr\/wp-json\/wp\/v2\/media\/230609"}],"wp:attachment":[{"href":"https:\/\/www.europesays.com\/fr\/wp-json\/wp\/v2\/media?parent=230608"}],"wp:term":[{"taxonomy":"category","embeddable":true,"href":"https:\/\/www.europesays.com\/fr\/wp-json\/wp\/v2\/categories?post=230608"},{"taxonomy":"post_tag","embeddable":true,"href":"https:\/\/www.europesays.com\/fr\/wp-json\/wp\/v2\/tags?post=230608"}],"curies":[{"name":"wp","href":"https:\/\/api.w.org\/{rel}","templated":true}]}}