{"id":230616,"date":"2025-07-06T14:24:11","date_gmt":"2025-07-06T14:24:11","guid":{"rendered":"https:\/\/www.europesays.com\/fr\/230616\/"},"modified":"2025-07-06T14:24:11","modified_gmt":"2025-07-06T14:24:11","slug":"un-groupe-arme-palestinien-reconnait-cooperer-avec-larmee-israelienne","status":"publish","type":"post","link":"https:\/\/www.europesays.com\/fr\/230616\/","title":{"rendered":"un groupe arm\u00e9 palestinien reconna\u00eet coop\u00e9rer avec l&rsquo;arm\u00e9e isra\u00e9lienne"},"content":{"rendered":"<p>Le chef d\u2019un clan palestinien oppos\u00e9 au Hamas, Yasser Abou Chabab, a reconnu que ses actions contre le Hamas se font avec le soutien d\u2019Isra\u00ebl.<\/p>\n<p class=\"fig-paragraph\">Le chef d&rsquo;un groupe arm\u00e9 palestinien oppos\u00e9 au Hamas a reconnu dimanche dans un entretien diffus\u00e9 par une radio isra\u00e9lienne qu&rsquo;il coop\u00e8re avec l&rsquo;arm\u00e9e isra\u00e9lienne pour mener des actions dans le sud de la bande de Gaza.<\/p>\n<p class=\"fig-paragraph\">Ce territoire palestinien est le th\u00e9\u00e2tre d&rsquo;une guerre depuis 21 mois entre Isra\u00ebl et le Hamas, d\u00e9clench\u00e9e par une attaque sans pr\u00e9c\u00e9dent du mouvement islamiste contre Isra\u00ebl le 7 octobre 2023.<\/p>\n<p>                                    <a class=\"fig-a11y-skip a11y-hidden\" href=\"#fig-a11y-skip-main-inarticle\"><br \/>\n        Passer la publicit\u00e9<br \/>\n    <\/a><\/p>\n<p class=\"fig-paragraph\">Yasser Abou Chabab affirme pouvoir se d\u00e9placer \u00ablibrement\u00bb dans les zones sous contr\u00f4le de l&rsquo;arm\u00e9e isra\u00e9lienne, avec laquelle il dit communiquer avant les op\u00e9rations de son groupe arm\u00e9.<\/p>\n<p class=\"fig-paragraph\">\u00abNous les tenons juste inform\u00e9s, mais nous menons seuls les actions militaires\u00bb, dit-il dans un entretien \u00e0 Makan, la radio publique isra\u00e9lienne en langue arabe.<\/p>\n<p class=\"fig-body-link\">\n            \u00c0 lire aussi<br \/>\n        <a class=\"fig-body-link__link\" href=\"http:\/\/www.lefigaro.fr\/international\/gaza-benyamin-netanyahou-jure-d-eliminer-le-hamas-jusqu-a-la-racine-20250702\" data-fig-type=\"NewsFlash\" data-gtm-custom-categorie=\"navigation\" data-gtm-custom-action=\"crossclick\" data-gtm-custom-label=\"Contextuel\" data-gtm-event=\"customEventSPE\" data-fig-domain=\"LEFIGARO\" target=\"_blank\" rel=\"noopener\">Gaza\u00a0: Benyamin Netanyahou jure d&rsquo;\u00e9liminer le Hamas \u00abjusqu&rsquo;\u00e0 la racine\u00bb<br \/>\n    <\/a>\n<\/p>\n<p class=\"fig-paragraph\">Le chef du groupe arm\u00e9 \u00e9voque \u00abun soutien logique et financier venant de plusieurs parties\u00bb, sans citer directement Isra\u00ebl. \u00abIl y a des choses dont nous ne pouvons pas parler publiquement\u00bb.<\/p>\n<p class=\"fig-paragraph\">Les autorit\u00e9s isra\u00e9liennes avaient reconnu en juin soutenir et armer un clan palestinien oppos\u00e9 au Hamas, sans nommer directement celui dirig\u00e9 par Yasser Abou Chabab.<\/p>\n<p class=\"fig-paragraph\">\u00abNous agissons de diverses mani\u00e8res contre le gouvernement du Hamas\u00bb, avait dit le porte-parole de l&rsquo;arm\u00e9e isra\u00e9lienne Effie Defrin.<\/p>\n<p>                                    <a class=\"fig-a11y-skip a11y-hidden\" href=\"#fig-a11y-skip-main-inarticle_mtf\"><br \/>\n        Passer la publicit\u00e9<br \/>\n    <\/a><\/p>\n<p class=\"fig-paragraph\">Le Conseil europ\u00e9en pour les relations internationales (ECFR) d\u00e9crit M. Abou Chabab comme le chef d&rsquo;un \u00abgang criminel\u00bb op\u00e9rant dans la r\u00e9gion de Rafah &#8211; une ville \u00e0 cheval entre la bande de Gaza et l&rsquo;\u00c9gypte &#8211; et accus\u00e9 de piller des camions d&rsquo;aide humanitaire \u00e0 Gaza.<\/p>\n<p class=\"fig-paragraph\">\u00abNous n&rsquo;appartenons \u00e0 aucune id\u00e9ologie ou organisation politique\u00bb, soutient Yasser Abou Chabab dans son entretien avec Makan, disant lutter contre \u00abl&rsquo;injustice\u00bb et la \u00abcorruption\u00bb du Hamas qui a pris le pouvoir \u00e0 Gaza en 2007.<\/p>\n<p class=\"fig-paragraph\">\u00abNous continuerons \u00e0 nous battre, peu importe le sang vers\u00e9\u00bb, ajoute-t-il. \u00abEn ce moment, le Hamas est en train d&rsquo;agoniser. Ils savent que leur fin est proche\u00bb.<\/p>\n<p class=\"fig-paragraph\">Une cour militaire d\u00e9pendant du Hamas a donn\u00e9 mercredi dix jours \u00e0 M. Abou Chabab pour se rendre afin d&rsquo;\u00eatre jug\u00e9.<\/p>\n<p class=\"fig-paragraph\">Un groupe de plusieurs mouvements palestiniens a accus\u00e9 dimanche sa milice, nomm\u00e9e les \u00abForces populaires\u00bb, de \u00abcollaborer sans honte avec l&rsquo;ennemi\u00bb.<\/p>\n<p>                                    <a class=\"fig-a11y-skip a11y-hidden\" href=\"#fig-a11y-skip-main-inarticle_btf\"><br \/>\n        Passer la publicit\u00e9<br \/>\n    <\/a><\/p>\n<p class=\"fig-paragraph\">\u00abIls sont rejet\u00e9s par l&rsquo;ensemble de notre peuple\u00bb, a affirm\u00e9 ce groupe dans un communiqu\u00e9. \u00abNous ne leur accorderons aucune cl\u00e9mence, ni \u00e0 quiconque suit leurs traces en aidant l&rsquo;occupation (isra\u00e9lienne). Ils seront trait\u00e9s comme il se doit, en tra\u00eetres et collaborateurs\u00bb.<\/p>\n","protected":false},"excerpt":{"rendered":"Le chef d\u2019un clan palestinien oppos\u00e9 au Hamas, Yasser Abou Chabab, a reconnu que ses actions contre le&hellip;\n","protected":false},"author":2,"featured_media":230617,"comment_status":"","ping_status":"","sticky":false,"template":"","format":"standard","meta":{"footnotes":""},"categories":[5],"tags":[11,1011,27,3519,14,12,28],"class_list":{"0":"post-230616","1":"post","2":"type-post","3":"status-publish","4":"format-standard","5":"has-post-thumbnail","7":"category-international","8":"tag-actualites","9":"tag-fr","10":"tag-france","11":"tag-hamas","12":"tag-international","13":"tag-news","14":"tag-world"},"share_on_mastodon":{"url":"https:\/\/pubeurope.com\/@fr\/114806748822776393","error":""},"_links":{"self":[{"href":"https:\/\/www.europesays.com\/fr\/wp-json\/wp\/v2\/posts\/230616","targetHints":{"allow":["GET"]}}],"collection":[{"href":"https:\/\/www.europesays.com\/fr\/wp-json\/wp\/v2\/posts"}],"about":[{"href":"https:\/\/www.europesays.com\/fr\/wp-json\/wp\/v2\/types\/post"}],"author":[{"embeddable":true,"href":"https:\/\/www.europesays.com\/fr\/wp-json\/wp\/v2\/users\/2"}],"replies":[{"embeddable":true,"href":"https:\/\/www.europesays.com\/fr\/wp-json\/wp\/v2\/comments?post=230616"}],"version-history":[{"count":0,"href":"https:\/\/www.europesays.com\/fr\/wp-json\/wp\/v2\/posts\/230616\/revisions"}],"wp:featuredmedia":[{"embeddable":true,"href":"https:\/\/www.europesays.com\/fr\/wp-json\/wp\/v2\/media\/230617"}],"wp:attachment":[{"href":"https:\/\/www.europesays.com\/fr\/wp-json\/wp\/v2\/media?parent=230616"}],"wp:term":[{"taxonomy":"category","embeddable":true,"href":"https:\/\/www.europesays.com\/fr\/wp-json\/wp\/v2\/categories?post=230616"},{"taxonomy":"post_tag","embeddable":true,"href":"https:\/\/www.europesays.com\/fr\/wp-json\/wp\/v2\/tags?post=230616"}],"curies":[{"name":"wp","href":"https:\/\/api.w.org\/{rel}","templated":true}]}}