{"id":230618,"date":"2025-07-06T14:25:09","date_gmt":"2025-07-06T14:25:09","guid":{"rendered":"https:\/\/www.europesays.com\/fr\/230618\/"},"modified":"2025-07-06T14:25:09","modified_gmt":"2025-07-06T14:25:09","slug":"emmanuel-macron-prisonnier-du-piege-dans-lequel-il-sest-lui-meme-enferme","status":"publish","type":"post","link":"https:\/\/www.europesays.com\/fr\/230618\/","title":{"rendered":"Emmanuel Macron prisonnier du pi\u00e8ge dans lequel il s\u2019est lui-m\u00eame enferm\u00e9"},"content":{"rendered":"<p><strong>D\u00c9CRYPTAGE &#8211; <\/strong>Depuis 2017, le chef de l&rsquo;\u00c9tat a tent\u00e9 par un travail m\u00e9moriel soutenu d&rsquo;\u00e9tablir une relation apais\u00e9e avec Alger. Une strat\u00e9gie conciliante qui n&rsquo;a pas port\u00e9 ses fruits et qui alimente les critiques des tenants du rapport de force.<\/p>\n<p class=\"fig-paragraph\">Si Boualem Sansal est\u00a0<a href=\"http:\/\/www.lefigaro.fr\/international\/on-ne-gracie-pas-un-traitre-la-presse-algerienne-fustige-la-position-francaise-sur-le-dossier-sansal-20250705\" data-fig-type=\"Article\" data-gtm-custom-categorie=\"navigation\" data-gtm-custom-action=\"crossclick\" data-gtm-custom-label=\"Contextuel\" data-gtm-event=\"customEventSPE\" data-fig-domain=\"LEFIGARO\" target=\"_blank\" rel=\"noopener\">prisonnier du r\u00e9gime alg\u00e9rien<\/a>, ne serait-il pas aussi une victime collat\u00e9rale du \u00aben m\u00eame temps\u00bb\u00a0? Apr\u00e8s plus de 230 jours de captivit\u00e9, le sort de l&rsquo;\u00e9crivain &#8211; \u00e0 qui Emmanuel Macron a accord\u00e9 la nationalit\u00e9 fran\u00e7aise d\u00e9but 2024 &#8211; illustre dramatiquement le d\u00e9ni dans lequel l\u2019\u00c9lys\u00e9e s\u2019enferme. Priv\u00e9 de la gr\u00e2ce pr\u00e9sidentielle qu\u2019Abdelmadjid Tebboune et ses \u00e9mules lui avaient fait miroiter, l\u2019octog\u00e9naire, atteint d\u2019un cancer, est devenu malgr\u00e9 lui un martyr. Le symbole d\u2019une libert\u00e9 d\u2019expression dont les Lumi\u00e8res \u00e9blouissent les obscurantistes, et que les islamistes cherchent \u00e0 museler partout dans le monde. Mais alors qu\u2019un vieil homme malade s\u2019appr\u00eate, de l\u2019autre c\u00f4t\u00e9 de la M\u00e9diterran\u00e9e, \u00e0 entamer son huiti\u00e8me mois derri\u00e8re les barreaux, Paris n\u2019a pour l\u2019instant montr\u00e9 aucun signe de durcissement. Tant pis si la strat\u00e9gie actuelle, consistant \u00e0 privil\u00e9gier le dialogue souterrain<a href=\"http:\/\/www.lefigaro.fr\/international\/boualem-sansal-ou-les-illusions-perdues-de-la-diplomatie-francaise-20250705\" data-fig-type=\"Article\" data-gtm-custom-categorie=\"navigation\" data-gtm-custom-action=\"crossclick\" data-gtm-custom-label=\"Contextuel\" data-gtm-event=\"customEventSPE\" data-fig-domain=\"LEFIGARO\" target=\"_blank\" rel=\"noopener\">\u00a0plut\u00f4t que d\u2019assumer le bras de fer \u00e0 ciel ouvert, est jusqu&rsquo;ici inefficace<\/a>. Tant\u2026<\/p>\n<p class=\"fig-premium-paywall__infos\">\n        Cet article est r\u00e9serv\u00e9 aux abonn\u00e9s.        Il vous reste 89% \u00e0 d\u00e9couvrir.\n    <\/p>\n<p>                <img  data- alt=\"Le Figaro\" class=\"fig-img--complete fig-img\"\/><\/p>\n<p class=\"fig-premium-paywall__title\">Vous avez envie de lire la suite ?<\/p>\n<p class=\"fig-premium-paywall__subtitle\">D\u00e9bloquez tous les articles imm\u00e9diatement.<\/p>\n<p class=\"fig-premium-paywall__connect\">\n                D\u00e9j\u00e0 abonn\u00e9\u00a0?                <a class=\"fig-premium-paywall__connect-link\" href=\"https:\/\/connect.lefigaro.fr\/login?client=horizon_web&amp;type=main&amp;redirect_uri=https%3A%2F%2Fwww.lefigaro.fr%2Fpolitique%2Falgerie-emmanuel-macron-prisonnier-du-piege-dans-lequel-il-s-est-lui-meme-enferme-20250706\" data-js-gtm=\"{&quot;customCategorie&quot;: &quot;conversion&quot;, &quot;customAction&quot;: &quot;before_Landing_Connexion_paywall_auto&quot;, &quot;customLabel&quot;: &quot;bGVmaWdhcm8uZnJfXzFmMDU5OGEwLTJlOWEtNjUyYS1hOTJiLTNkNDQ0OTI4ZTYzMV9fQXJ0aWNsZQ==_Alg\u00e9rie\u00a0: Emmanuel Macron prisonnier du pi\u00e8ge dans lequel il s\u2019est lui-m\u00eame enferm\u00e9_1000&quot;, &quot;customIDSPE&quot;: &quot;bGVmaWdhcm8uZnJfXzFmMDU5OGEwLTJlOWEtNjUyYS1hOTJiLTNkNDQ0OTI4ZTYzMV9fQXJ0aWNsZQ==&quot;, &quot;event&quot;: &quot;customEventSPE&quot;}\" target=\"_blank\" rel=\"noopener\"><br \/>\n                    Connectez-vous<br \/>\n                <\/a>\n            <\/p>\n","protected":false},"excerpt":{"rendered":"D\u00c9CRYPTAGE &#8211; Depuis 2017, le chef de l&rsquo;\u00c9tat a tent\u00e9 par un travail m\u00e9moriel soutenu d&rsquo;\u00e9tablir une relation&hellip;\n","protected":false},"author":2,"featured_media":230619,"comment_status":"","ping_status":"","sticky":false,"template":"","format":"standard","meta":{"footnotes":""},"categories":[4],"tags":[11,15,4142,1073,1011,27,12,25],"class_list":{"0":"post-230618","1":"post","2":"type-post","3":"status-publish","4":"format-standard","5":"has-post-thumbnail","7":"category-france","8":"tag-actualites","9":"tag-algerie","10":"tag-boualem-sansal","11":"tag-emmanuel-macron","12":"tag-fr","13":"tag-france","14":"tag-news","15":"tag-republique-francaise"},"share_on_mastodon":{"url":"https:\/\/pubeurope.com\/@fr\/114806752797611224","error":""},"_links":{"self":[{"href":"https:\/\/www.europesays.com\/fr\/wp-json\/wp\/v2\/posts\/230618","targetHints":{"allow":["GET"]}}],"collection":[{"href":"https:\/\/www.europesays.com\/fr\/wp-json\/wp\/v2\/posts"}],"about":[{"href":"https:\/\/www.europesays.com\/fr\/wp-json\/wp\/v2\/types\/post"}],"author":[{"embeddable":true,"href":"https:\/\/www.europesays.com\/fr\/wp-json\/wp\/v2\/users\/2"}],"replies":[{"embeddable":true,"href":"https:\/\/www.europesays.com\/fr\/wp-json\/wp\/v2\/comments?post=230618"}],"version-history":[{"count":0,"href":"https:\/\/www.europesays.com\/fr\/wp-json\/wp\/v2\/posts\/230618\/revisions"}],"wp:featuredmedia":[{"embeddable":true,"href":"https:\/\/www.europesays.com\/fr\/wp-json\/wp\/v2\/media\/230619"}],"wp:attachment":[{"href":"https:\/\/www.europesays.com\/fr\/wp-json\/wp\/v2\/media?parent=230618"}],"wp:term":[{"taxonomy":"category","embeddable":true,"href":"https:\/\/www.europesays.com\/fr\/wp-json\/wp\/v2\/categories?post=230618"},{"taxonomy":"post_tag","embeddable":true,"href":"https:\/\/www.europesays.com\/fr\/wp-json\/wp\/v2\/tags?post=230618"}],"curies":[{"name":"wp","href":"https:\/\/api.w.org\/{rel}","templated":true}]}}